{"id":2206,"date":"2020-09-06T10:43:27","date_gmt":"2020-09-06T08:43:27","guid":{"rendered":"http:\/\/www.czechcyclingfederation.com\/?p=2206"},"modified":"2020-09-14T17:09:08","modified_gmt":"2020-09-14T15:09:08","slug":"zemrel-jiri-dohnal","status":"publish","type":"post","link":"https:\/\/www.czechcyclingfederation.com\/en\/zemrel-jiri-dohnal\/","title":{"rendered":"Zem\u0159el Ji\u0159\u00ed Dohnal"},"content":{"rendered":"\n<p><\/p>\n\n\n\n<p>Jiho\u010desk\u00e1 cyklistika p\u0159i\u0161la o opravdov\u00e9ho nad\u0161ence. Ve v\u011bku 68 let zem\u0159el n\u00e1hle dlouholet\u00fd cyklistick\u00fd funkcion\u00e1\u0159, rozhod\u010d\u00ed a propag\u00e1tor tohoto sportu Ji\u0159\u00ed Dohnal z Jind\u0159ichova Hradce. Pr\u00e1v\u011b sledoval leto\u0161n\u00ed ro\u010dn\u00edk Tour de France, do konce u\u017e spole\u010dn\u011b s cyklisty nedojel.<\/p>\n\n\n\n<p>Dlouholet\u00fd p\u0159edseda Jiho\u010desk\u00e9ho svazu cyklistiky, kter\u00fd naposledy p\u016fsobil v roli m\u00edstop\u0159edsedy, je\u0161t\u011b v polovin\u011b pr\u00e1zdnin pom\u00e1hal jako rozhod\u010d\u00ed p\u0159i organizaci T\u00e1borsk\u00fdch okruh\u016f Aktivn\u011b se pod\u00edlel tak\u00e9 na chodu jiho\u010desk\u00e9 sekce \u010cesk\u00e9 unie sportu. \u201eJe to pro n\u00e1s zdrcuj\u00edc\u00ed zpr\u00e1va,\u201c reagoval t\u00e1borsk\u00fd cyklistick\u00fd expert Stanislav Bambula.<\/p>\n\n\n\n<p>\u201eJirka byl nejen uzn\u00e1van\u00fd rozhod\u010d\u00ed, ale \u00fa\u017easn\u00fd kamar\u00e1d, obrovsk\u00fd pracant. Je to pro n\u00e1s neskute\u010dn\u00e1 ztr\u00e1ta, pom\u00e1hal tak\u00e9 jako hospod\u00e1\u0159, moc jsme si v\u017edy v\u00e1\u017eili jeho pr\u00e1ce. Hlavn\u011b ale byl srdcem obrovsk\u00fd cyklista,\u201c dodal smutn\u011b Stanislav Bambula.<\/p>\n\n\n\n<p>Posledn\u00ed rozlou\u010den\u00ed s jedn\u00edm z tradi\u010dn\u00edch \u010dlen\u016f jind\u0159ichohradeck\u00e9ho cyklistick\u00e9ho klubu Ji\u0159\u00edm Dohnalem se uskute\u010dn\u00ed ve st\u0159edu 9. z\u00e1\u0159\u00ed ve 14:00 v kostele sv. V\u00e1clava v Jind\u0159ichov\u011b Hradci.<\/p>\n","protected":false},"excerpt":{"rendered":"<p>Jiho\u010desk\u00e1 cyklistika p\u0159i\u0161la o opravdov\u00e9ho nad\u0161ence. Ve v\u011bku 68 let zem\u0159el n\u00e1hle dlouholet\u00fd cyklistick\u00fd funkcion\u00e1\u0159, rozhod\u010d\u00ed a propag\u00e1tor tohoto sportu Ji\u0159\u00ed Dohnal z Jind\u0159ichova Hradce. Pr\u00e1v\u011b sledoval leto\u0161n\u00ed ro\u010dn\u00edk Tour de France, do konce u\u017e spole\u010dn\u011b s cyklisty nedojel. Dlouholet\u00fd p\u0159edseda Jiho\u010desk\u00e9ho svazu cyklistiky, kter\u00fd naposledy p\u016fsobil v roli m\u00edstop\u0159edsedy, je\u0161t\u011b v polovin\u011b pr\u00e1zdnin pom\u00e1hal [&hellip;]<\/p>\n","protected":false},"author":8,"featured_media":2207,"comment_status":"closed","ping_status":"open","sticky":false,"template":"","format":"standard","meta":{"footnotes":""},"categories":[28,2],"tags":[],"class_list":["post-2206","post","type-post","status-publish","format-standard","has-post-thumbnail","hentry","category-cesky-svaz-cyklistiky","category-novinky"],"_links":{"self":[{"href":"https:\/\/www.czechcyclingfederation.com\/en\/wp-json\/wp\/v2\/posts\/2206","targetHints":{"allow":["GET"]}}],"collection":[{"href":"https:\/\/www.czechcyclingfederation.com\/en\/wp-json\/wp\/v2\/posts"}],"about":[{"href":"https:\/\/www.czechcyclingfederation.com\/en\/wp-json\/wp\/v2\/types\/post"}],"author":[{"embeddable":true,"href":"https:\/\/www.czechcyclingfederation.com\/en\/wp-json\/wp\/v2\/users\/8"}],"replies":[{"embeddable":true,"href":"https:\/\/www.czechcyclingfederation.com\/en\/wp-json\/wp\/v2\/comments?post=2206"}],"version-history":[{"count":1,"href":"https:\/\/www.czechcyclingfederation.com\/en\/wp-json\/wp\/v2\/posts\/2206\/revisions"}],"predecessor-version":[{"id":2208,"href":"https:\/\/www.czechcyclingfederation.com\/en\/wp-json\/wp\/v2\/posts\/2206\/revisions\/2208"}],"wp:featuredmedia":[{"embeddable":true,"href":"https:\/\/www.czechcyclingfederation.com\/en\/wp-json\/wp\/v2\/media\/2207"}],"wp:attachment":[{"href":"https:\/\/www.czechcyclingfederation.com\/en\/wp-json\/wp\/v2\/media?parent=2206"}],"wp:term":[{"taxonomy":"category","embeddable":true,"href":"https:\/\/www.czechcyclingfederation.com\/en\/wp-json\/wp\/v2\/categories?post=2206"},{"taxonomy":"post_tag","embeddable":true,"href":"https:\/\/www.czechcyclingfederation.com\/en\/wp-json\/wp\/v2\/tags?post=2206"}],"curies":[{"name":"wp","href":"https:\/\/api.w.org\/{rel}","templated":true}]}}