{"id":2198,"date":"2020-09-04T22:13:16","date_gmt":"2020-09-04T20:13:16","guid":{"rendered":"http:\/\/www.czechcyclingfederation.com\/?p=2198"},"modified":"2020-09-07T17:04:31","modified_gmt":"2020-09-07T15:04:31","slug":"dve-ceska-vitezstvi-v-uvodni-den-framaru","status":"publish","type":"post","link":"https:\/\/www.czechcyclingfederation.com\/en\/dve-ceska-vitezstvi-v-uvodni-den-framaru\/","title":{"rendered":"Dv\u011b \u010desk\u00e1 v\u00edt\u011bzstv\u00ed v \u00favodn\u00ed den Framaru"},"content":{"rendered":"\n<p><\/p>\n\n\n\n<p>Dv\u011b \u010desk\u00e1 v\u00edt\u011bzstv\u00ed vid\u011bli div\u00e1ci v elitn\u00edch kategori\u00edch v \u00favodn\u00ed den 78. ro\u010dn\u00edku dr\u00e1hov\u00fdch z\u00e1vod\u016f Framar v Praze na T\u0159ebe\u0161\u00edn\u011b. Postarali se o n\u011b Jan Kraus z Dukly Praha ve st\u00edhac\u00edm z\u00e1vodu a jeho t\u00fdmov\u00e9 kolegyn\u011b Petra \u0160ev\u010d\u00edkov\u00e1 s Kate\u0159inou Kohoutkovou v madisonu.<\/p>\n\n\n\n<p>Kraus vyhr\u00e1l \u010dasem 4:42,013, druh\u00fd Nicolas Pietrula (Dukla Praha) za n\u00edm zaostal vte\u0159inu a p\u016fl. Madison vyhr\u00e1li Italov\u00e9 Stefano Moro a Matia Pinazzi, \u010ce\u0161i Denis Rugovac a Pavel Kelemen skon\u010dili t\u0159et\u00ed.<\/p>\n\n\n\n<p>Omnium \u017een vyhr\u00e1la jasn\u011b norsk\u00e1 z\u00e1vodnice Anita Stenbergov\u00e1, spolu s n\u00ed vystoupily na stupn\u011b v\u00edt\u011bzek Petra \u0160ev\u010d\u00edkov\u00e1 a Kate\u0159ina Kohoutkov\u00e1. Dom\u00e1c\u00ed jezdci je\u0161t\u011b p\u0159idali jedno prvenstv\u00ed, v keirinu junior\u016f kraloval David Pag\u00e1\u010d z Dukly Brno.<\/p>\n\n\n\n<p>I p\u0159es od\u0159eknutou \u00fa\u010dast Ma\u010farska, Slovenska a Nizozem\u00ed kv\u016fli pandemii covid se se\u0161lo v\u00fdborn\u00e9 startovn\u00ed pole. Z\u00edtra program vrchol\u00ed omniem a keirinem mu\u017e\u016f a bodova\u010dkou \u017een. Kadety se ji\u017e p\u0159ipravuj\u00ed na juniorsk\u00e9 reprezenta\u010dn\u00ed starty a ve st\u00edhac\u00edm z\u00e1vod\u011b dru\u017estev se pokus\u00ed zlomit \u010desk\u00fd rekord. Od 13:00 startuj\u00ed doprovodn\u00e9 z\u00e1vody pro ve\u0159ejnost a ud\u00e1lost kon\u010d\u00ed rockov\u00fdm koncertem od 18:00.<\/p>\n\n\n\n<p>Mu\u017ei:<\/p>\n\n\n\n<p>St\u00edhac\u00ed z\u00e1vod:<\/p>\n\n\n\n<p>1. Kraus 4:42,013, 2. Pietrula (oba Dukla Praha) 4:43,668, 3. Schmidbauer (Rk.) 4:48,391, 4. Ferronato (It.) 4:48,725, 5. Jano\u0161 (Dukla Praha) 4:48,869, 6. Lezica (It.) 4:54,728.<\/p>\n\n\n\n<p>Madison:<\/p>\n\n\n\n<p>1. Moro, Pinazzi (It.) 55, 2. Ferronato, Lezice 31, 3. Rugovac, Kelemen (\u010cR) 26, 4. Schmidbauer, Kromoser (Rak.) 23, 5. Babor, Sm\u00e9kal (\u010cR) 13, 6. M\u00fcller, Mastaller (Rak.) 10.<\/p>\n\n\n\n<p>\u017deny:<\/p>\n\n\n\n<p>Omnium:<\/p>\n\n\n\n<p>1. Stenbergov\u00e1 (Nor.) 168, 2. \u0160ev\u010d\u00edkov\u00e1 114, 3. Kohoutkov\u00e1 113, 4. Macha\u010dov\u00e1 (v\u0161echny Dukla Praha) 109, 6. Eberhardtov\u00e1 (Rak.) 100, 6. Selvaov\u00e1 (It.) 97.<\/p>\n\n\n\n<p>Madison:<\/p>\n\n\n\n<p>1. Kohoutkov\u00e1, \u0160ev\u010d\u00edkov\u00e1 25, 2. S. D\u017eerengov\u00e1, Hejhalov\u00e1 (Dukla Praha) 14, 3. Selvaov\u00e1, Fraiegariov\u00e1 (It.) 9.<\/p>\n\n\n\n<p>Junio\u0159i:<\/p>\n\n\n\n<p>Keirin:<\/p>\n\n\n\n<p>1. David Pag\u00e1\u010d (Dukla Brno), 2. Toul (KOVO Praha), 3. Had\u00edk (SK Pet\u0159\u00edn Plze\u0148), 4. Foist (KOVO Praha), 5. Peterkov\u00e1 (Roman Kreuziger Cycling Academy), 6. Hermanov\u00e1 (Sportcomplex B\u0159eclav).<\/p>\n\n\n\n<p>FOTO KOVO Praha<\/p>\n\n\n\n<figure class=\"wp-block-image size-large\"><img loading=\"lazy\" decoding=\"async\" width=\"1024\" height=\"681\" src=\"http:\/\/www.czechcyclingfederation.com\/wp-content\/uploads\/2020\/09\/20200714_089-1024x681.jpg\" alt=\"\" class=\"wp-image-2199\" srcset=\"https:\/\/www.czechcyclingfederation.com\/wp-content\/uploads\/2020\/09\/20200714_089-1024x681.jpg 1024w, https:\/\/www.czechcyclingfederation.com\/wp-content\/uploads\/2020\/09\/20200714_089-300x200.jpg 300w, https:\/\/www.czechcyclingfederation.com\/wp-content\/uploads\/2020\/09\/20200714_089-768x511.jpg 768w, https:\/\/www.czechcyclingfederation.com\/wp-content\/uploads\/2020\/09\/20200714_089-1536x1022.jpg 1536w, https:\/\/www.czechcyclingfederation.com\/wp-content\/uploads\/2020\/09\/20200714_089-1320x878.jpg 1320w, https:\/\/www.czechcyclingfederation.com\/wp-content\/uploads\/2020\/09\/20200714_089.jpg 2048w\" sizes=\"auto, (max-width: 1024px) 100vw, 1024px\" \/><\/figure>\n","protected":false},"excerpt":{"rendered":"<p>Dv\u011b \u010desk\u00e1 v\u00edt\u011bzstv\u00ed vid\u011bli div\u00e1ci v elitn\u00edch kategori\u00edch v \u00favodn\u00ed den 78. ro\u010dn\u00edku dr\u00e1hov\u00fdch z\u00e1vod\u016f Framar v Praze na T\u0159ebe\u0161\u00edn\u011b. Postarali se o n\u011b Jan Kraus z Dukly Praha ve st\u00edhac\u00edm z\u00e1vodu a jeho t\u00fdmov\u00e9 kolegyn\u011b Petra \u0160ev\u010d\u00edkov\u00e1 s Kate\u0159inou Kohoutkovou v madisonu. Kraus vyhr\u00e1l \u010dasem 4:42,013, druh\u00fd Nicolas Pietrula (Dukla Praha) za n\u00edm zaostal [&hellip;]<\/p>\n","protected":false},"author":8,"featured_media":2199,"comment_status":"closed","ping_status":"open","sticky":false,"template":"","format":"standard","meta":{"footnotes":""},"categories":[54,2],"tags":[9],"class_list":["post-2198","post","type-post","status-publish","format-standard","has-post-thumbnail","hentry","category-draha","category-novinky","tag-draha"],"_links":{"self":[{"href":"https:\/\/www.czechcyclingfederation.com\/en\/wp-json\/wp\/v2\/posts\/2198","targetHints":{"allow":["GET"]}}],"collection":[{"href":"https:\/\/www.czechcyclingfederation.com\/en\/wp-json\/wp\/v2\/posts"}],"about":[{"href":"https:\/\/www.czechcyclingfederation.com\/en\/wp-json\/wp\/v2\/types\/post"}],"author":[{"embeddable":true,"href":"https:\/\/www.czechcyclingfederation.com\/en\/wp-json\/wp\/v2\/users\/8"}],"replies":[{"embeddable":true,"href":"https:\/\/www.czechcyclingfederation.com\/en\/wp-json\/wp\/v2\/comments?post=2198"}],"version-history":[{"count":1,"href":"https:\/\/www.czechcyclingfederation.com\/en\/wp-json\/wp\/v2\/posts\/2198\/revisions"}],"predecessor-version":[{"id":2200,"href":"https:\/\/www.czechcyclingfederation.com\/en\/wp-json\/wp\/v2\/posts\/2198\/revisions\/2200"}],"wp:featuredmedia":[{"embeddable":true,"href":"https:\/\/www.czechcyclingfederation.com\/en\/wp-json\/wp\/v2\/media\/2199"}],"wp:attachment":[{"href":"https:\/\/www.czechcyclingfederation.com\/en\/wp-json\/wp\/v2\/media?parent=2198"}],"wp:term":[{"taxonomy":"category","embeddable":true,"href":"https:\/\/www.czechcyclingfederation.com\/en\/wp-json\/wp\/v2\/categories?post=2198"},{"taxonomy":"post_tag","embeddable":true,"href":"https:\/\/www.czechcyclingfederation.com\/en\/wp-json\/wp\/v2\/tags?post=2198"}],"curies":[{"name":"wp","href":"https:\/\/api.w.org\/{rel}","templated":true}]}}