{"id":2176,"date":"2020-09-03T12:24:30","date_gmt":"2020-09-03T10:24:30","guid":{"rendered":"http:\/\/www.czechcyclingfederation.com\/?p=2176"},"modified":"2020-09-03T12:24:30","modified_gmt":"2020-09-03T10:24:30","slug":"poradatele-mtb-tour-letos-zrusili","status":"publish","type":"post","link":"https:\/\/www.czechcyclingfederation.com\/en\/poradatele-mtb-tour-letos-zrusili\/","title":{"rendered":"Po\u0159adatel\u00e9 MTB Tour letos zru\u0161ili"},"content":{"rendered":"\n<p><\/p>\n\n\n\n<p>MTB Tour \u010cesk\u00e9 st\u0159edoho\u0159\u00ed se letos nepojede. \u0160est\u00fd ro\u010dn\u00edk obl\u00edben\u00e9ho z\u00e1vodu horsk\u00fdch kol se startem i c\u00edlem v Litom\u011b\u0159ic\u00edch se po\u0159adatel\u00e9 rozhodli zru\u0161it. Nejist\u00e1 situace, nejist\u00ed partne\u0159i, k tomu vysok\u00e1 m\u00edra odpov\u011bdnosti a snaha ned\u011blat kompromis, ale pokra\u010dovat na vysok\u00e9 \u00farovni \u2013 p\u0159esn\u011b to vedlo k t\u011b\u017ek\u00e9mu rozhodnut\u00ed, \u017ee rok 2020 bude v historii z\u00e1vodu chyb\u011bt.<\/p>\n\n\n\n<p>\u201eOmlouv\u00e1me se v\u0161em cyklist\u016fm, kte\u0159\u00ed \u010dekali na spu\u0161t\u011bn\u00ed registrace, \u017ee jsme je nechali tak dlouho \u010dekat a nakonec jim nep\u0159inesli dobrou zpr\u00e1vu. Bylo to pro n\u00e1s velmi t\u011b\u017ek\u00e9 rozhodov\u00e1n\u00ed, ale p\u0159izn\u00e1m, \u017ee jsme se necht\u011bli pustit do jak\u00e9hokoli rizika, kter\u00fdm bychom ohrozili nejen zdrav\u00ed \u00fa\u010dastn\u00edk\u016f, ale tak\u00e9 dobr\u00e9 jm\u00e9no na\u0161eho z\u00e1vodu. Dlouho jsme si d\u00e1vali na misky vah r\u016fzn\u00e1 pro i proti, ale nakonec jsme dosp\u011bli k z\u00e1v\u011bru, \u017ee z\u00e1vod rad\u011bji na rok p\u0159eru\u0161\u00edme,\u201c sd\u011blil Luk\u00e1\u0161 Harv\u00e1nek, \u0159editel MTB Tour \u010cesk\u00e9 st\u0159edoho\u0159\u00ed.&nbsp;<\/p>\n\n\n\n<p>St\u00e1le popul\u00e1rn\u011bj\u0161\u00ed maraton horsk\u00fdch kol, ur\u010den\u00fd jak pro profesion\u00e1ln\u00ed jezdce tak i \u0161irokou ve\u0159ejnost a d\u011bti, se m\u011bl jet tradi\u010dn\u011b posledn\u00ed z\u00e1\u0159ijovou ned\u011bli a b\u00fdt sou\u010d\u00e1st\u00ed seri\u00e1lu Kr\u00e1l st\u0159edoho\u0159\u00ed. \u201eLeto\u0161n\u00ed rok je \u00fapln\u011b jin\u00fd a p\u0159edev\u0161\u00edm pln\u00fd negativn\u00edch zpr\u00e1v, mnohdy vyhrocen\u00fdch kv\u016fli m\u00e9di\u00edm. Mezi lidmi panuj\u00ed obavy a kolikr\u00e1t a\u017e panika. Nechci posuzovat zda opr\u00e1vn\u011bn\u011b, to mi nep\u0159\u00edslu\u0161\u00ed, ale ur\u010dit\u011b nijak zdrav\u011b. Covid-19 prost\u011b setsakramentsky zah\u00fdbal na\u0161imi \u017eivoty, zdrav\u00edm lid\u00ed i firem a t\u00edm tak\u00e9 sv\u011btem event\u016f, do kter\u00e9ho n\u00e1\u0161 cyklomaraton pat\u0159\u00ed. Stra\u0161n\u011b n\u00e1s ta situace mrz\u00ed, ale v\u011b\u0159\u00edm, \u017ee n\u00e1s v\u0161echny ud\u011bl\u00e1 siln\u011bj\u0161\u00edmi,\u201c podotkl Harv\u00e1nek.<\/p>\n\n\n\n<p>Uplynul\u00fdch p\u011bt ro\u010dn\u00edk\u016f po\u0159adatel\u00e9 ukazovali, \u017ee necht\u011bj\u00ed p\u0159ipravit pouze z\u00e1vod pro cyklistick\u00e9 nad\u0161ence. Z MTB Tour se stala sportovn\u011b-kulturn\u00ed ud\u00e1lost, kter\u00e1 m\u011bla siln\u00fd dopad na centrum m\u011bsta Litom\u011b\u0159ice. V\u017edy atraktivn\u00ed doprovodn\u00fd program p\u0159il\u00e1kal nejen amat\u00e9rsk\u00e9 jezdce, ale p\u0159edev\u0161\u00edm jejich doprovod, div\u00e1ky a d\u011bti. Loni \u0161estice vypsan\u00fdch z\u00e1vodn\u00edch distanc\u00ed d\u00e1vala \u0161anci porovnat se v\u0161em v\u011bkov\u00fdm skupin\u00e1m i \u00farovn\u00edm a to dokonce i mlad\u00fdm handbiker\u016fm.<\/p>\n\n\n\n<p>\u201eP\u011bt let pracujeme na tom, abychom p\u0159ipravili v\u017edy v\u00edce atraktivn\u00ed ro\u010dn\u00edk. S t\u00edm tak\u00e9 \u00fam\u011brn\u011b rostl n\u00e1\u0161 rozpo\u010det. Bez na\u0161ich partner\u016f ale nejsme schopni p\u0159ipravit z\u00e1vod na takov\u00e9 \u00farovni. Do posledn\u00ed chv\u00edle jsme vyjedn\u00e1vali a n\u00e1sledn\u011b si zkou\u0161eli p\u0159ipustit m\u00edru rizika, do kter\u00e9ho bychom byli ochotni zaj\u00edt, pokud bychom MTB Tour v klasick\u00e9m rozsahu uspo\u0159\u00e1dali. \u010c\u00edsla ale \u0161la proti n\u00e1m a up\u0159\u00edmn\u011b p\u0159izn\u00e1v\u00e1m, \u017ee nejsme st\u0159elci, kte\u0159\u00ed by cht\u011bli riskovat jakoukoli platebn\u00ed neschopnost. D\u00e1t v\u0161anc dobr\u00e9 jm\u00e9no z\u00e1vodu prost\u011b nechceme,\u201c dal srdce na dla\u0148 Luk\u00e1\u0161 Harv\u00e1nek.<\/p>\n\n\n\n<p>Po\u0159adatel\u00e9 p\u0159itom zva\u017eovali n\u011bkolik mo\u017enost\u00ed \u2013 uspo\u0159\u00e1dat z\u00e1vod v men\u0161\u00edm rozsahu, p\u0159ipravit virtu\u00e1ln\u00ed z\u00e1vod, posunout term\u00edn anebo pr\u00e1v\u011b leto\u0161n\u00ed ro\u010dn\u00edk zcela vypustit. Nakonec vyhr\u00e1la posledn\u00ed varianta. \u201eZ\u00e1vod od za\u010d\u00e1tku p\u0159ipravujeme proto, aby z\u00e1vodn\u00edky i n\u00e1s po\u0159adatele bavil. Jsme zvykl\u00ed d\u011blat v\u011bci naplno, aby akce m\u011bla p\u0159idanou hodnotu a byla hodnou sou\u010d\u00e1st\u00ed sportovn\u011b-kulturn\u00edho \u017eivota Litom\u011b\u0159i\u010dan\u016f. Tohle je zako\u0159en\u011bno v na\u0161\u00ed DNA a na tom hodl\u00e1me i do budoucna stav\u011bt. Jeliko\u017e jsme necht\u011bli d\u011blat kompromisy, dosp\u011bli jsme k rozhodnut\u00ed leto\u0161n\u00ed ro\u010dn\u00edk o\u017eelet a p\u0159ipravit se co nejl\u00e9pe na ten dal\u0161\u00ed. Douf\u00e1m tedy, \u017ee se v\u0161ichni v pln\u00e9 s\u00edle setk\u00e1me v roce 2021,\u201c p\u0159eje si \u0159editel z\u00e1vodu Luk\u00e1\u0161 Harv\u00e1nek. <\/p>\n\n\n\n<p>FOTO Patrik P\u00e1tek<\/p>\n\n\n\n<figure class=\"wp-block-image size-large\"><img loading=\"lazy\" decoding=\"async\" width=\"1024\" height=\"682\" src=\"https:\/\/www.czechcyclingfederation.com\/wp-content\/uploads\/2020\/09\/190929_MTB_002-1024x682.jpg\" alt=\"\" class=\"wp-image-2178\" srcset=\"https:\/\/www.czechcyclingfederation.com\/wp-content\/uploads\/2020\/09\/190929_MTB_002-1024x682.jpg 1024w, https:\/\/www.czechcyclingfederation.com\/wp-content\/uploads\/2020\/09\/190929_MTB_002-300x200.jpg 300w, https:\/\/www.czechcyclingfederation.com\/wp-content\/uploads\/2020\/09\/190929_MTB_002-768x512.jpg 768w, https:\/\/www.czechcyclingfederation.com\/wp-content\/uploads\/2020\/09\/190929_MTB_002-1536x1024.jpg 1536w, https:\/\/www.czechcyclingfederation.com\/wp-content\/uploads\/2020\/09\/190929_MTB_002-1320x880.jpg 1320w, https:\/\/www.czechcyclingfederation.com\/wp-content\/uploads\/2020\/09\/190929_MTB_002.jpg 2000w\" sizes=\"auto, (max-width: 1024px) 100vw, 1024px\" \/><\/figure>\n","protected":false},"excerpt":{"rendered":"<p>MTB Tour \u010cesk\u00e9 st\u0159edoho\u0159\u00ed se letos nepojede. \u0160est\u00fd ro\u010dn\u00edk obl\u00edben\u00e9ho z\u00e1vodu horsk\u00fdch kol se startem i c\u00edlem v Litom\u011b\u0159ic\u00edch se po\u0159adatel\u00e9 rozhodli zru\u0161it. Nejist\u00e1 situace, nejist\u00ed partne\u0159i, k tomu vysok\u00e1 m\u00edra odpov\u011bdnosti a snaha ned\u011blat kompromis, ale pokra\u010dovat na vysok\u00e9 \u00farovni \u2013 p\u0159esn\u011b to vedlo k t\u011b\u017ek\u00e9mu rozhodnut\u00ed, \u017ee rok 2020 bude v historii z\u00e1vodu [&hellip;]<\/p>\n","protected":false},"author":8,"featured_media":2177,"comment_status":"closed","ping_status":"open","sticky":false,"template":"","format":"standard","meta":{"footnotes":""},"categories":[6,2],"tags":[10],"class_list":["post-2176","post","type-post","status-publish","format-standard","has-post-thumbnail","hentry","category-mtb","category-novinky","tag-mtb"],"_links":{"self":[{"href":"https:\/\/www.czechcyclingfederation.com\/en\/wp-json\/wp\/v2\/posts\/2176","targetHints":{"allow":["GET"]}}],"collection":[{"href":"https:\/\/www.czechcyclingfederation.com\/en\/wp-json\/wp\/v2\/posts"}],"about":[{"href":"https:\/\/www.czechcyclingfederation.com\/en\/wp-json\/wp\/v2\/types\/post"}],"author":[{"embeddable":true,"href":"https:\/\/www.czechcyclingfederation.com\/en\/wp-json\/wp\/v2\/users\/8"}],"replies":[{"embeddable":true,"href":"https:\/\/www.czechcyclingfederation.com\/en\/wp-json\/wp\/v2\/comments?post=2176"}],"version-history":[{"count":1,"href":"https:\/\/www.czechcyclingfederation.com\/en\/wp-json\/wp\/v2\/posts\/2176\/revisions"}],"predecessor-version":[{"id":2179,"href":"https:\/\/www.czechcyclingfederation.com\/en\/wp-json\/wp\/v2\/posts\/2176\/revisions\/2179"}],"wp:featuredmedia":[{"embeddable":true,"href":"https:\/\/www.czechcyclingfederation.com\/en\/wp-json\/wp\/v2\/media\/2177"}],"wp:attachment":[{"href":"https:\/\/www.czechcyclingfederation.com\/en\/wp-json\/wp\/v2\/media?parent=2176"}],"wp:term":[{"taxonomy":"category","embeddable":true,"href":"https:\/\/www.czechcyclingfederation.com\/en\/wp-json\/wp\/v2\/categories?post=2176"},{"taxonomy":"post_tag","embeddable":true,"href":"https:\/\/www.czechcyclingfederation.com\/en\/wp-json\/wp\/v2\/tags?post=2176"}],"curies":[{"name":"wp","href":"https:\/\/api.w.org\/{rel}","templated":true}]}}