{"id":2171,"date":"2020-09-03T10:19:28","date_gmt":"2020-09-03T08:19:28","guid":{"rendered":"http:\/\/www.czechcyclingfederation.com\/?p=2171"},"modified":"2020-09-03T10:19:28","modified_gmt":"2020-09-03T08:19:28","slug":"registrace-na-finale-skoda-tomket-prazskeho-mtb-poharu-a-amcr-je-spustena","status":"publish","type":"post","link":"https:\/\/www.czechcyclingfederation.com\/en\/registrace-na-finale-skoda-tomket-prazskeho-mtb-poharu-a-amcr-je-spustena\/","title":{"rendered":"Registrace na fin\u00e1le \u0160KODA TOMKET Pra\u017esk\u00e9ho MTB poh\u00e1ru a AM\u010cR je spu\u0161t\u011bna"},"content":{"rendered":"\n<p><\/p>\n\n\n\n<p>Registrace na fin\u00e1lov\u00e9, p\u00e1t\u00fd a \u0161est\u00fd z\u00e1vod volno\u010dasov\u00e9ho seri\u00e1lu horsk\u00fdch kol v olympijsk\u00e9m cross country, \u0160KODA TOMKET Pra\u017esk\u00e9ho MTB poh\u00e1ru 2020 a Akademick\u00e9ho mistrovstv\u00ed \u010cesk\u00e9 republiky horsk\u00fdch kol 2020, byla spu\u0161t\u011bna.<\/p>\n\n\n\n<p>V sobotu 12. a v ned\u011bli 13. z\u00e1\u0159\u00ed se v pra\u017esk\u00e9 Libu\u0161i uskute\u010dn\u00ed fin\u00e1lov\u00e9 z\u00e1vody \u0160KODA TOMKET Pra\u017esk\u00e9ho MTB poh\u00e1ru 2020. Na obl\u00edben\u00e9 p\u0159\u00edrodn\u00ed trati se rozhodne o dr\u017eitel\u00edch unik\u00e1tn\u00edho poh\u00e1ru s pra\u017eskou dla\u017eebn\u00ed kostkou, kter\u00fd nej\u00fasp\u011b\u0161n\u011bj\u0161\u00ed jezdci obdr\u017e\u00ed na slavnostn\u00edm ve\u010deru seri\u00e1lu v p\u00e1tek 13. listopadu v Lidov\u00e9m dom\u011b Kbely.<\/p>\n\n\n\n<p>Sou\u010d\u00e1st\u00ed fin\u00e1lov\u00e9ho z\u00e1vodu bude v sobotu 12. z\u00e1\u0159\u00ed akademick\u00e9 mistrovstv\u00ed \u010cesk\u00e9 republiky. Vysoko\u0161kol\u00e1ci mus\u00ed p\u0159i registraci p\u0159edlo\u017eit platn\u00e9 potvrzen\u00ed o studiu a licenci \u010cesk\u00e9ho svazu cyklistiky. T\u0159i nej\u00fasp\u011b\u0161n\u011bj\u0161\u00ed z\u00edskaj\u00ed mistrovsk\u00e9 medaile, v\u00edt\u011bzov\u00e9 dres akademick\u00e9ho mistra a hodnotn\u00e9 ceny od partnera sout\u011b\u017ee, spole\u010dnosti Nutrend. Motivac\u00ed pro vysoko\u0161kol\u00e1ka pak m\u016f\u017ee b\u00fdt i mo\u017enost dos\u00e1hnout na n\u011bkter\u00fd z velkorys\u00fdch stipendijn\u00edch program\u016f vypsan\u00fdch pro \u00fasp\u011b\u0161n\u00e9 akademiky.<\/p>\n\n\n\n<p>S ohledem na pandemii a p\u0159ijat\u00e1 bezpe\u010dnostn\u00ed opat\u0159en\u00ed v \u010cesk\u00e9 republice po\u0159adatel\u00e9 \u017e\u00e1daj\u00ed v\u0161echny \u00fa\u010dastn\u00edky o omezen\u00ed pobytu v prostoru z\u00e1vodi\u0161t\u011b jen na dobu nezbytnou pro absolvov\u00e1n\u00ed z\u00e1vodu a odjezd ihned po absolvov\u00e1n\u00ed z\u00e1vodu. Pro rezervaci t\u00fdmov\u00e9ho prostoru a um\u00edst\u011bn\u00ed t\u00fdmov\u00e9ho stanu je pot\u0159eba kontaktovat p\u0159edsedu SK VELO Praha a \u0159editele z\u00e1vodu, Karla Kub\u00edna na: kubinkarel@seznam.cz.<\/p>\n\n\n\n<p>Propozice na 5. a 6. z\u00e1vod a AM\u010cR: http:\/\/prahamtb.cz\/?page_id=12<\/p>\n\n\n\n<p>Registrace na 5. a 6. z\u00e1vod v Libu\u0161i: http:\/\/prahamtb.cz\/?page_id=18v<\/p>\n\n\n\n<p>FOTO Barbora Klap<\/p>\n\n\n\n<figure class=\"wp-block-image size-large\"><img loading=\"lazy\" decoding=\"async\" width=\"1024\" height=\"683\" src=\"https:\/\/www.czechcyclingfederation.com\/wp-content\/uploads\/2020\/09\/IMG_2085-1024x683.jpg\" alt=\"\" class=\"wp-image-2173\" srcset=\"https:\/\/www.czechcyclingfederation.com\/wp-content\/uploads\/2020\/09\/IMG_2085-1024x683.jpg 1024w, https:\/\/www.czechcyclingfederation.com\/wp-content\/uploads\/2020\/09\/IMG_2085-300x200.jpg 300w, https:\/\/www.czechcyclingfederation.com\/wp-content\/uploads\/2020\/09\/IMG_2085-768x512.jpg 768w, https:\/\/www.czechcyclingfederation.com\/wp-content\/uploads\/2020\/09\/IMG_2085-1536x1024.jpg 1536w, https:\/\/www.czechcyclingfederation.com\/wp-content\/uploads\/2020\/09\/IMG_2085-2048x1365.jpg 2048w, https:\/\/www.czechcyclingfederation.com\/wp-content\/uploads\/2020\/09\/IMG_2085-1320x880.jpg 1320w\" sizes=\"auto, (max-width: 1024px) 100vw, 1024px\" \/><\/figure>\n","protected":false},"excerpt":{"rendered":"<p>Registrace na fin\u00e1lov\u00e9, p\u00e1t\u00fd a \u0161est\u00fd z\u00e1vod volno\u010dasov\u00e9ho seri\u00e1lu horsk\u00fdch kol v olympijsk\u00e9m cross country, \u0160KODA TOMKET Pra\u017esk\u00e9ho MTB poh\u00e1ru 2020 a Akademick\u00e9ho mistrovstv\u00ed \u010cesk\u00e9 republiky horsk\u00fdch kol 2020, byla spu\u0161t\u011bna. V sobotu 12. a v ned\u011bli 13. z\u00e1\u0159\u00ed se v pra\u017esk\u00e9 Libu\u0161i uskute\u010dn\u00ed fin\u00e1lov\u00e9 z\u00e1vody \u0160KODA TOMKET Pra\u017esk\u00e9ho MTB poh\u00e1ru 2020. Na obl\u00edben\u00e9 p\u0159\u00edrodn\u00ed [&hellip;]<\/p>\n","protected":false},"author":8,"featured_media":2172,"comment_status":"closed","ping_status":"open","sticky":false,"template":"","format":"standard","meta":{"footnotes":""},"categories":[6,2],"tags":[10],"class_list":["post-2171","post","type-post","status-publish","format-standard","has-post-thumbnail","hentry","category-mtb","category-novinky","tag-mtb"],"_links":{"self":[{"href":"https:\/\/www.czechcyclingfederation.com\/en\/wp-json\/wp\/v2\/posts\/2171","targetHints":{"allow":["GET"]}}],"collection":[{"href":"https:\/\/www.czechcyclingfederation.com\/en\/wp-json\/wp\/v2\/posts"}],"about":[{"href":"https:\/\/www.czechcyclingfederation.com\/en\/wp-json\/wp\/v2\/types\/post"}],"author":[{"embeddable":true,"href":"https:\/\/www.czechcyclingfederation.com\/en\/wp-json\/wp\/v2\/users\/8"}],"replies":[{"embeddable":true,"href":"https:\/\/www.czechcyclingfederation.com\/en\/wp-json\/wp\/v2\/comments?post=2171"}],"version-history":[{"count":1,"href":"https:\/\/www.czechcyclingfederation.com\/en\/wp-json\/wp\/v2\/posts\/2171\/revisions"}],"predecessor-version":[{"id":2174,"href":"https:\/\/www.czechcyclingfederation.com\/en\/wp-json\/wp\/v2\/posts\/2171\/revisions\/2174"}],"wp:featuredmedia":[{"embeddable":true,"href":"https:\/\/www.czechcyclingfederation.com\/en\/wp-json\/wp\/v2\/media\/2172"}],"wp:attachment":[{"href":"https:\/\/www.czechcyclingfederation.com\/en\/wp-json\/wp\/v2\/media?parent=2171"}],"wp:term":[{"taxonomy":"category","embeddable":true,"href":"https:\/\/www.czechcyclingfederation.com\/en\/wp-json\/wp\/v2\/categories?post=2171"},{"taxonomy":"post_tag","embeddable":true,"href":"https:\/\/www.czechcyclingfederation.com\/en\/wp-json\/wp\/v2\/tags?post=2171"}],"curies":[{"name":"wp","href":"https:\/\/api.w.org\/{rel}","templated":true}]}}