{"id":2169,"date":"2020-09-02T22:50:13","date_gmt":"2020-09-02T20:50:13","guid":{"rendered":"http:\/\/www.czechcyclingfederation.com\/?p=2169"},"modified":"2020-09-07T17:09:12","modified_gmt":"2020-09-07T15:09:12","slug":"silnicni-ms-se-pojede-na-konci-zari-v-italske-imole","status":"publish","type":"post","link":"https:\/\/www.czechcyclingfederation.com\/en\/silnicni-ms-se-pojede-na-konci-zari-v-italske-imole\/","title":{"rendered":"Silni\u010dn\u00ed MS se pojede na konci z\u00e1\u0159\u00ed v italsk\u00e9 Imole"},"content":{"rendered":"\n<p><\/p>\n\n\n\n<p>Mistrovstv\u00ed sv\u011bta v silni\u010dn\u00ed cyklistice se v leto\u0161n\u00edm roce z\u0159ejm\u011b p\u0159ece jen uskute\u010dn\u00ed. Mezin\u00e1rodn\u00ed cyklistick\u00e1 unie (UCI) dnes ozn\u00e1mila, \u017ee \u0161ampion\u00e1t se pojede v n\u00e1hradn\u00edm term\u00ednu a na n\u00e1hradn\u00edm m\u00edst\u011b od 24. do 27. z\u00e1\u0159\u00ed v italsk\u00e9 Imole. Po\u0159\u00e1d\u00e1n\u00ed \u0161ampion\u00e1tu se v srpnu vzdalo Aigle ve \u0160v\u00fdcarsku, pot\u00e9 co tamn\u00ed vl\u00e1da zak\u00e1zala kv\u016fli pandemii koronaviru do konce z\u00e1\u0159\u00ed kon\u00e1n\u00ed velk\u00fdch akc\u00ed. Na motoristick\u00e9m okruhu v Imole bude start a c\u00edl v\u0161ech \u010dty\u0159 z\u00e1vod\u016f.<\/p>\n\n\n\n<p>UCI ale omezila program \u0161ampion\u00e1tu pouze na boje elitn\u00edch kategori\u00ed mu\u017e\u016f a \u017een. Z\u00e1vody v juniorsk\u00fdch kategori\u00edch a U23 se kv\u016fli p\u0159edpokl\u00e1dan\u00fdm komplikac\u00edm s cestov\u00e1n\u00edm nepojedou. Toto rozhodnut\u00ed bylo u\u010din\u011bno na z\u00e1klad\u011b skute\u010dnosti, \u017ee v\u011bt\u0161ina cyklist\u016f elite z\u00e1vod\u00ed ji\u017e v Evrop\u011b, naopak junio\u0159i a jezdci kategorie U23 by v mnoh\u00fdch p\u0159\u00edpadech nemohli do It\u00e1lie kv\u016fli cestovn\u00edm omezen\u00edm v mnoha zem\u00edch dorazit.<\/p>\n\n\n\n<p>Mistrovstv\u00ed zah\u00e1j\u00ed ve \u010dtvrtek 24. z\u00e1\u0159\u00ed \u010dasovka \u017een na 32 km, druh\u00fd den ji na stejn\u00e9m okruhu pojedou mu\u017ei. V sobotu je v pl\u00e1nu z\u00e1vod \u017een s hromadn\u00fdm startem na 144 km a v ned\u011bli 27. z\u00e1\u0159\u00ed program \u0161ampion\u00e1tu vyvrchol\u00ed silni\u010dn\u00edm z\u00e1vodem mu\u017e\u016f na 259,2 km.<\/p>\n\n\n\n<p>P\u0159esto\u017ee start a c\u00edl v\u0161ech z\u00e1vod\u016f bude na automobilov\u00e9m z\u00e1vodn\u00edm okruhu Imola, trasy navr\u017een\u00e9 organiza\u010dn\u00edm v\u00fdborem jsou extr\u00e9mn\u011b n\u00e1ro\u010dn\u00e9. Silni\u010dn\u00ed z\u00e1vod mu\u017e\u016f bude dlouh\u00fd 259,2 km s celkov\u00fdm p\u0159ev\u00fd\u0161en\u00edm t\u00e9m\u011b\u0159 5000 metr\u016f, d\u00e9lka \u017eensk\u00e9ho z\u00e1vodu bude 144 km s p\u0159ev\u00fd\u0161en\u00edm 2750 metr\u016f. Okruh (28,8 km) bude stejn\u00fd pro mu\u017ee (9 kol) i \u017eeny (5 kol) a bude zahrnovat dv\u011b obt\u00ed\u017en\u00e1 stoup\u00e1n\u00ed &#8211; celkem 3 km s pr\u016fm\u011brn\u00fdm sklonem 10% a \u00faseky dosahuj\u00edc\u00ed 14%. Okruh nab\u00eddne jezdc\u016fm profil srovnateln\u00fd s profilem Aigle-Martigny, kter\u00fd tedy bude vyhovovat p\u0159edev\u0161\u00edm vrcha\u0159\u016fm.<\/p>\n\n\n\n<p>\u201eBlahop\u0159eji organiza\u010dn\u00edmu v\u00fdboru v Imole k jeho nab\u00eddce, kterou n\u00e1m v kr\u00e1tk\u00e9 dob\u011b p\u0159edlo\u017eil. R\u00e1d bych tak\u00e9 pod\u011bkoval dal\u0161\u00edm t\u0159em kandid\u00e1t\u016fm Peccioli (It\u00e1lie), Alba Adriatica (It\u00e1lie) a Haute-Sa\u00f4ne (Francie), kte\u0159\u00ed tak\u00e9 zaslali dobr\u00e9 nab\u00eddky. Nebyla to snadn\u00e1 volba, ale ukazuje se, \u017ee i v tomto obt\u00ed\u017en\u00e9m obdob\u00ed, kter\u00fdm proch\u00e1z\u00edme, je mistrovstv\u00ed sv\u011bta st\u00e1le velmi atraktivn\u00ed pro m\u011bsta a jejich regiony,&#8221; \u0159ekl prezident UCI David Lappartient.<\/p>\n","protected":false},"excerpt":{"rendered":"<p>Mistrovstv\u00ed sv\u011bta v silni\u010dn\u00ed cyklistice se v leto\u0161n\u00edm roce z\u0159ejm\u011b p\u0159ece jen uskute\u010dn\u00ed. Mezin\u00e1rodn\u00ed cyklistick\u00e1 unie (UCI) dnes ozn\u00e1mila, \u017ee \u0161ampion\u00e1t se pojede v n\u00e1hradn\u00edm term\u00ednu a na n\u00e1hradn\u00edm m\u00edst\u011b od 24. do 27. z\u00e1\u0159\u00ed v italsk\u00e9 Imole. Po\u0159\u00e1d\u00e1n\u00ed \u0161ampion\u00e1tu se v srpnu vzdalo Aigle ve \u0160v\u00fdcarsku, pot\u00e9 co tamn\u00ed vl\u00e1da zak\u00e1zala kv\u016fli pandemii koronaviru [&hellip;]<\/p>\n","protected":false},"author":8,"featured_media":2175,"comment_status":"closed","ping_status":"open","sticky":false,"template":"","format":"standard","meta":{"footnotes":""},"categories":[2,18],"tags":[11],"class_list":["post-2169","post","type-post","status-publish","format-standard","has-post-thumbnail","hentry","category-novinky","category-silnice","tag-silnice"],"_links":{"self":[{"href":"https:\/\/www.czechcyclingfederation.com\/en\/wp-json\/wp\/v2\/posts\/2169","targetHints":{"allow":["GET"]}}],"collection":[{"href":"https:\/\/www.czechcyclingfederation.com\/en\/wp-json\/wp\/v2\/posts"}],"about":[{"href":"https:\/\/www.czechcyclingfederation.com\/en\/wp-json\/wp\/v2\/types\/post"}],"author":[{"embeddable":true,"href":"https:\/\/www.czechcyclingfederation.com\/en\/wp-json\/wp\/v2\/users\/8"}],"replies":[{"embeddable":true,"href":"https:\/\/www.czechcyclingfederation.com\/en\/wp-json\/wp\/v2\/comments?post=2169"}],"version-history":[{"count":1,"href":"https:\/\/www.czechcyclingfederation.com\/en\/wp-json\/wp\/v2\/posts\/2169\/revisions"}],"predecessor-version":[{"id":2170,"href":"https:\/\/www.czechcyclingfederation.com\/en\/wp-json\/wp\/v2\/posts\/2169\/revisions\/2170"}],"wp:featuredmedia":[{"embeddable":true,"href":"https:\/\/www.czechcyclingfederation.com\/en\/wp-json\/wp\/v2\/media\/2175"}],"wp:attachment":[{"href":"https:\/\/www.czechcyclingfederation.com\/en\/wp-json\/wp\/v2\/media?parent=2169"}],"wp:term":[{"taxonomy":"category","embeddable":true,"href":"https:\/\/www.czechcyclingfederation.com\/en\/wp-json\/wp\/v2\/categories?post=2169"},{"taxonomy":"post_tag","embeddable":true,"href":"https:\/\/www.czechcyclingfederation.com\/en\/wp-json\/wp\/v2\/tags?post=2169"}],"curies":[{"name":"wp","href":"https:\/\/api.w.org\/{rel}","templated":true}]}}