{"id":2163,"date":"2020-09-02T11:33:37","date_gmt":"2020-09-02T09:33:37","guid":{"rendered":"http:\/\/www.czechcyclingfederation.com\/?p=2163"},"modified":"2020-09-02T11:33:37","modified_gmt":"2020-09-02T09:33:37","slug":"grand-prix-cube-v-plzni-vyhral-jan-ryba","status":"publish","type":"post","link":"https:\/\/www.czechcyclingfederation.com\/en\/grand-prix-cube-v-plzni-vyhral-jan-ryba\/","title":{"rendered":"Grand Prix Cube v Plzni vyhr\u00e1l Jan Ryba"},"content":{"rendered":"\n<p><\/p>\n\n\n\n<p>Druh\u00fd d\u00edl GIANT Lily v Plzni na Rapidu ovl\u00e1dli op\u011bt jezdci t\u00fdmu Sparty Praha v \u010dele s Janem Rybou. Ten si z ostravsk\u00e9ho krit\u00e9ria p\u0159ivezl skv\u011blou formu i do Plzn\u011b a mohl slavit dal\u0161\u00ed v\u00edt\u011bzstv\u00ed. Druh\u00fd skon\u010dil Martin Boubal (CT Weber) a t\u0159et\u00ed Karel Tyrpekl (TUFO Pardus Prost\u011bjov)<\/p>\n\n\n\n<p>Startovn\u00ed pole se dr\u017eelo a\u017e do 20 kilometru pohromad\u011b, pak odsko\u010dila \u010dtve\u0159ice jezdc\u016f v n\u00ed\u017e byli Ryby, Tyrpekl, Boubalem a Jakub Pile\u010dek (CK P\u0159\u00edbram \u2013 Fany Gastro). P\u0159ed pelotonem krou\u017eili dal\u0161\u00edch deset kilometr\u016f a pravideln\u011b se st\u0159\u00eddali o body.<\/p>\n\n\n\n<p>V z\u00e1vod\u011b byli tentokr\u00e1t velice aktivn\u00ed i junio\u0159i z dom\u00e1c\u00edho t\u00fdmu Roman Kreuziger Cycling Academy. Mlad\u00edk Matou\u0161 Rub\u00e1\u0161 dok\u00e1zal nasb\u00edrat 9 bod\u016f, co\u017e by mu v kategorii Elite sta\u010dilo na 4. m\u00edsto celkov\u00e9ho hodnocen\u00ed. \u017den\u00e1m kralovala Nikola Bajgerov\u00e1 (Dukla Praha).<\/p>\n\n\n\n<p>Dal\u0161\u00ed d\u00edl Giant Ligy 2020 pokra\u010duje 6. z\u00e1\u0159\u00ed v Hradci Kr\u00e1lov\u00e9m<\/p>\n\n\n\n<p>V\u00fdsledky:<\/p>\n\n\n\n<p>1. Jan Ryba (AC Sparta Praha) 36, 2. Martin Boubal (CT Weber) 28, 3. Karel Tyrpekl (TUFO Pardus Prost\u011bjov) 18, 4. Vojt\u011bch (LAWI Stars &#8211; Giant) 8, 5. Fiala (AC Sparta Praha) 8, 6. Modlitba (CK P\u0159\u00edbram &#8211; Fany Gastro) 7.<\/p>\n\n\n\n<p>\u017deny:<\/p>\n\n\n\n<p>1. Bajgerov\u00e1, 2. Hejhalov\u00e1, 3. Burlov\u00e1 (v\u0161echny Dukla Praha).<\/p>\n\n\n\n<p>Junio\u0159i:<\/p>\n\n\n\n<p>1.Rub\u00e1\u0161 9, 2. Volf (oba Roman Kreuziger Cycling Academy) 5, 3. Mac\u00e1n (SportRaces Cycling Team) 4.<\/p>\n\n\n\n<p>FOTO Tom\u00e1\u0161 Tesa\u0159<\/p>\n\n\n\n<figure class=\"wp-block-image size-large\"><img loading=\"lazy\" decoding=\"async\" width=\"1024\" height=\"682\" src=\"https:\/\/www.czechcyclingfederation.com\/wp-content\/uploads\/2020\/09\/\u017eeny-1024x682.jpg\" alt=\"\" class=\"wp-image-2165\" srcset=\"https:\/\/www.czechcyclingfederation.com\/wp-content\/uploads\/2020\/09\/\u017eeny-1024x682.jpg 1024w, https:\/\/www.czechcyclingfederation.com\/wp-content\/uploads\/2020\/09\/\u017eeny-300x200.jpg 300w, https:\/\/www.czechcyclingfederation.com\/wp-content\/uploads\/2020\/09\/\u017eeny-768x512.jpg 768w, https:\/\/www.czechcyclingfederation.com\/wp-content\/uploads\/2020\/09\/\u017eeny-1320x880.jpg 1320w, https:\/\/www.czechcyclingfederation.com\/wp-content\/uploads\/2020\/09\/\u017eeny.jpg 1400w\" sizes=\"auto, (max-width: 1024px) 100vw, 1024px\" \/><\/figure>\n\n\n\n<figure class=\"wp-block-image size-large\"><img loading=\"lazy\" decoding=\"async\" width=\"1024\" height=\"682\" src=\"https:\/\/www.czechcyclingfederation.com\/wp-content\/uploads\/2020\/09\/junio\u0159i-1024x682.jpg\" alt=\"\" class=\"wp-image-2166\" srcset=\"https:\/\/www.czechcyclingfederation.com\/wp-content\/uploads\/2020\/09\/junio\u0159i-1024x682.jpg 1024w, https:\/\/www.czechcyclingfederation.com\/wp-content\/uploads\/2020\/09\/junio\u0159i-300x200.jpg 300w, https:\/\/www.czechcyclingfederation.com\/wp-content\/uploads\/2020\/09\/junio\u0159i-768x512.jpg 768w, https:\/\/www.czechcyclingfederation.com\/wp-content\/uploads\/2020\/09\/junio\u0159i-1320x880.jpg 1320w, https:\/\/www.czechcyclingfederation.com\/wp-content\/uploads\/2020\/09\/junio\u0159i.jpg 1400w\" sizes=\"auto, (max-width: 1024px) 100vw, 1024px\" \/><\/figure>\n","protected":false},"excerpt":{"rendered":"<p>Druh\u00fd d\u00edl GIANT Lily v Plzni na Rapidu ovl\u00e1dli op\u011bt jezdci t\u00fdmu Sparty Praha v \u010dele s Janem Rybou. Ten si z ostravsk\u00e9ho krit\u00e9ria p\u0159ivezl skv\u011blou formu i do Plzn\u011b a mohl slavit dal\u0161\u00ed v\u00edt\u011bzstv\u00ed. Druh\u00fd skon\u010dil Martin Boubal (CT Weber) a t\u0159et\u00ed Karel Tyrpekl (TUFO Pardus Prost\u011bjov) Startovn\u00ed pole se dr\u017eelo a\u017e do 20 [&hellip;]<\/p>\n","protected":false},"author":8,"featured_media":2164,"comment_status":"closed","ping_status":"open","sticky":false,"template":"","format":"standard","meta":{"footnotes":""},"categories":[2,18],"tags":[11],"class_list":["post-2163","post","type-post","status-publish","format-standard","has-post-thumbnail","hentry","category-novinky","category-silnice","tag-silnice"],"_links":{"self":[{"href":"https:\/\/www.czechcyclingfederation.com\/en\/wp-json\/wp\/v2\/posts\/2163","targetHints":{"allow":["GET"]}}],"collection":[{"href":"https:\/\/www.czechcyclingfederation.com\/en\/wp-json\/wp\/v2\/posts"}],"about":[{"href":"https:\/\/www.czechcyclingfederation.com\/en\/wp-json\/wp\/v2\/types\/post"}],"author":[{"embeddable":true,"href":"https:\/\/www.czechcyclingfederation.com\/en\/wp-json\/wp\/v2\/users\/8"}],"replies":[{"embeddable":true,"href":"https:\/\/www.czechcyclingfederation.com\/en\/wp-json\/wp\/v2\/comments?post=2163"}],"version-history":[{"count":1,"href":"https:\/\/www.czechcyclingfederation.com\/en\/wp-json\/wp\/v2\/posts\/2163\/revisions"}],"predecessor-version":[{"id":2167,"href":"https:\/\/www.czechcyclingfederation.com\/en\/wp-json\/wp\/v2\/posts\/2163\/revisions\/2167"}],"wp:featuredmedia":[{"embeddable":true,"href":"https:\/\/www.czechcyclingfederation.com\/en\/wp-json\/wp\/v2\/media\/2164"}],"wp:attachment":[{"href":"https:\/\/www.czechcyclingfederation.com\/en\/wp-json\/wp\/v2\/media?parent=2163"}],"wp:term":[{"taxonomy":"category","embeddable":true,"href":"https:\/\/www.czechcyclingfederation.com\/en\/wp-json\/wp\/v2\/categories?post=2163"},{"taxonomy":"post_tag","embeddable":true,"href":"https:\/\/www.czechcyclingfederation.com\/en\/wp-json\/wp\/v2\/tags?post=2163"}],"curies":[{"name":"wp","href":"https:\/\/api.w.org\/{rel}","templated":true}]}}