{"id":2129,"date":"2020-09-01T12:02:03","date_gmt":"2020-09-01T10:02:03","guid":{"rendered":"http:\/\/www.czechcyclingfederation.com\/?p=2129"},"modified":"2020-09-01T12:58:30","modified_gmt":"2020-09-01T10:58:30","slug":"framar-se-pojede-po-osmasedmdesate","status":"publish","type":"post","link":"https:\/\/www.czechcyclingfederation.com\/en\/framar-se-pojede-po-osmasedmdesate\/","title":{"rendered":"FRAMAR se pojede po osmasedmdes\u00e1t\u00e9"},"content":{"rendered":"\n<p><\/p>\n\n\n\n<p>Tradi\u010dn\u00ed sprintersk\u00fd z\u00e1vod Grand Prix FRAMAR \u010dek\u00e1 4. &#8211; 6. z\u00e1\u0159\u00ed ji\u017e 78. ro\u010dn\u00edk. Po mistrovstv\u00ed \u010cR ve sprintersk\u00fdch discipl\u00edn\u00e1ch se tak pra\u017esk\u00fd ov\u00e1l na T\u0159ebe\u0161\u00edn\u011b do\u010dk\u00e1 leto\u0161n\u00e1\u00edho druh\u00e9ho vrcholu. Z\u00e1vodit se ov\u0161em nebude jen ve sprintu, ale na programu jsou i dal\u0161\u00ed dr\u00e1ha\u0159sk\u00e9 discipl\u00edny. Krom\u011b \u010desk\u00e9 \u0161pi\u010dky jsou p\u0159ihl\u00e1\u0161eni jezdci z It\u00e1lie, Irska, N\u011bmecka, Slovenska, Norska, Ma\u010farska.<\/p>\n\n\n\n<p>Zlat\u00fdm h\u0159ebem mezin\u00e1rodn\u00edho kl\u00e1n\u00ed, za\u0159azen\u00e9ho jako UCI class 2, bude sobotn\u00ed program v n\u011bm\u017e se div\u00e1ci mohou t\u011b\u0161it na z\u00e1vody v keirinu a tak\u00e9 omniu, nad n\u00edm\u017e p\u0159evzala z\u00e1\u0161titu firma Duratec a omnium se tedy pojede jako GP Duratec.<\/p>\n\n\n\n<p>&#8220;Vzhledem k sm\u011b\u0159ov\u00e1n\u00ed na\u0161eho velodromu bude na m\u00edst\u011b i bohat\u00fd doprovodn\u00fd program pro d\u011bti &#8211; nafukov\u00e1n\u00ed bal\u00f3nk\u016f, sk\u00e1kac\u00ed hrad a hlavn\u011b v sobotu po z\u00e1vodech bude n\u00e1sledovat koncert t\u0159ech rockov\u00fdch kapel. Samoz\u0159ejmost\u00ed budou vlo\u017een\u00e9 MTB z\u00e1vody,&#8221; zve za organiz\u00e1tory Marek Mixa. P\u0159ipraveno je samoz\u0159ejm\u011b ob\u010derstven\u00ed i zrekonstruovan\u00e9 tribuny.<\/p>\n\n\n\n<p>Organizace z\u00e1vod\u016f bude velmi podobn\u00e1 ned\u00e1vn\u00e9mu M\u010cR ve sprintech, do vnit\u0159n\u00edho prostoru dr\u00e1hu bude umo\u017en\u011bn vstup pouze z\u00e1vodn\u00edk\u016fm a doprovodu. Parking t\u00fdmov\u00fdch vozidel je mo\u017en\u00fd za velodromem u n\u00e1jezdu do MTB trail\u016f.<\/p>\n\n\n\n<p>Ml\u00e1de\u017e pak jede v p\u00e1tek keirin, v sobotu scratch a vylu\u010dovac\u00ed z\u00e1vod. Ned\u011ble bude pat\u0159it sprint\u016fm. Masters maji v sobotu scratch a v ned\u011bli vylu\u010dovac\u00ed z\u00e1vod.<\/p>\n\n\n\n<p>Z\u00e1vodn\u00edky v doprovodn\u00e9m programu pros\u00ed po\u0159adatel\u00e9 registrovat p\u0159es odd\u00edlovou rezervaci.&nbsp;<\/p>\n\n\n\n<p>&#8220;Registrace je nutn\u00e1 i pro fanou\u0161ky, vstupn\u00e9 je mo\u017en\u00e9 uhradit na m\u00edst\u011b, ale vzhledem k p\u0159\u00edpadn\u00e9 nutn\u00e9 covid komunikaci, pros\u00edm zanechte n\u00e1m na sebe kontakt,&#8221; dod\u00e1v\u00e1 Mixa.&nbsp;&nbsp;&nbsp;<\/p>\n\n\n\n<p>Program:<\/p>\n\n\n\n<p>P\u00e1tek 4. z\u00e1\u0159\u00ed:<\/p>\n\n\n\n<p>\u017deny: omnium, madison<\/p>\n\n\n\n<p>Mu\u017ei: madison.<\/p>\n\n\n\n<p>Sobota 5. z\u00e1\u0159\u00ed:<\/p>\n\n\n\n<p>\u017deny: keirin, bodovac\u00ed z\u00e1vod, scratch.<\/p>\n\n\n\n<p>Mu\u017ei: keirin, omnium.<\/p>\n\n\n\n<p>Ned\u011ble 6. z\u00e1\u0159\u00ed:<\/p>\n\n\n\n<p>\u017deny: sprint<\/p>\n\n\n\n<p>Mu\u017ei: sprint, bodovac\u00ed z\u00e1vod, scratch.<\/p>\n\n\n\n<figure class=\"wp-block-image size-large\"><img loading=\"lazy\" decoding=\"async\" width=\"1024\" height=\"560\" src=\"http:\/\/www.czechcyclingfederation.com\/wp-content\/uploads\/2020\/09\/framar2020-1024x560.jpg\" alt=\"\" class=\"wp-image-2130\" srcset=\"https:\/\/www.czechcyclingfederation.com\/wp-content\/uploads\/2020\/09\/framar2020-1024x560.jpg 1024w, https:\/\/www.czechcyclingfederation.com\/wp-content\/uploads\/2020\/09\/framar2020-300x164.jpg 300w, https:\/\/www.czechcyclingfederation.com\/wp-content\/uploads\/2020\/09\/framar2020-768x420.jpg 768w, https:\/\/www.czechcyclingfederation.com\/wp-content\/uploads\/2020\/09\/framar2020-1536x840.jpg 1536w, https:\/\/www.czechcyclingfederation.com\/wp-content\/uploads\/2020\/09\/framar2020-1320x722.jpg 1320w, https:\/\/www.czechcyclingfederation.com\/wp-content\/uploads\/2020\/09\/framar2020.jpg 2048w\" sizes=\"auto, (max-width: 1024px) 100vw, 1024px\" \/><\/figure>\n","protected":false},"excerpt":{"rendered":"<p>Tradi\u010dn\u00ed sprintersk\u00fd z\u00e1vod Grand Prix FRAMAR \u010dek\u00e1 4. &#8211; 6. z\u00e1\u0159\u00ed ji\u017e 78. ro\u010dn\u00edk. Po mistrovstv\u00ed \u010cR ve sprintersk\u00fdch discipl\u00edn\u00e1ch se tak pra\u017esk\u00fd ov\u00e1l na T\u0159ebe\u0161\u00edn\u011b do\u010dk\u00e1 leto\u0161n\u00e1\u00edho druh\u00e9ho vrcholu. Z\u00e1vodit se ov\u0161em nebude jen ve sprintu, ale na programu jsou i dal\u0161\u00ed dr\u00e1ha\u0159sk\u00e9 discipl\u00edny. Krom\u011b \u010desk\u00e9 \u0161pi\u010dky jsou p\u0159ihl\u00e1\u0161eni jezdci z It\u00e1lie, Irska, N\u011bmecka, [&hellip;]<\/p>\n","protected":false},"author":8,"featured_media":2130,"comment_status":"closed","ping_status":"open","sticky":false,"template":"","format":"standard","meta":{"footnotes":""},"categories":[54,2],"tags":[9],"class_list":["post-2129","post","type-post","status-publish","format-standard","has-post-thumbnail","hentry","category-draha","category-novinky","tag-draha"],"_links":{"self":[{"href":"https:\/\/www.czechcyclingfederation.com\/en\/wp-json\/wp\/v2\/posts\/2129","targetHints":{"allow":["GET"]}}],"collection":[{"href":"https:\/\/www.czechcyclingfederation.com\/en\/wp-json\/wp\/v2\/posts"}],"about":[{"href":"https:\/\/www.czechcyclingfederation.com\/en\/wp-json\/wp\/v2\/types\/post"}],"author":[{"embeddable":true,"href":"https:\/\/www.czechcyclingfederation.com\/en\/wp-json\/wp\/v2\/users\/8"}],"replies":[{"embeddable":true,"href":"https:\/\/www.czechcyclingfederation.com\/en\/wp-json\/wp\/v2\/comments?post=2129"}],"version-history":[{"count":2,"href":"https:\/\/www.czechcyclingfederation.com\/en\/wp-json\/wp\/v2\/posts\/2129\/revisions"}],"predecessor-version":[{"id":2132,"href":"https:\/\/www.czechcyclingfederation.com\/en\/wp-json\/wp\/v2\/posts\/2129\/revisions\/2132"}],"wp:featuredmedia":[{"embeddable":true,"href":"https:\/\/www.czechcyclingfederation.com\/en\/wp-json\/wp\/v2\/media\/2130"}],"wp:attachment":[{"href":"https:\/\/www.czechcyclingfederation.com\/en\/wp-json\/wp\/v2\/media?parent=2129"}],"wp:term":[{"taxonomy":"category","embeddable":true,"href":"https:\/\/www.czechcyclingfederation.com\/en\/wp-json\/wp\/v2\/categories?post=2129"},{"taxonomy":"post_tag","embeddable":true,"href":"https:\/\/www.czechcyclingfederation.com\/en\/wp-json\/wp\/v2\/tags?post=2129"}],"curies":[{"name":"wp","href":"https:\/\/api.w.org\/{rel}","templated":true}]}}