{"id":2098,"date":"2020-08-30T16:23:46","date_gmt":"2020-08-30T14:23:46","guid":{"rendered":"http:\/\/www.czechcyclingfederation.com\/?p=2098"},"modified":"2020-09-01T10:38:49","modified_gmt":"2020-09-01T08:38:49","slug":"vyborne-vykony-juniorske-reprezentace-mtb-v-brne","status":"publish","type":"post","link":"https:\/\/www.czechcyclingfederation.com\/en\/vyborne-vykony-juniorske-reprezentace-mtb-v-brne\/","title":{"rendered":"V\u00fdborn\u00e9 v\u00fdkony juniorsk\u00e9 reprezentace MTB v Brn\u011b!"},"content":{"rendered":"\n<figure class=\"wp-block-image size-large\"><img loading=\"lazy\" decoding=\"async\" width=\"1024\" height=\"683\" src=\"http:\/\/www.czechcyclingfederation.com\/wp-content\/uploads\/2020\/08\/Reprezentace_MTB_BRNO-1024x683.jpg\" alt=\"\" class=\"wp-image-2099\" srcset=\"https:\/\/www.czechcyclingfederation.com\/wp-content\/uploads\/2020\/08\/Reprezentace_MTB_BRNO-1024x683.jpg 1024w, https:\/\/www.czechcyclingfederation.com\/wp-content\/uploads\/2020\/08\/Reprezentace_MTB_BRNO-300x200.jpg 300w, https:\/\/www.czechcyclingfederation.com\/wp-content\/uploads\/2020\/08\/Reprezentace_MTB_BRNO-768x512.jpg 768w, https:\/\/www.czechcyclingfederation.com\/wp-content\/uploads\/2020\/08\/Reprezentace_MTB_BRNO-1536x1024.jpg 1536w, https:\/\/www.czechcyclingfederation.com\/wp-content\/uploads\/2020\/08\/Reprezentace_MTB_BRNO-1320x880.jpg 1320w, https:\/\/www.czechcyclingfederation.com\/wp-content\/uploads\/2020\/08\/Reprezentace_MTB_BRNO.jpg 1600w\" sizes=\"auto, (max-width: 1024px) 100vw, 1024px\" \/><\/figure>\n\n\n\n<p><strong>Brno bylo v sobotu 29. srpna d\u011bji\u0161t\u011bm nejenom fin\u00e1lov\u00e9ho z\u00e1vodu STRABAG \u010cesk\u00e9ho poh\u00e1ru horsk\u00fdch kol, ale tak\u00e9 Juniorsk\u00e9 sv\u011btov\u00e9 s\u00e9rie, nejvy\u0161\u0161\u00ed sv\u011btov\u00e9 sout\u011b\u017ee mlad\u00fdch biker\u016f.<\/strong><\/p>\n\n\n\n<p>Reprezenta\u010dn\u00ed tren\u00e9r Viktor Zapletal nominoval do Brna po\u010detnou sestavu talentovan\u00fdch jezdc\u016f a v reprezenta\u010dn\u00edm dresu se p\u0159edstavilo celkem 12 juniorsk\u00fdch reprezentant\u016f.<\/p>\n\n\n\n<p><em>\u201cVyu\u017eili jsme dom\u00e1c\u00edho prost\u0159ed\u00ed a sna\u017eili se d\u00e1t p\u0159\u00edle\u017eitost startu cel\u00e9mu \u0161ir\u0161\u00edmu reprezenta\u010dn\u00edmu v\u00fdb\u011bru a podobn\u011b \u0161irokou nominaci pl\u00e1nuji uskute\u010dnit i za m\u011bs\u00edc v Nov\u00e9m M\u011bst\u011b na Morav\u011b v r\u00e1mci dal\u0161\u00edho z\u00e1vodu JWS,\u201d <\/em>p\u0159ibli\u017euje nomina\u010dn\u00ed strategii tren\u00e9r a dod\u00e1v\u00e1:&nbsp;<\/p>\n\n\n\n<p><em>\u201cPro\u017e\u00edv\u00e1me nejistou sez\u00f3nu. Chci ale v r\u00e1mci mo\u017enost\u00ed plnit tr\u00e9ninkovou koncepci reprezentace, kterou jsme p\u0159ijali na podzim, kdy se juniorsk\u00e1 reprezentace pravideln\u011b sch\u00e1z\u00ed ka\u017ed\u00fd m\u011bs\u00edc na soust\u0159ed\u011bn\u00edch nebo z\u00e1vodech a jsem tedy s nimi pravideln\u011b v kontaktu a mohu l\u00e9pe sledovat a p\u0159\u00edpadn\u011b ovlivnit jejich p\u0159\u00edpravu a r\u016fst. Junio\u0159i maj\u00ed za sebou zimn\u00ed soust\u0159ed\u011bn\u00ed na Mallorce, n\u011bkolikadenn\u00ed tr\u00e9ninkov\u00e9 campy spojen\u00e9 s tr\u00e9ninkem techniky, ale nap\u0159\u00edklad i t\u00fddenn\u00ed soust\u0159ed\u011bn\u00ed zakon\u010den\u00e9 z\u00e1vodem v Enduru. V p\u0159\u00edpad\u011b Brna jsme k akci p\u0159istupovali z motiva\u010dn\u00edho d\u016fvodu \u00fapln\u011b stejn\u011b, jako kdybychom jeli na jak\u00fdkoliv jin\u00fd reprezenta\u010dn\u00ed v\u00fdjezd, jen jsem maxim\u00e1ln\u011b roz\u0161\u00ed\u0159il nomina\u010dn\u00ed kv\u00f3tu. Reprezentanti bydleli v hotelu a byli kompletn\u011b v re\u017eimu reprezentace horsk\u00fdch kol.\u201d<\/em><\/p>\n\n\n\n<p>A nutno podotknout, \u017ee talentovan\u00fdm biker\u016fm pravideln\u00e1 spole\u010dn\u00e1 p\u0159\u00edprava a celoro\u010dn\u00ed dohled reprezentace z\u0159ejm\u011b sv\u011bd\u010d\u00ed. Junio\u0159i vyjeli na tra\u0165 zm\u00e1\u010denou no\u010dn\u00edm de\u0161t\u011bm, co\u017e je v p\u0159\u00edpad\u011b brn\u011bnsk\u00fdch kamenn\u00fdch cest v\u00edce ne\u017e o\u0161emetn\u00e1 z\u00e1le\u017eitost, nep\u0159ipou\u0161t\u011bj\u00edc\u00ed jakoukoliv jezdeckou chybu. To si d\u016fkladn\u011b ov\u011b\u0159il nap\u0159\u00edklad medailista M\u010cR, prvoro\u010d\u00e1k V\u00e1clav Veverka, kter\u00e9ho nep\u0159\u00edjemn\u00fd p\u00e1d st\u00e1l v\u00fdrazn\u011b lep\u0161\u00ed um\u00edst\u011bn\u00ed. Po dobr\u00e9m startu udr\u017eel kontakt s \u010delem z\u00e1vodu Jan S\u00e1ska a vybojoval 4. m\u00edsto. T\u00edm si o jednu p\u0159\u00ed\u010dku vylep\u0161il sv\u00e9 dosavadn\u00ed v\u00fdsledkov\u00e9 maximum v z\u00e1vod\u011b JWS ze \u0161v\u00fdcarsk\u00e9ho Leukerbadu. Do elitn\u00ed TOP 10 se ve\u0161el i dev\u00e1t\u00fd David \u0160ulc. Da\u0159ilo se ale i dal\u0161\u00edm \u010cech\u016fm. 13. m\u00edsto obsadil Filip Kone\u010dn\u00fd, 16. Daniel \u017dvak a 24. Tom Tlamka, co\u017e p\u0159edstavuje v\u00fdsledkov\u00e9 maximum cel\u00e9 juniorsk\u00e9 skupiny.<\/p>\n\n\n\n<p>D\u00edvky startovaly v \u00fapln\u011b jin\u00e9m po\u010das\u00ed. Vysu\u0161en\u00e1 tra\u0165 a teplo p\u0159edstavovalo t\u00e9m\u011b\u0159 ide\u00e1ln\u00ed z\u00e1vodn\u00ed po\u010das\u00ed. Ihned po startu se do \u010dela z\u00e1vodu za\u010dlenila i trojice t\u0159\u00ed \u010desk\u00fdch reprezentantek a souboj o medaile se n\u00e1sledn\u011b odehr\u00e1val u\u017e v\u00fdhradn\u011b v p\u011bti\u010dlenn\u00e9 \u010deln\u00ed skupin\u011b, kter\u00e1 se brzy rozd\u011blila na \u010deln\u00ed trojici i s na\u0161\u00ed Anetou Novotnou a n\u00e1slednou st\u00edhac\u00ed dvojici ve slo\u017een\u00ed Ad\u00e9la Holubov\u00e1 a Karol\u00edna Bedrn\u00edkov\u00e1.<\/p>\n\n\n\n<p>V posledn\u00ed okruhu rozhodla o sv\u00e9 v\u00fdh\u0159e n\u00e1stupem polsk\u00e1 reprezentantka Matylda Szczecinska. Mistryn\u011b Evropy kategorie kadetek Aneta Novotn\u00e1 vsadila v\u0161e na c\u00edlov\u00fd spurt a zaslou\u017een\u011b slavila druh\u00e9 m\u00edsto p\u0159ed Italkou Nicole Pesse. Ad\u00e9la Holubov\u00e1 obsadila \u010dtvrt\u00e9 a Karol\u00edna Bedrn\u00edkov\u00e1 p\u00e1t\u00e9 m\u00edsto. V\u00fdborn\u00e9 v\u00fdsledky \u010desk\u00e9 juniorsk\u00e9 reprezentace stvrdila 11. m\u00edstem Tereza Obo\u0159ilov\u00e1, 15. Kate\u0159ina Vaverkov\u00e1 a 17. Zuzana Kadlecov\u00e1.<\/p>\n\n\n\n<p>Junio\u0159i se znovu sejdou na spole\u010dn\u00e9m soust\u0159ed\u011bn\u00ed v pr\u016fb\u011bhu z\u00e1\u0159\u00ed na trati v Nov\u00e9m M\u011bst\u011b na Morav\u011b kde se budou p\u0159ipravovat na dal\u0161\u00ed z\u00e1vod Juniorsk\u00e9 sv\u011btov\u00e9 s\u00e9rie, kter\u00fd by se m\u011bl uskute\u010dnit v r\u00e1mci Sv\u011btov\u00e9ho poh\u00e1ru v NMNM v sobotu 3. \u0159\u00edjna.<\/p>\n\n\n\n<p><em>Foto: Michal \u010cerveny<\/em><\/p>\n","protected":false},"excerpt":{"rendered":"<p>Brno bylo v sobotu 29. srpna d\u011bji\u0161t\u011bm nejenom fin\u00e1lov\u00e9ho z\u00e1vodu STRABAG \u010cesk\u00e9ho poh\u00e1ru horsk\u00fdch kol, ale tak\u00e9 Juniorsk\u00e9 sv\u011btov\u00e9 s\u00e9rie, nejvy\u0161\u0161\u00ed sv\u011btov\u00e9 sout\u011b\u017ee mlad\u00fdch biker\u016f. Reprezenta\u010dn\u00ed tren\u00e9r Viktor Zapletal nominoval do Brna po\u010detnou sestavu talentovan\u00fdch jezdc\u016f a v reprezenta\u010dn\u00edm dresu se p\u0159edstavilo celkem 12 juniorsk\u00fdch reprezentant\u016f. \u201cVyu\u017eili jsme dom\u00e1c\u00edho prost\u0159ed\u00ed a sna\u017eili se d\u00e1t p\u0159\u00edle\u017eitost [&hellip;]<\/p>\n","protected":false},"author":9,"featured_media":2099,"comment_status":"closed","ping_status":"open","sticky":false,"template":"","format":"standard","meta":{"footnotes":""},"categories":[6,2],"tags":[10],"class_list":["post-2098","post","type-post","status-publish","format-standard","has-post-thumbnail","hentry","category-mtb","category-novinky","tag-mtb"],"_links":{"self":[{"href":"https:\/\/www.czechcyclingfederation.com\/en\/wp-json\/wp\/v2\/posts\/2098","targetHints":{"allow":["GET"]}}],"collection":[{"href":"https:\/\/www.czechcyclingfederation.com\/en\/wp-json\/wp\/v2\/posts"}],"about":[{"href":"https:\/\/www.czechcyclingfederation.com\/en\/wp-json\/wp\/v2\/types\/post"}],"author":[{"embeddable":true,"href":"https:\/\/www.czechcyclingfederation.com\/en\/wp-json\/wp\/v2\/users\/9"}],"replies":[{"embeddable":true,"href":"https:\/\/www.czechcyclingfederation.com\/en\/wp-json\/wp\/v2\/comments?post=2098"}],"version-history":[{"count":5,"href":"https:\/\/www.czechcyclingfederation.com\/en\/wp-json\/wp\/v2\/posts\/2098\/revisions"}],"predecessor-version":[{"id":2105,"href":"https:\/\/www.czechcyclingfederation.com\/en\/wp-json\/wp\/v2\/posts\/2098\/revisions\/2105"}],"wp:featuredmedia":[{"embeddable":true,"href":"https:\/\/www.czechcyclingfederation.com\/en\/wp-json\/wp\/v2\/media\/2099"}],"wp:attachment":[{"href":"https:\/\/www.czechcyclingfederation.com\/en\/wp-json\/wp\/v2\/media?parent=2098"}],"wp:term":[{"taxonomy":"category","embeddable":true,"href":"https:\/\/www.czechcyclingfederation.com\/en\/wp-json\/wp\/v2\/categories?post=2098"},{"taxonomy":"post_tag","embeddable":true,"href":"https:\/\/www.czechcyclingfederation.com\/en\/wp-json\/wp\/v2\/tags?post=2098"}],"curies":[{"name":"wp","href":"https:\/\/api.w.org\/{rel}","templated":true}]}}