{"id":2073,"date":"2020-08-29T23:11:20","date_gmt":"2020-08-29T21:11:20","guid":{"rendered":"http:\/\/www.czechcyclingfederation.com\/?p=2073"},"modified":"2020-08-30T12:13:32","modified_gmt":"2020-08-30T10:13:32","slug":"cechnam-porazil-babka-na-mom-i-ve-sprintu","status":"publish","type":"post","link":"https:\/\/www.czechcyclingfederation.com\/en\/cechnam-porazil-babka-na-mom-i-ve-sprintu\/","title":{"rendered":"\u010cechman porazil B\u00e1bka na MOM i ve sprintu"},"content":{"rendered":"\n<p><\/p>\n\n\n\n<p>Druh\u00fdm dnem Memori\u00e1lu Otmara Male\u010dka skon\u010dily \u010dty\u0159denn\u00ed boje dr\u00e1ha\u0159\u016f v Prost\u011bjov\u011b. Martin \u010cechman dok\u00e1zal po v\u00edt\u011bzstv\u00ed v keirinu odsunout za sebe na druh\u00e9 m\u00edsto podruh\u00e9 Tom\u00e1\u0161e B\u00e1bka, t\u0159et\u00edm m\u00edstem zavr\u0161il suverenitu Dukly Brno v t\u00e9to discipl\u00edn\u011b David Sojka.<\/p>\n\n\n\n<p>Dnes se ale da\u0159ilo v\u00edce i dal\u0161\u00edm na\u0161im jezdc\u016fm, kte\u0159\u00ed z\u00edskali v podniku druh\u00e9 kategorie UCI d\u016fle\u017eit\u00e9 body do sv\u011btov\u00e9ho \u017eeb\u0159\u00ed\u010dku. Dvojice Denis Rugovac a Jan Kraus (Sparta Praha\/Dukla Praha) obsadila t\u0159et\u00ed m\u00edsto v madisonu, kter\u00e9mu kralovali Nizozemci Vincent Hoppezak, Philip Heijnen, druz\u00ed byli Italov\u00e9 Michele Scartezzini a Francesco Lamon a druh\u00fd bronz vybojoval Rugovac ve scratchi, kter\u00fd vyhr\u00e1l Heijnen.<\/p>\n\n\n\n<p>\u017densk\u00fdm discipl\u00edn\u00e1m v\u00e9vodili stejn\u011b jako v p\u0159edch\u00e1zej\u00edc\u00edch dnech polsk\u00e9 dr\u00e1ha\u0159ky. Kompletn\u00ed stupn\u011b v\u00edt\u011bzem obsadily v omniu, nejlep\u0161\u00ed byla Daria Pikulikov\u00e1, keirin vyhr\u00e1la Urszula Lo\u0161ov\u00e1, ale hned za n\u00ed skon\u010dila S\u00e1ra Ka\u0148kovsk\u00e1 z Dukly Brno. Druh\u00e9 \u010desk\u00e9 v\u00edt\u011bzstv\u00ed zaznamenal junior Martin \u010cepek z Dukly Praha ve scratchi.&nbsp;<\/p>\n\n\n\n<p>V\u00fdsledky:<\/p>\n\n\n\n<p>Mu\u017ei:<\/p>\n\n\n\n<p>Madison:<\/p>\n\n\n\n<p>1. Hoppezak, Heijnen (Niz.) 39, 2. Scartezzini, Lamon (It.) 28, 3. Rugovac, Kraus (Sparta Praha\/Dukla Praha) 23, 4. Petr Kelemen, Babor (CCC\/TUFO Pardus Prost\u011bjov)&nbsp;&nbsp;&nbsp;&nbsp; 18, 5. Slawek, Staniszewski (Pol.) 17, 6. Vone\u0161, Pietrula (Dukla Praha) 5.<\/p>\n\n\n\n<p>Sprint:<\/p>\n\n\n\n<p>1. \u010cechman, 2. B\u00e1bek, 3. Sojka (v\u0161ichni Dukla Brno), 4. Szabo (Rum.), 5. \u0160\u0165astn\u00fd, 6. Jano\u0161ek (oba Dukla Brno).<\/p>\n\n\n\n<p>Scratch:<\/p>\n\n\n\n<p>1. Heijnen, 2. Slawek (Pol.), 3. Rugovac, 4. Degueurce (Fr.), 5. B. Rudyk (Pol.), 6. Babor (TUFO Pardus Prost\u011bjov).<\/p>\n\n\n\n<p>\u017deny:<\/p>\n\n\n\n<p>Omnium:<\/p>\n\n\n\n<p>1. D. Pikulikov\u00e1 161, 2. Karasiewiczov\u00e1 153, 3. Plosajov\u00e1 (v\u0161echny (Pol.) 133, &#8230;10. B\u00e1rtov\u00e1 (TUFO Pardus Prost\u011bjov) 79.<\/p>\n\n\n\n<p>Keirin:<\/p>\n\n\n\n<p>1. Lo\u0161ov\u00e1 (Pol.), 2. S. Ka\u0148kovsk\u00e1 (Duka Brno), 3. Petriov\u00e1 (Pol.), 4. V. Jaborn\u00edkov\u00e1 (Dukla Brno).<\/p>\n\n\n\n<p>Junio\u0159i:<\/p>\n\n\n\n<p>Scratch:<\/p>\n\n\n\n<p>1. \u010cepek (Dukla Praha), 2. Vl\u010dek (TUFO Pardus Prost\u011bjov), 3. Maslak (Pol.).<\/p>\n\n\n\n<p>FOTO Jan Brychta<\/p>\n\n\n\n<figure class=\"wp-block-image size-large\"><img loading=\"lazy\" decoding=\"async\" width=\"1024\" height=\"684\" src=\"https:\/\/www.czechcyclingfederation.com\/wp-content\/uploads\/2020\/08\/Rzugovac-Kraus-vpravo-BrychtaJan_MOM_Prostejov_Malecek_20200829_193341_DSC_5176-1024x684.jpg\" alt=\"\" class=\"wp-image-2075\" srcset=\"https:\/\/www.czechcyclingfederation.com\/wp-content\/uploads\/2020\/08\/Rzugovac-Kraus-vpravo-BrychtaJan_MOM_Prostejov_Malecek_20200829_193341_DSC_5176-1024x684.jpg 1024w, https:\/\/www.czechcyclingfederation.com\/wp-content\/uploads\/2020\/08\/Rzugovac-Kraus-vpravo-BrychtaJan_MOM_Prostejov_Malecek_20200829_193341_DSC_5176-300x200.jpg 300w, https:\/\/www.czechcyclingfederation.com\/wp-content\/uploads\/2020\/08\/Rzugovac-Kraus-vpravo-BrychtaJan_MOM_Prostejov_Malecek_20200829_193341_DSC_5176-768x513.jpg 768w, https:\/\/www.czechcyclingfederation.com\/wp-content\/uploads\/2020\/08\/Rzugovac-Kraus-vpravo-BrychtaJan_MOM_Prostejov_Malecek_20200829_193341_DSC_5176-1536x1025.jpg 1536w, https:\/\/www.czechcyclingfederation.com\/wp-content\/uploads\/2020\/08\/Rzugovac-Kraus-vpravo-BrychtaJan_MOM_Prostejov_Malecek_20200829_193341_DSC_5176-1320x881.jpg 1320w, https:\/\/www.czechcyclingfederation.com\/wp-content\/uploads\/2020\/08\/Rzugovac-Kraus-vpravo-BrychtaJan_MOM_Prostejov_Malecek_20200829_193341_DSC_5176.jpg 2000w\" sizes=\"auto, (max-width: 1024px) 100vw, 1024px\" \/><\/figure>\n\n\n\n<figure class=\"wp-block-image size-large\"><img loading=\"lazy\" decoding=\"async\" width=\"1024\" height=\"681\" src=\"https:\/\/www.czechcyclingfederation.com\/wp-content\/uploads\/2020\/08\/BrychtaJan_MOM_Prostejov_Malecek_20200829_171038_DSC_2750-1024x681.jpg\" alt=\"\" class=\"wp-image-2076\" srcset=\"https:\/\/www.czechcyclingfederation.com\/wp-content\/uploads\/2020\/08\/BrychtaJan_MOM_Prostejov_Malecek_20200829_171038_DSC_2750-1024x681.jpg 1024w, https:\/\/www.czechcyclingfederation.com\/wp-content\/uploads\/2020\/08\/BrychtaJan_MOM_Prostejov_Malecek_20200829_171038_DSC_2750-300x200.jpg 300w, https:\/\/www.czechcyclingfederation.com\/wp-content\/uploads\/2020\/08\/BrychtaJan_MOM_Prostejov_Malecek_20200829_171038_DSC_2750-768x511.jpg 768w, https:\/\/www.czechcyclingfederation.com\/wp-content\/uploads\/2020\/08\/BrychtaJan_MOM_Prostejov_Malecek_20200829_171038_DSC_2750-1536x1022.jpg 1536w, https:\/\/www.czechcyclingfederation.com\/wp-content\/uploads\/2020\/08\/BrychtaJan_MOM_Prostejov_Malecek_20200829_171038_DSC_2750-1320x878.jpg 1320w, https:\/\/www.czechcyclingfederation.com\/wp-content\/uploads\/2020\/08\/BrychtaJan_MOM_Prostejov_Malecek_20200829_171038_DSC_2750.jpg 2000w\" sizes=\"auto, (max-width: 1024px) 100vw, 1024px\" \/><\/figure>\n\n\n\n<figure class=\"wp-block-image size-large\"><img loading=\"lazy\" decoding=\"async\" width=\"1024\" height=\"681\" src=\"https:\/\/www.czechcyclingfederation.com\/wp-content\/uploads\/2020\/08\/BrychtaJan_MOM_Prostejov_Malecek_20200829_190008_DSC_3102-1024x681.jpg\" alt=\"\" class=\"wp-image-2077\" srcset=\"https:\/\/www.czechcyclingfederation.com\/wp-content\/uploads\/2020\/08\/BrychtaJan_MOM_Prostejov_Malecek_20200829_190008_DSC_3102-1024x681.jpg 1024w, https:\/\/www.czechcyclingfederation.com\/wp-content\/uploads\/2020\/08\/BrychtaJan_MOM_Prostejov_Malecek_20200829_190008_DSC_3102-300x200.jpg 300w, https:\/\/www.czechcyclingfederation.com\/wp-content\/uploads\/2020\/08\/BrychtaJan_MOM_Prostejov_Malecek_20200829_190008_DSC_3102-768x511.jpg 768w, https:\/\/www.czechcyclingfederation.com\/wp-content\/uploads\/2020\/08\/BrychtaJan_MOM_Prostejov_Malecek_20200829_190008_DSC_3102-1536x1022.jpg 1536w, https:\/\/www.czechcyclingfederation.com\/wp-content\/uploads\/2020\/08\/BrychtaJan_MOM_Prostejov_Malecek_20200829_190008_DSC_3102-1320x878.jpg 1320w, https:\/\/www.czechcyclingfederation.com\/wp-content\/uploads\/2020\/08\/BrychtaJan_MOM_Prostejov_Malecek_20200829_190008_DSC_3102.jpg 2000w\" sizes=\"auto, (max-width: 1024px) 100vw, 1024px\" \/><\/figure>\n\n\n\n<figure class=\"wp-block-image size-large\"><img loading=\"lazy\" decoding=\"async\" width=\"1024\" height=\"681\" src=\"https:\/\/www.czechcyclingfederation.com\/wp-content\/uploads\/2020\/08\/Ka\u0148kovsk\u00e1-S.-BrychtaJan_MOM_Prostejov_Malecek_20200829_175351_DSC_2853-1024x681.jpg\" alt=\"\" class=\"wp-image-2078\" srcset=\"https:\/\/www.czechcyclingfederation.com\/wp-content\/uploads\/2020\/08\/Ka\u0148kovsk\u00e1-S.-BrychtaJan_MOM_Prostejov_Malecek_20200829_175351_DSC_2853-1024x681.jpg 1024w, https:\/\/www.czechcyclingfederation.com\/wp-content\/uploads\/2020\/08\/Ka\u0148kovsk\u00e1-S.-BrychtaJan_MOM_Prostejov_Malecek_20200829_175351_DSC_2853-300x200.jpg 300w, https:\/\/www.czechcyclingfederation.com\/wp-content\/uploads\/2020\/08\/Ka\u0148kovsk\u00e1-S.-BrychtaJan_MOM_Prostejov_Malecek_20200829_175351_DSC_2853-768x511.jpg 768w, https:\/\/www.czechcyclingfederation.com\/wp-content\/uploads\/2020\/08\/Ka\u0148kovsk\u00e1-S.-BrychtaJan_MOM_Prostejov_Malecek_20200829_175351_DSC_2853-1536x1022.jpg 1536w, https:\/\/www.czechcyclingfederation.com\/wp-content\/uploads\/2020\/08\/Ka\u0148kovsk\u00e1-S.-BrychtaJan_MOM_Prostejov_Malecek_20200829_175351_DSC_2853-1320x878.jpg 1320w, https:\/\/www.czechcyclingfederation.com\/wp-content\/uploads\/2020\/08\/Ka\u0148kovsk\u00e1-S.-BrychtaJan_MOM_Prostejov_Malecek_20200829_175351_DSC_2853.jpg 2000w\" sizes=\"auto, (max-width: 1024px) 100vw, 1024px\" \/><\/figure>\n","protected":false},"excerpt":{"rendered":"<p>Druh\u00fdm dnem Memori\u00e1lu Otmara Male\u010dka skon\u010dily \u010dty\u0159denn\u00ed boje dr\u00e1ha\u0159\u016f v Prost\u011bjov\u011b. Martin \u010cechman dok\u00e1zal po v\u00edt\u011bzstv\u00ed v keirinu odsunout za sebe na druh\u00e9 m\u00edsto podruh\u00e9 Tom\u00e1\u0161e B\u00e1bka, t\u0159et\u00edm m\u00edstem zavr\u0161il suverenitu Dukly Brno v t\u00e9to discipl\u00edn\u011b David Sojka. Dnes se ale da\u0159ilo v\u00edce i dal\u0161\u00edm na\u0161im jezdc\u016fm, kte\u0159\u00ed z\u00edskali v podniku druh\u00e9 kategorie UCI d\u016fle\u017eit\u00e9 [&hellip;]<\/p>\n","protected":false},"author":8,"featured_media":2074,"comment_status":"closed","ping_status":"open","sticky":false,"template":"","format":"standard","meta":{"footnotes":""},"categories":[54,2],"tags":[9],"class_list":["post-2073","post","type-post","status-publish","format-standard","has-post-thumbnail","hentry","category-draha","category-novinky","tag-draha"],"_links":{"self":[{"href":"https:\/\/www.czechcyclingfederation.com\/en\/wp-json\/wp\/v2\/posts\/2073","targetHints":{"allow":["GET"]}}],"collection":[{"href":"https:\/\/www.czechcyclingfederation.com\/en\/wp-json\/wp\/v2\/posts"}],"about":[{"href":"https:\/\/www.czechcyclingfederation.com\/en\/wp-json\/wp\/v2\/types\/post"}],"author":[{"embeddable":true,"href":"https:\/\/www.czechcyclingfederation.com\/en\/wp-json\/wp\/v2\/users\/8"}],"replies":[{"embeddable":true,"href":"https:\/\/www.czechcyclingfederation.com\/en\/wp-json\/wp\/v2\/comments?post=2073"}],"version-history":[{"count":2,"href":"https:\/\/www.czechcyclingfederation.com\/en\/wp-json\/wp\/v2\/posts\/2073\/revisions"}],"predecessor-version":[{"id":2089,"href":"https:\/\/www.czechcyclingfederation.com\/en\/wp-json\/wp\/v2\/posts\/2073\/revisions\/2089"}],"wp:featuredmedia":[{"embeddable":true,"href":"https:\/\/www.czechcyclingfederation.com\/en\/wp-json\/wp\/v2\/media\/2074"}],"wp:attachment":[{"href":"https:\/\/www.czechcyclingfederation.com\/en\/wp-json\/wp\/v2\/media?parent=2073"}],"wp:term":[{"taxonomy":"category","embeddable":true,"href":"https:\/\/www.czechcyclingfederation.com\/en\/wp-json\/wp\/v2\/categories?post=2073"},{"taxonomy":"post_tag","embeddable":true,"href":"https:\/\/www.czechcyclingfederation.com\/en\/wp-json\/wp\/v2\/tags?post=2073"}],"curies":[{"name":"wp","href":"https:\/\/api.w.org\/{rel}","templated":true}]}}