{"id":2064,"date":"2020-08-29T18:38:29","date_gmt":"2020-08-29T16:38:29","guid":{"rendered":"http:\/\/www.czechcyclingfederation.com\/?p=2064"},"modified":"2020-09-03T16:47:10","modified_gmt":"2020-09-03T14:47:10","slug":"cizinci-kralovali-na-strabag-cup-v-brne","status":"publish","type":"post","link":"https:\/\/www.czechcyclingfederation.com\/en\/cizinci-kralovali-na-strabag-cup-v-brne\/","title":{"rendered":"Cizinci kralovali na Strabag Cup v Brn\u011b"},"content":{"rendered":"\n<p><\/p>\n\n\n\n<p>Fin\u00e1lov\u00fd z\u00e1vod Strabag Cupu &#8211; \u010cesk\u00e9ho poh\u00e1ru v cross country v&nbsp;Brn\u011b p\u0159il\u00e1kal na&nbsp; start nesm\u00edrn\u011b silnou konkurenci a podniku kralovali cizinci. Z v\u00edt\u011bzstv\u00ed se radovali Brazilec Henrique Avancini (Cannondale Factory Racing) a Nizozemka Anne Terpstraov\u00e1 (Ghost Factory Racing). Z na\u0161ich z\u00e1vodn\u00edk\u016f si nejl\u00e9pe vedla \u010dtvrt\u00e1 mezi \u017eenami Jana Czeczinkarov\u00e1 (Liv Mistral Cycling) a v z\u00e1vodu mu\u017e\u016f Jan Vastl (Maloja Pushbikers MTB), kter\u00fd dojel osm\u00fd.&nbsp;<\/p>\n\n\n\n<p>V presti\u017en\u00ed kategorii mu\u017e\u016f se se\u0161la takov\u00e1 konkurence, kterou zat\u00edm \u017e\u00e1dn\u00fd z\u00e1vod Strabag Cupu v historii nem\u011bl. Na startu mu\u017e\u016f byli jezdci z dvan\u00e1cti zem\u00ed a rozhodn\u011b nebyli jen do po\u010dtu, ale zcela naopak, ve startovn\u00edm poli byla cel\u00e1 \u0159ada sv\u011btov\u00fdch es.<\/p>\n\n\n\n<p>Do p\u00e1t\u00e9ho kola jezdilo pohromad\u011b vep\u0159edu dev\u011bt biker\u016f a mezi nimi i nejlep\u0161\u00ed \u010cech Ond\u0159ej Cink. Bohu\u017eel jej v polovin\u011b z\u00e1vodu potkal defekt a propadl se a\u017e do poloviny druh\u00e9 des\u00edtky po\u0159ad\u00ed. V ten moment se rozhodoval z\u00e1vod. Po\u0159ad\u00ed se p\u0159eskupilo a do \u0161est\u00e9ho kola vj\u00ed\u017ed\u011bla na \u010dele ji\u017e jen trojice nejlep\u0161\u00edch Avancini, Francouz Maxime Marotte (Cannondale Factory Racing) a italsk\u00fd z\u00e1vodn\u00edk Nadir Colledani (Factory Racing). I tato trojice se ov\u0161em rozd\u011blila a do posledn\u00edho kola jel ji\u017e ka\u017ed\u00fd osamocen\u011b.<\/p>\n\n\n\n<p>Z \u010cech\u016f zajel nejlep\u0161\u00ed z\u00e1vod Vastl, kter\u00fd sice nebyl hned od za\u010d\u00e1tku ve vedouc\u00ed skupin\u011b, ale postupn\u011b se po\u0159ad\u00edm prokous\u00e1val a dostal se a\u017e do elitn\u00ed des\u00edtky. Cink dojel dvan\u00e1ct\u00fd a bezpe\u010dn\u011b uh\u00e1jil v\u00edt\u011bzstv\u00ed v celkov\u00e9m po\u0159ad\u00ed Strabag Cupu, o dv\u011b m\u00edsta za n\u00edm skon\u010dil Luk\u00e1\u0161 Kobes (GAPP System &#8211; KOLOFIX MTB Racing Team) a \u0161estn\u00e1ct\u00fd byl Jan \u0160karnitzl (Cyklostar Trek Mercedes-Benz Praha).<\/p>\n\n\n\n<p>&#8220;Se\u0161la se zde skv\u011bl\u00e1 konkurence, jsem spokojen jak s v\u00fdkonem, tak s um\u00edst\u011bn\u00edm. Ale ide\u00e1ln\u00ed to nebylo, minul\u00fd t\u00fdden jsem jel Swiss Epic a po\u0159\u00e1d se c\u00edt\u00edm unaven\u00fd. Ale dok\u00e1zal jsem udr\u017eet tempo celou dobu, hlavn\u011b ve druh\u00e9 p\u016flce z\u00e1vodu. V t\u00e9 prvn\u00ed jsem m\u011bl z trati trochu respekt, p\u0159ed rokem jsem zde o\u0161kliv\u011b spadl v t\u00e9 kamenit\u00e9 sekci,&#8221; \u0159\u00edkal Jan Vastl.<\/p>\n\n\n\n<p>Siln\u00e1 konkurence se se\u0161la i v z\u00e1vodu \u017een. Sv\u016fj t\u0159et\u00ed start ve \u010dty\u0159d\u00edln\u00e9m seri\u00e1lu prom\u011bnila ve t\u0159et\u00ed v\u00edt\u011bzstv\u00ed, nav\u00edc naprosto suver\u00e9nn\u00ed, nizozemsk\u00e1 bikerka Anne Terpstraov\u00e1 (Ghost Factory Racing). Ta hned od startu nasadila rychl\u00e9 tempo, kter\u00e9 s n\u00ed udr\u017eela jen Polka Maja Wloszczowsk\u00e1 (Kross Racing Team), ale vydr\u017eela ho jen dv\u011b kola a pak ji\u017e si jela Terpstraov\u00e1 sv\u016fj s\u00f3lo z\u00e1vod.<\/p>\n\n\n\n<p>Za nimi jely Slovinka Tanja \u017dakeljov\u00e1 a Jitka \u010c\u00e1belick\u00e1 (GAPP System &#8211; KOLOFIX MTB Racing Team). \u010cesk\u00e1 jedni\u010dka v\u0161ak dnes nem\u011bla sv\u016fj den a nejen\u017ee vypadla z boje o stupn\u011b v\u00edt\u011bzek, ale nakonec skon\u010dila a\u017e \u0161est\u00e1. Ale i to j\u00ed bohat\u011b sta\u010dilo na obhajobu celkov\u00e9ho v\u00edt\u011bzstv\u00ed v Strabag Cupu.<\/p>\n\n\n\n<p>Naopak nejl\u00e9pe se popasovala se zahrani\u010dn\u00ed konkurenc\u00ed Jana Czeczinkarov\u00e1 (Liv Mistral Cycling). Sice neodstartovala nejl\u00e9pe, ale v pr\u016fb\u011bhu z\u00e1vodu se posunula a\u017e na t\u0159et\u00ed pozici. Tu v\u0161ak nakonec neuh\u00e1jila, kdy\u017e se zp\u011bt na bronzov\u00fd stupe\u0148 vr\u00e1tila \u017dakeljov\u00e1. Velmi dob\u0159e si vedla i mlad\u00e1 Tereza S\u00e1skov\u00e1 (Rouvy Specialized). Od za\u010d\u00e1tku jezdila v prvn\u00ed p\u011btici, ale pot\u00e9 ji trochu do\u0161ly s\u00edly a z\u00e1vod dokon\u010dila dvan\u00e1ct\u00e1, ale jako prvn\u00ed ze z\u00e1vodnic kategorie U23.<\/p>\n\n\n\n<p>&#8220;M\u00e1m stra\u0161nou radost, proto\u017ee jsem po startu ud\u011blala stra\u0161nou botu, \u0161krtla jsem si tam o n\u011bkoho \u0159\u00edd\u00edtkama a odj\u00ed\u017ed\u011bla jsem \u00fapln\u011b posledn\u00ed. P\u011bkn\u011b jsem se vytrestala, dostat se znovu dop\u0159edu bylo hodn\u011b n\u00e1ro\u010dn\u00e9. V\u016fbec jsem ne\u010dekala, \u017ee by to nakonec mohlo dopadnout takto. Proto za m\u011b super v\u00fdkon a m\u00e1m velikou radost,&#8221; \u0159\u00edkala v c\u00edli Jana Czeczinkarov\u00e1. &#8220;Dok\u00e1zala jsem Tanju (\u017daklejovou) i dojet, trochu jsem si to d\u00e1vala, pak jsme se i st\u0159\u00eddaly, ale ztuhly m\u011b nohy a soupe\u0159ka mi ujela,&#8221; dodala nejlep\u0161\u00ed \u010desk\u00e1 \u017eena v z\u00e1vod\u011b.<\/p>\n\n\n\n<p>Z\u00e1vod junior\u016f ovl\u00e1dli mlad\u00edci z D\u00e1nska. Zv\u00edt\u011bzil Tobias Lillelun p\u0159ed Oliverem Solvhojem, t\u0159et\u00ed skon\u010dil N\u011bmec Lennart-Jan Krayer. Prvn\u00ed z \u010cech\u016f byl \u010dtvrt\u00fd Jan S\u00e1ska (Rouvy Specialized) a to mu zajistilo celkov\u00e9 prvenstv\u00ed v seri\u00e1lu kdy\u017e se dostal p\u0159ed Davida \u0160ulce (IVAR CS &#8211; Author Team), kter\u00fd dnes dojel a\u017e dev\u00e1t\u00fd. Mezi juniorkami vyhr\u00e1la Polka Matylda Szczecinsk\u00e1, ale druh\u00e9 m\u00edsto Anety Novotn\u00e9 (Adastra Cycling Team) ji posunulo k celkov\u00e9mu v\u00edt\u011bzstv\u00ed v kone\u010dn\u00e9m po\u0159ad\u00ed, kdy\u017e p\u0159edstihla dosud vedouc\u00ed Ad\u00e9lu Holubovou (kola-bbm.cz), kter\u00e1 dnes dojela \u010dtvrt\u00e1.<\/p>\n\n\n\n<p>V\u00fdsledky:<\/p>\n\n\n\n<p>Mu\u017ei:<\/p>\n\n\n\n<p>1. Avancini (Braz.) 1:28:40, 2. Marotte (Fr.) +23, 3. Colledani (It.) +1:06, 4.&nbsp; Rodriguez Cuede (\u0160p.) +1:32, 5. Eggar (N\u011bm.) +1:35, 6. D. Braidot (It.) +1:51,&#8230; 8. Vastl (Maloja Pushbikers MTB) +2:11, 12. Cink (Kross Racing Team) +3:33, 14. Kobes (GAPP System &#8211; KOLOFIX MTB Racing Team) +4:01, 16. \u0160karnitzl (Cyklostar Trek Mercedes-Benz Praha) +4:52.<\/p>\n\n\n\n<p>Kone\u010dn\u00e9 po\u0159ad\u00ed (po 4 z\u00e1vodech):<br>1.Cink 1020, 2. Vastl 920, 3. \u0160karnitzl 830.<\/p>\n\n\n\n<p>\u017deny:<\/p>\n\n\n\n<p>1. Terpstraov\u00e1 (Niz.) 1:30:39, 2. Wloszczowsk\u00e1 (Pol.) +1:30, 3. \u017dakeljov\u00e1 (Slovin) +3:11, 4. Czeczinkarov\u00e1 (Liv Mistral Cycling) +3:49, 5. Mart\u00ednezov\u00e1 (\u0160p.) +4:17, 6. \u010c\u00e1belick\u00e1 (GAPP System &#8211; KOLOFIX MTB Racing Team) +4:47.&nbsp;&nbsp;&nbsp;<\/p>\n\n\n\n<p>Kone\u010dn\u00e9 po\u0159ad\u00ed (po 4 z\u00e1vodech):<br>1.\u010c\u00e1belick\u00e1 1050, 2. Czeczinkarov\u00e1 920, 3. Terpstraov\u00e1 900.<\/p>\n\n\n\n<p>Junio\u0159i:<\/p>\n\n\n\n<p>1. Lillelun 1:09:12, 2. Solvhoj (oba D\u00e1n.) +55, 3. Krayer (N\u011bm.) +1:42, 4. S\u00e1ska (Rouvy Specialized) +1:47, 5. Lindquist (\u0160v\u00e9d.) +1:50, 6. Klemen\u010di\u010d (Slovin.) +2:54.<\/p>\n\n\n\n<p>Kone\u010dn\u00e9 po\u0159ad\u00ed (po 4 z\u00e1vodech):<\/p>\n\n\n\n<p>1. S\u00e1ska 1040, 2. \u0160ulc (IVAR &#8211; CS Author Team) 1000, 3. \u017dvak (EXPRES CZ &#8211; Merida Team Kol\u00edn) 780.<\/p>\n\n\n\n<p>Juniorky:<\/p>\n\n\n\n<p>1.Szczecinsk\u00e1 (Pol.) 1:08:37, 2. Novotn\u00e1 (Adastra Cycling Team) +6, 3. Pesseov\u00e1 (It.) +7, 4. Holubov\u00e1 (kola-bbm.cz) +1:09, 5. Bedrn\u00edkov\u00e1 (Expres CZ &#8211; Tufo Team Kol\u00edn) +1:19, 6. van Thielov\u00e1 (N\u011bm.) +2:05.<\/p>\n\n\n\n<p>Kone\u010dn\u00e9 po\u0159ad\u00ed (po 4 z\u00e1vodech):<\/p>\n\n\n\n<p>1.Novotn\u00e1 1090, 2. Holubov\u00e1 1080, 3. Bedrn\u00edkov\u00e1 900.<\/p>\n\n\n\n<p>FOTO Ji\u0159\u00ed Greif<\/p>\n\n\n\n<figure class=\"wp-block-image size-large\"><img loading=\"lazy\" decoding=\"async\" width=\"997\" height=\"1024\" src=\"https:\/\/www.czechcyclingfederation.com\/wp-content\/uploads\/2020\/08\/Avancini-IMG_9243-Greif-997x1024.jpg\" alt=\"\" class=\"wp-image-2066\" srcset=\"https:\/\/www.czechcyclingfederation.com\/wp-content\/uploads\/2020\/08\/Avancini-IMG_9243-Greif-997x1024.jpg 997w, https:\/\/www.czechcyclingfederation.com\/wp-content\/uploads\/2020\/08\/Avancini-IMG_9243-Greif-195x200.jpg 195w, https:\/\/www.czechcyclingfederation.com\/wp-content\/uploads\/2020\/08\/Avancini-IMG_9243-Greif-768x789.jpg 768w, https:\/\/www.czechcyclingfederation.com\/wp-content\/uploads\/2020\/08\/Avancini-IMG_9243-Greif.jpg 1168w\" sizes=\"auto, (max-width: 997px) 100vw, 997px\" \/><\/figure>\n\n\n\n<figure class=\"wp-block-image size-large\"><img loading=\"lazy\" decoding=\"async\" width=\"1024\" height=\"711\" src=\"https:\/\/www.czechcyclingfederation.com\/wp-content\/uploads\/2020\/08\/Czeczinkarov\u00e1-DSC09279-Greif-1024x711.jpg\" alt=\"\" class=\"wp-image-2067\" srcset=\"https:\/\/www.czechcyclingfederation.com\/wp-content\/uploads\/2020\/08\/Czeczinkarov\u00e1-DSC09279-Greif-1024x711.jpg 1024w, https:\/\/www.czechcyclingfederation.com\/wp-content\/uploads\/2020\/08\/Czeczinkarov\u00e1-DSC09279-Greif-288x200.jpg 288w, https:\/\/www.czechcyclingfederation.com\/wp-content\/uploads\/2020\/08\/Czeczinkarov\u00e1-DSC09279-Greif-768x533.jpg 768w, https:\/\/www.czechcyclingfederation.com\/wp-content\/uploads\/2020\/08\/Czeczinkarov\u00e1-DSC09279-Greif.jpg 1200w\" sizes=\"auto, (max-width: 1024px) 100vw, 1024px\" \/><\/figure>\n\n\n\n<figure class=\"wp-block-image size-large\"><img loading=\"lazy\" decoding=\"async\" width=\"1024\" height=\"736\" src=\"https:\/\/www.czechcyclingfederation.com\/wp-content\/uploads\/2020\/08\/Vastl-DSC09637-Greif-1024x736.jpg\" alt=\"\" class=\"wp-image-2069\" srcset=\"https:\/\/www.czechcyclingfederation.com\/wp-content\/uploads\/2020\/08\/Vastl-DSC09637-Greif-1024x736.jpg 1024w, https:\/\/www.czechcyclingfederation.com\/wp-content\/uploads\/2020\/08\/Vastl-DSC09637-Greif-278x200.jpg 278w, https:\/\/www.czechcyclingfederation.com\/wp-content\/uploads\/2020\/08\/Vastl-DSC09637-Greif-768x552.jpg 768w, https:\/\/www.czechcyclingfederation.com\/wp-content\/uploads\/2020\/08\/Vastl-DSC09637-Greif.jpg 1200w\" sizes=\"auto, (max-width: 1024px) 100vw, 1024px\" \/><\/figure>\n","protected":false},"excerpt":{"rendered":"<p>Fin\u00e1lov\u00fd z\u00e1vod Strabag Cupu &#8211; \u010cesk\u00e9ho poh\u00e1ru v cross country v&nbsp;Brn\u011b p\u0159il\u00e1kal na&nbsp; start nesm\u00edrn\u011b silnou konkurenci a podniku kralovali cizinci. Z v\u00edt\u011bzstv\u00ed se radovali Brazilec Henrique Avancini (Cannondale Factory Racing) a Nizozemka Anne Terpstraov\u00e1 (Ghost Factory Racing). Z na\u0161ich z\u00e1vodn\u00edk\u016f si nejl\u00e9pe vedla \u010dtvrt\u00e1 mezi \u017eenami Jana Czeczinkarov\u00e1 (Liv Mistral Cycling) a v z\u00e1vodu [&hellip;]<\/p>\n","protected":false},"author":8,"featured_media":2065,"comment_status":"closed","ping_status":"open","sticky":false,"template":"","format":"standard","meta":{"footnotes":""},"categories":[6,2],"tags":[10],"class_list":["post-2064","post","type-post","status-publish","format-standard","has-post-thumbnail","hentry","category-mtb","category-novinky","tag-mtb"],"_links":{"self":[{"href":"https:\/\/www.czechcyclingfederation.com\/en\/wp-json\/wp\/v2\/posts\/2064","targetHints":{"allow":["GET"]}}],"collection":[{"href":"https:\/\/www.czechcyclingfederation.com\/en\/wp-json\/wp\/v2\/posts"}],"about":[{"href":"https:\/\/www.czechcyclingfederation.com\/en\/wp-json\/wp\/v2\/types\/post"}],"author":[{"embeddable":true,"href":"https:\/\/www.czechcyclingfederation.com\/en\/wp-json\/wp\/v2\/users\/8"}],"replies":[{"embeddable":true,"href":"https:\/\/www.czechcyclingfederation.com\/en\/wp-json\/wp\/v2\/comments?post=2064"}],"version-history":[{"count":5,"href":"https:\/\/www.czechcyclingfederation.com\/en\/wp-json\/wp\/v2\/posts\/2064\/revisions"}],"predecessor-version":[{"id":2096,"href":"https:\/\/www.czechcyclingfederation.com\/en\/wp-json\/wp\/v2\/posts\/2064\/revisions\/2096"}],"wp:featuredmedia":[{"embeddable":true,"href":"https:\/\/www.czechcyclingfederation.com\/en\/wp-json\/wp\/v2\/media\/2065"}],"wp:attachment":[{"href":"https:\/\/www.czechcyclingfederation.com\/en\/wp-json\/wp\/v2\/media?parent=2064"}],"wp:term":[{"taxonomy":"category","embeddable":true,"href":"https:\/\/www.czechcyclingfederation.com\/en\/wp-json\/wp\/v2\/categories?post=2064"},{"taxonomy":"post_tag","embeddable":true,"href":"https:\/\/www.czechcyclingfederation.com\/en\/wp-json\/wp\/v2\/tags?post=2064"}],"curies":[{"name":"wp","href":"https:\/\/api.w.org\/{rel}","templated":true}]}}