{"id":2055,"date":"2020-08-28T22:30:16","date_gmt":"2020-08-28T20:30:16","guid":{"rendered":"http:\/\/www.czechcyclingfederation.com\/?p=2055"},"modified":"2020-09-02T14:19:37","modified_gmt":"2020-09-02T12:19:37","slug":"sprinteri-dukly-brno-ovladli-memorial-otmara-malecka","status":"publish","type":"post","link":"https:\/\/www.czechcyclingfederation.com\/en\/sprinteri-dukly-brno-ovladli-memorial-otmara-malecka\/","title":{"rendered":"Sprinte\u0159i Dukly Brno ovl\u00e1dli Memori\u00e1l Otmara Male\u010dka"},"content":{"rendered":"\n<p><\/p>\n\n\n\n<p>Memori\u00e1l Otmara Male\u010dka na prost\u011bjovsk\u00e9m velodromu ovl\u00e1dli v keirinu jezdci Dukly Brno. Kompletn\u011b v po\u0159ad\u00ed Martin \u010cechman, Tom\u00e1\u0161 B\u00e1bek a Jakub \u0160\u0165astn\u00fd obsadili stupn\u011b v\u00edt\u011bz\u016f. V dal\u0161\u00edch discipl\u00edn\u00e1ch ale dom\u00e1c\u00ed pab\u011brkovali. V omniu byl nejlep\u0161\u00ed Ital Francesco Lamon, nejlep\u0161\u00edm dom\u00e1c\u00edm jezdcem byl sedm\u00fd Denis Rugovac z Dukly Praha.<\/p>\n\n\n\n<p>Mezi \u017eenami op\u011bt dominovaly polsk\u00e9 dr\u00e1ha\u0159ky. Sestry Daria a Wiktoria Pikulikovy byly nejlep\u0161\u00ed v madisonu, Daria p\u0159idala prvenstv\u00ed ve scratchi a Wiktoria v bodovac\u00edm z\u00e1vodu, jejich ktrajanka Urszula Lo\u0161ov\u00e1 vyhr\u00e1la sprint. Na stupn\u011b v\u00edt\u011bz\u016f se je\u0161t\u011b dostal v omniu junior\u016f druh\u00fd Pavel Nov\u00e1k (TUFO Pardus Prostejov), kter\u00fd nesta\u010dil jen n\u011bmeck\u00e9ho jezdce Malte Maschkeho.<\/p>\n\n\n\n<p>V\u00fdsledky:<\/p>\n\n\n\n<p>Mu\u017ei:<\/p>\n\n\n\n<p>Omnium:<\/p>\n\n\n\n<p>1. Lamon (It.) 124, 2. Malmberg (D\u00fd\u00e1n.) 120, 3.&nbsp; Staniszewski (Pol.) 113, 4. Heijnen (Niz.) 106, 5. Donega (It.) 103, 6. B. Rudyk (Pol.) 91, 7. Rugovac (Dukla Praha) 87.<\/p>\n\n\n\n<p>Keirin<\/p>\n\n\n\n<p>1. \u010cechman, 2. B\u00e1bek, 3. \u0160\u0165astn\u00fd (v\u0161ichni Dukla Praha), 4. Bohusl\u00e1vek (Bikrosklub \u0158epy), 5. Bianchi (It.), 6. Sojka (Duka Brno).<\/p>\n\n\n\n<p>Junio\u0159i:<\/p>\n\n\n\n<p>Omnium:<\/p>\n\n\n\n<p>1. Maschke (N\u011bm.) 154, 2. Nov\u00e1k (TUFO Pardus Prostejov) 150, 3. Drescher (N\u011bm.) 148, 4. M. Kobl\u00ed\u017eek (TUFO Pardus Prostejov) 115, 5. \u010cepek (Dukla Praha) 104.<\/p>\n\n\n\n<p>\u017deny:<\/p>\n\n\n\n<p>Madison:<\/p>\n\n\n\n<p>1. D. Pikulikov\u00e1, W. Pikulikov\u00e1 (Pol.) 43, 2. Ba\u010d\u00edkov\u00e1, Stockov\u00e1 (SR\/N\u011bm.) 21, 3. S\u00fcsselmilchov\u00e1, Reissnerov\u00e1 (N\u011bm.) 14, &#8230;5. S. D\u017eerengov\u00e1, B\u00e1rtov\u00e1 (Dukla Praha\/TUFO Pardus Prost\u011bjov) -18, 6. Kohoutkov\u00e1, Hejhalov\u00e1 (Dukla Praha) -18.<\/p>\n\n\n\n<p>Scratch:<\/p>\n\n\n\n<p>1. D. Pikulikov\u00e1, 2. Stockov\u00e1, 3. S\u00fcsselmilchov\u00e1, &#8230;10. B\u00e1rtov\u00e1.<\/p>\n\n\n\n<p>Sprint:<\/p>\n\n\n\n<p>1. Lo\u0161ov\u00e1, 2. Korwack\u00e1, 3. Sibiakov\u00e1, 4. Semerakov\u00e1 (v\u0161echny Pol.), 5. S. Ka\u0148kovsk\u00e1, &#8230;7. Jaborn\u00edkov\u00e1 (oba Dukla Brno).<\/p>\n\n\n\n<p>Bodovac\u00ed z\u00e1vod:<\/p>\n\n\n\n<p>1. W. Pikulikov\u00e1 44, 2. Riessnerov\u00e1 38, 3. Plosajov\u00e1 (Pol.) 31, &#8230;5. Hejhalov\u00e1 20.<\/p>\n\n\n\n<p>FOTO Jan Brychta<\/p>\n\n\n\n<figure class=\"wp-block-image size-large\"><img loading=\"lazy\" decoding=\"async\" width=\"1024\" height=\"681\" src=\"https:\/\/www.czechcyclingfederation.com\/wp-content\/uploads\/2020\/08\/BrychtaJan_MOM_Prostejov_Malecek_20200828_165635_DSC_1649-1024x681.jpg\" alt=\"\" class=\"wp-image-2057\" srcset=\"https:\/\/www.czechcyclingfederation.com\/wp-content\/uploads\/2020\/08\/BrychtaJan_MOM_Prostejov_Malecek_20200828_165635_DSC_1649-1024x681.jpg 1024w, https:\/\/www.czechcyclingfederation.com\/wp-content\/uploads\/2020\/08\/BrychtaJan_MOM_Prostejov_Malecek_20200828_165635_DSC_1649-300x200.jpg 300w, https:\/\/www.czechcyclingfederation.com\/wp-content\/uploads\/2020\/08\/BrychtaJan_MOM_Prostejov_Malecek_20200828_165635_DSC_1649-768x511.jpg 768w, https:\/\/www.czechcyclingfederation.com\/wp-content\/uploads\/2020\/08\/BrychtaJan_MOM_Prostejov_Malecek_20200828_165635_DSC_1649-1536x1022.jpg 1536w, https:\/\/www.czechcyclingfederation.com\/wp-content\/uploads\/2020\/08\/BrychtaJan_MOM_Prostejov_Malecek_20200828_165635_DSC_1649-1320x878.jpg 1320w, https:\/\/www.czechcyclingfederation.com\/wp-content\/uploads\/2020\/08\/BrychtaJan_MOM_Prostejov_Malecek_20200828_165635_DSC_1649.jpg 2000w\" sizes=\"auto, (max-width: 1024px) 100vw, 1024px\" \/><\/figure>\n\n\n\n<figure class=\"wp-block-image size-large\"><img loading=\"lazy\" decoding=\"async\" width=\"1024\" height=\"681\" src=\"https:\/\/www.czechcyclingfederation.com\/wp-content\/uploads\/2020\/08\/BrychtaJan_MOM_Prostejov_Malecek_20200828_190311_DSC_2201-1024x681.jpg\" alt=\"\" class=\"wp-image-2058\" srcset=\"https:\/\/www.czechcyclingfederation.com\/wp-content\/uploads\/2020\/08\/BrychtaJan_MOM_Prostejov_Malecek_20200828_190311_DSC_2201-1024x681.jpg 1024w, https:\/\/www.czechcyclingfederation.com\/wp-content\/uploads\/2020\/08\/BrychtaJan_MOM_Prostejov_Malecek_20200828_190311_DSC_2201-300x200.jpg 300w, https:\/\/www.czechcyclingfederation.com\/wp-content\/uploads\/2020\/08\/BrychtaJan_MOM_Prostejov_Malecek_20200828_190311_DSC_2201-768x511.jpg 768w, https:\/\/www.czechcyclingfederation.com\/wp-content\/uploads\/2020\/08\/BrychtaJan_MOM_Prostejov_Malecek_20200828_190311_DSC_2201-1536x1022.jpg 1536w, https:\/\/www.czechcyclingfederation.com\/wp-content\/uploads\/2020\/08\/BrychtaJan_MOM_Prostejov_Malecek_20200828_190311_DSC_2201-1320x878.jpg 1320w, https:\/\/www.czechcyclingfederation.com\/wp-content\/uploads\/2020\/08\/BrychtaJan_MOM_Prostejov_Malecek_20200828_190311_DSC_2201.jpg 2000w\" sizes=\"auto, (max-width: 1024px) 100vw, 1024px\" \/><\/figure>\n\n\n\n<figure class=\"wp-block-image size-large\"><img loading=\"lazy\" decoding=\"async\" width=\"1024\" height=\"681\" src=\"https:\/\/www.czechcyclingfederation.com\/wp-content\/uploads\/2020\/08\/BrychtaJan_MOM_Prostejov_Malecek_20200828_191053_DSC_2236-1024x681.jpg\" alt=\"\" class=\"wp-image-2059\" srcset=\"https:\/\/www.czechcyclingfederation.com\/wp-content\/uploads\/2020\/08\/BrychtaJan_MOM_Prostejov_Malecek_20200828_191053_DSC_2236-1024x681.jpg 1024w, https:\/\/www.czechcyclingfederation.com\/wp-content\/uploads\/2020\/08\/BrychtaJan_MOM_Prostejov_Malecek_20200828_191053_DSC_2236-300x200.jpg 300w, https:\/\/www.czechcyclingfederation.com\/wp-content\/uploads\/2020\/08\/BrychtaJan_MOM_Prostejov_Malecek_20200828_191053_DSC_2236-768x511.jpg 768w, https:\/\/www.czechcyclingfederation.com\/wp-content\/uploads\/2020\/08\/BrychtaJan_MOM_Prostejov_Malecek_20200828_191053_DSC_2236-1536x1022.jpg 1536w, https:\/\/www.czechcyclingfederation.com\/wp-content\/uploads\/2020\/08\/BrychtaJan_MOM_Prostejov_Malecek_20200828_191053_DSC_2236-1320x878.jpg 1320w, https:\/\/www.czechcyclingfederation.com\/wp-content\/uploads\/2020\/08\/BrychtaJan_MOM_Prostejov_Malecek_20200828_191053_DSC_2236.jpg 2000w\" sizes=\"auto, (max-width: 1024px) 100vw, 1024px\" \/><\/figure>\n\n\n\n<figure class=\"wp-block-image size-large\"><img loading=\"lazy\" decoding=\"async\" width=\"1024\" height=\"684\" src=\"https:\/\/www.czechcyclingfederation.com\/wp-content\/uploads\/2020\/08\/BrychtaJan_MOM_Prostejov_Malecek_20200828_195018_DSC_5020-1024x684.jpg\" alt=\"\" class=\"wp-image-2060\" srcset=\"https:\/\/www.czechcyclingfederation.com\/wp-content\/uploads\/2020\/08\/BrychtaJan_MOM_Prostejov_Malecek_20200828_195018_DSC_5020-1024x684.jpg 1024w, https:\/\/www.czechcyclingfederation.com\/wp-content\/uploads\/2020\/08\/BrychtaJan_MOM_Prostejov_Malecek_20200828_195018_DSC_5020-300x200.jpg 300w, https:\/\/www.czechcyclingfederation.com\/wp-content\/uploads\/2020\/08\/BrychtaJan_MOM_Prostejov_Malecek_20200828_195018_DSC_5020-768x513.jpg 768w, https:\/\/www.czechcyclingfederation.com\/wp-content\/uploads\/2020\/08\/BrychtaJan_MOM_Prostejov_Malecek_20200828_195018_DSC_5020-1536x1025.jpg 1536w, https:\/\/www.czechcyclingfederation.com\/wp-content\/uploads\/2020\/08\/BrychtaJan_MOM_Prostejov_Malecek_20200828_195018_DSC_5020-1320x881.jpg 1320w, https:\/\/www.czechcyclingfederation.com\/wp-content\/uploads\/2020\/08\/BrychtaJan_MOM_Prostejov_Malecek_20200828_195018_DSC_5020.jpg 2000w\" sizes=\"auto, (max-width: 1024px) 100vw, 1024px\" \/><\/figure>\n\n\n\n<figure class=\"wp-block-image size-large\"><img loading=\"lazy\" decoding=\"async\" width=\"1024\" height=\"684\" src=\"https:\/\/www.czechcyclingfederation.com\/wp-content\/uploads\/2020\/08\/BrychtaJan_MOM_Prostejov_Malecek_20200828_190858_DSC_4980-1024x684.jpg\" alt=\"\" class=\"wp-image-2061\" srcset=\"https:\/\/www.czechcyclingfederation.com\/wp-content\/uploads\/2020\/08\/BrychtaJan_MOM_Prostejov_Malecek_20200828_190858_DSC_4980-1024x684.jpg 1024w, https:\/\/www.czechcyclingfederation.com\/wp-content\/uploads\/2020\/08\/BrychtaJan_MOM_Prostejov_Malecek_20200828_190858_DSC_4980-300x200.jpg 300w, https:\/\/www.czechcyclingfederation.com\/wp-content\/uploads\/2020\/08\/BrychtaJan_MOM_Prostejov_Malecek_20200828_190858_DSC_4980-768x513.jpg 768w, https:\/\/www.czechcyclingfederation.com\/wp-content\/uploads\/2020\/08\/BrychtaJan_MOM_Prostejov_Malecek_20200828_190858_DSC_4980-1536x1025.jpg 1536w, https:\/\/www.czechcyclingfederation.com\/wp-content\/uploads\/2020\/08\/BrychtaJan_MOM_Prostejov_Malecek_20200828_190858_DSC_4980-1320x881.jpg 1320w, https:\/\/www.czechcyclingfederation.com\/wp-content\/uploads\/2020\/08\/BrychtaJan_MOM_Prostejov_Malecek_20200828_190858_DSC_4980.jpg 2000w\" sizes=\"auto, (max-width: 1024px) 100vw, 1024px\" \/><\/figure>\n\n\n\n<figure class=\"wp-block-image size-large\"><img loading=\"lazy\" decoding=\"async\" width=\"1024\" height=\"681\" src=\"https:\/\/www.czechcyclingfederation.com\/wp-content\/uploads\/2020\/08\/BrychtaJan_MOM_Prostejov_Malecek_20200828_165149_DSC_1629-1024x681.jpg\" alt=\"\" class=\"wp-image-2062\" srcset=\"https:\/\/www.czechcyclingfederation.com\/wp-content\/uploads\/2020\/08\/BrychtaJan_MOM_Prostejov_Malecek_20200828_165149_DSC_1629-1024x681.jpg 1024w, https:\/\/www.czechcyclingfederation.com\/wp-content\/uploads\/2020\/08\/BrychtaJan_MOM_Prostejov_Malecek_20200828_165149_DSC_1629-300x200.jpg 300w, https:\/\/www.czechcyclingfederation.com\/wp-content\/uploads\/2020\/08\/BrychtaJan_MOM_Prostejov_Malecek_20200828_165149_DSC_1629-768x511.jpg 768w, https:\/\/www.czechcyclingfederation.com\/wp-content\/uploads\/2020\/08\/BrychtaJan_MOM_Prostejov_Malecek_20200828_165149_DSC_1629-1536x1022.jpg 1536w, https:\/\/www.czechcyclingfederation.com\/wp-content\/uploads\/2020\/08\/BrychtaJan_MOM_Prostejov_Malecek_20200828_165149_DSC_1629-1320x878.jpg 1320w, https:\/\/www.czechcyclingfederation.com\/wp-content\/uploads\/2020\/08\/BrychtaJan_MOM_Prostejov_Malecek_20200828_165149_DSC_1629.jpg 2000w\" sizes=\"auto, (max-width: 1024px) 100vw, 1024px\" \/><\/figure>\n","protected":false},"excerpt":{"rendered":"<p>Memori\u00e1l Otmara Male\u010dka na prost\u011bjovsk\u00e9m velodromu ovl\u00e1dli v keirinu jezdci Dukly Brno. Kompletn\u011b v po\u0159ad\u00ed Martin \u010cechman, Tom\u00e1\u0161 B\u00e1bek a Jakub \u0160\u0165astn\u00fd obsadili stupn\u011b v\u00edt\u011bz\u016f. V dal\u0161\u00edch discipl\u00edn\u00e1ch ale dom\u00e1c\u00ed pab\u011brkovali. V omniu byl nejlep\u0161\u00ed Ital Francesco Lamon, nejlep\u0161\u00edm dom\u00e1c\u00edm jezdcem byl sedm\u00fd Denis Rugovac z Dukly Praha. Mezi \u017eenami op\u011bt dominovaly polsk\u00e9 dr\u00e1ha\u0159ky. Sestry [&hellip;]<\/p>\n","protected":false},"author":8,"featured_media":2056,"comment_status":"closed","ping_status":"open","sticky":false,"template":"","format":"standard","meta":{"footnotes":""},"categories":[54,2],"tags":[9],"class_list":["post-2055","post","type-post","status-publish","format-standard","has-post-thumbnail","hentry","category-draha","category-novinky","tag-draha"],"_links":{"self":[{"href":"https:\/\/www.czechcyclingfederation.com\/en\/wp-json\/wp\/v2\/posts\/2055","targetHints":{"allow":["GET"]}}],"collection":[{"href":"https:\/\/www.czechcyclingfederation.com\/en\/wp-json\/wp\/v2\/posts"}],"about":[{"href":"https:\/\/www.czechcyclingfederation.com\/en\/wp-json\/wp\/v2\/types\/post"}],"author":[{"embeddable":true,"href":"https:\/\/www.czechcyclingfederation.com\/en\/wp-json\/wp\/v2\/users\/8"}],"replies":[{"embeddable":true,"href":"https:\/\/www.czechcyclingfederation.com\/en\/wp-json\/wp\/v2\/comments?post=2055"}],"version-history":[{"count":1,"href":"https:\/\/www.czechcyclingfederation.com\/en\/wp-json\/wp\/v2\/posts\/2055\/revisions"}],"predecessor-version":[{"id":2063,"href":"https:\/\/www.czechcyclingfederation.com\/en\/wp-json\/wp\/v2\/posts\/2055\/revisions\/2063"}],"wp:featuredmedia":[{"embeddable":true,"href":"https:\/\/www.czechcyclingfederation.com\/en\/wp-json\/wp\/v2\/media\/2056"}],"wp:attachment":[{"href":"https:\/\/www.czechcyclingfederation.com\/en\/wp-json\/wp\/v2\/media?parent=2055"}],"wp:term":[{"taxonomy":"category","embeddable":true,"href":"https:\/\/www.czechcyclingfederation.com\/en\/wp-json\/wp\/v2\/categories?post=2055"},{"taxonomy":"post_tag","embeddable":true,"href":"https:\/\/www.czechcyclingfederation.com\/en\/wp-json\/wp\/v2\/tags?post=2055"}],"curies":[{"name":"wp","href":"https:\/\/api.w.org\/{rel}","templated":true}]}}