{"id":2031,"date":"2020-08-27T09:22:50","date_gmt":"2020-08-27T07:22:50","guid":{"rendered":"http:\/\/www.czechcyclingfederation.com\/?p=2031"},"modified":"2020-08-30T20:37:12","modified_gmt":"2020-08-30T18:37:12","slug":"uci-vydala-protokol-o-obnoveni-zavodu-horskych-kol","status":"publish","type":"post","link":"https:\/\/www.czechcyclingfederation.com\/en\/uci-vydala-protokol-o-obnoveni-zavodu-horskych-kol\/","title":{"rendered":"UCI vydala protokol o obnoven\u00ed z\u00e1vod\u016f horsk\u00fdch kol"},"content":{"rendered":"\n<p><\/p>\n\n\n\n<p>V reakci na pandemii coronaviru vydala Mezin\u00e1rodn\u00ed cyklistick\u00e1 unie (UCI) protokol o obnoven\u00ed sez\u00f3ny horsk\u00fdch kol. A\u017e dosud byly odlo\u017eeny stovky mezin\u00e1rodn\u00edch z\u00e1vod\u016f. Ten se zam\u011b\u0159uje hlavn\u011b na zdrav\u00ed a s&nbsp;t\u00edm spojen\u00e9 postupy.<\/p>\n\n\n\n<p>Tento dokument se vztahuje na v\u0161echny mezin\u00e1rodn\u00ed sout\u011b\u017ee registrovan\u00e9 UCI a je navr\u017een tak, aby organiz\u00e1tor\u016fm, jezdc\u016fm a t\u00fdm\u016fm poskytoval informace a opat\u0159en\u00ed, kter\u00e1 umo\u017en\u00ed n\u00e1vrat k&nbsp;z\u00e1vod\u011bn\u00ed a zaru\u010d\u00ed bezpe\u010dnost ka\u017ed\u00e9ho \u00fa\u010dastn\u00edka. Stejn\u011b jako protokol zaveden\u00fd pro silni\u010dn\u00ed cyklistiku je i tento dokument zalo\u017een na principu \u201ebublina\u201c.<\/p>\n\n\n\n<p>&nbsp;\u201eTento protokol pro mezin\u00e1rodn\u00ed akce na horsk\u00fdch kolech je d\u016fle\u017eit\u00fd kousek v puzzle, aby se n\u00e1\u0161 sport znovu o\u017eil. Princip \u201et\u00fdmov\u00e9 bubliny\u201c, p\u0159ijat\u00fd silni\u010dn\u00ed cyklistika, byl ud\u011bl\u00e1n i pro bikovou cyklistiku. T\u00fdmy a jezdci nesou odpov\u011bdnost za uplat\u0148ov\u00e1n\u00ed t\u011bchto opat\u0159en\u00ed,\u201c \u0159ekl prezident UCI David Lappartient.<\/p>\n\n\n\n<p>Kompletn\u00ed protokol najdete v&nbsp;dokumentu v p\u0159\u00edloze.<\/p>\n\n\n<div class=\"wp-block-file\">\r\n                <a target=\"_blank\" rel=\"noopener\" href=\"https:\/\/www.czechcyclingfederation.com\/wp-content\/uploads\/2020\/08\/PRESS-RELEASE-The-UCI-publishes-protocol-for-the-resumption-of-mountain-bike-competitions-in-2020.pdf\" class=\"wp-block-file__button wp-element-button\">\r\n                    <span class=\"wp-block-file__icon\"><\/span>\r\n                    PRESS-RELEASE-The-UCI-publishes-protocol-for-the-resumption-of-mountain-bike-competitions-in-2020\r\n                <\/a>\r\n            <\/div>","protected":false},"excerpt":{"rendered":"<p>V reakci na pandemii coronaviru vydala Mezin\u00e1rodn\u00ed cyklistick\u00e1 unie (UCI) protokol o obnoven\u00ed sez\u00f3ny horsk\u00fdch kol. A\u017e dosud byly odlo\u017eeny stovky mezin\u00e1rodn\u00edch z\u00e1vod\u016f. Ten se zam\u011b\u0159uje hlavn\u011b na zdrav\u00ed a s&nbsp;t\u00edm spojen\u00e9 postupy. Tento dokument se vztahuje na v\u0161echny mezin\u00e1rodn\u00ed sout\u011b\u017ee registrovan\u00e9 UCI a je navr\u017een tak, aby organiz\u00e1tor\u016fm, jezdc\u016fm a t\u00fdm\u016fm poskytoval informace a [&hellip;]<\/p>\n","protected":false},"author":8,"featured_media":1706,"comment_status":"closed","ping_status":"open","sticky":false,"template":"","format":"standard","meta":{"footnotes":""},"categories":[6,2],"tags":[123],"class_list":["post-2031","post","type-post","status-publish","format-standard","has-post-thumbnail","hentry","category-mtb","category-novinky","tag-horska-kola"],"_links":{"self":[{"href":"https:\/\/www.czechcyclingfederation.com\/en\/wp-json\/wp\/v2\/posts\/2031","targetHints":{"allow":["GET"]}}],"collection":[{"href":"https:\/\/www.czechcyclingfederation.com\/en\/wp-json\/wp\/v2\/posts"}],"about":[{"href":"https:\/\/www.czechcyclingfederation.com\/en\/wp-json\/wp\/v2\/types\/post"}],"author":[{"embeddable":true,"href":"https:\/\/www.czechcyclingfederation.com\/en\/wp-json\/wp\/v2\/users\/8"}],"replies":[{"embeddable":true,"href":"https:\/\/www.czechcyclingfederation.com\/en\/wp-json\/wp\/v2\/comments?post=2031"}],"version-history":[{"count":2,"href":"https:\/\/www.czechcyclingfederation.com\/en\/wp-json\/wp\/v2\/posts\/2031\/revisions"}],"predecessor-version":[{"id":2114,"href":"https:\/\/www.czechcyclingfederation.com\/en\/wp-json\/wp\/v2\/posts\/2031\/revisions\/2114"}],"wp:featuredmedia":[{"embeddable":true,"href":"https:\/\/www.czechcyclingfederation.com\/en\/wp-json\/wp\/v2\/media\/1706"}],"wp:attachment":[{"href":"https:\/\/www.czechcyclingfederation.com\/en\/wp-json\/wp\/v2\/media?parent=2031"}],"wp:term":[{"taxonomy":"category","embeddable":true,"href":"https:\/\/www.czechcyclingfederation.com\/en\/wp-json\/wp\/v2\/categories?post=2031"},{"taxonomy":"post_tag","embeddable":true,"href":"https:\/\/www.czechcyclingfederation.com\/en\/wp-json\/wp\/v2\/tags?post=2031"}],"curies":[{"name":"wp","href":"https:\/\/api.w.org\/{rel}","templated":true}]}}