{"id":2021,"date":"2020-08-26T22:45:59","date_gmt":"2020-08-26T20:45:59","guid":{"rendered":"http:\/\/www.czechcyclingfederation.com\/?p=2021"},"modified":"2020-08-30T20:37:35","modified_gmt":"2020-08-30T18:37:35","slug":"pietrula-vyhral-bodovacku-na-gp-csc-v-prostejove","status":"publish","type":"post","link":"https:\/\/www.czechcyclingfederation.com\/en\/pietrula-vyhral-bodovacku-na-gp-csc-v-prostejove\/","title":{"rendered":"Pietrula vyhr\u00e1l bodova\u010dku na GP \u010cSC v Prost\u011bjov\u011b"},"content":{"rendered":"\n<p><\/p>\n\n\n\n<p>Jezdec Dukly Praha Nicolas Pietrula ovl\u00e1dl bodovac\u00ed z\u00e1vod na podniku druh\u00e9 kategorie kalend\u00e1\u0159e UCI GP \u010cSC, Velk\u00e9 ven Olomouck\u00e9ho kraje v Prost\u011bjov\u011b. Nasb\u00edral celkem 60 bod\u016f, o t\u0159i v\u00edce ne\u017e druh\u00fd Joffrey Francouz Degueurce, t\u0159et\u00ed skon\u010dil se 46 body Vincent Hoppezak z Nizozem\u00ed.<\/p>\n\n\n\n<p>Jinak nejv\u00edce se op\u011bt da\u0159ilo polsk\u00fdm dr\u00e1ha\u0159\u016fm. Sprint vyhr\u00e1l, stejn\u011b jako keirin, Mateusz Rudyk, z dom\u00e1c\u00edch jezdc\u016f bl Tom\u00e1\u0161 B\u00e1bek \u010dtvrt\u00fd a p\u00e1t\u00fd skon\u010dil Jakub \u0160\u0165astn\u00fd. Scratch se stal ko\u0159ist\u00ed Bartosze Rudyka. Madison vyhr\u00e1li D\u00e1nov\u00e9 Matias Malmberg a Frederik Wandahl p\u0159ed Pietrulou a Janem Krausem.<\/p>\n\n\n\n<p>Ve v\u00edt\u011bzn\u00e9m ta\u017een\u00ed pokra\u010doval Polka Daria Pikulikov\u00e1, kter\u00e1 dnes vyhr\u00e1la omnium, keirin jej\u00ed krajanka Nikola Semerakov\u00e1.<\/p>\n\n\n\n<p>V\u00fdsledky:<\/p>\n\n\n\n<p>Mu\u017ei:<\/p>\n\n\n\n<p>Sprint:<\/p>\n\n\n\n<p>1. M. Rudyk, 2. Bielecki, 3. Sarnecki (v\u0161ichni Pol.), 4. B\u00e1bek, 5. \u0160\u0165astn\u00fd (oba Dukla Brno), 6. Rajkowski (Pol.), 7. \u010cechman, &#8230;9. Jano\u0161ek, 10. Wagner (v\u0161ichni Dukla Brno).<\/p>\n\n\n\n<p>Scratch:<\/p>\n\n\n\n<p>1. B. Rudyk (Pol.), 2. Heijnen (Niz.), 3. Ferronato (It.), 4. Degueurce (Fr.), 5. Kraus (Dukla Praha), 6. Soszka (Pol.).<\/p>\n\n\n\n<p>Madison:<\/p>\n\n\n\n<p>1. Malmberg, Wandahl (D\u00e1n.) 58, 2. Pietrula, Kraus 37, 3. Chalel, Didier (Al\u017e.\/Fr.) 15, 4. Pavel JKelemen, Rugovac (Dukla Brno\/Dukla Praha) 13, 5. Graf, Matzner (Rak.) 13, 6. Hoppezak, Heijnen 9.<\/p>\n\n\n\n<p>Bodovac\u00ed z\u00e1vod:<\/p>\n\n\n\n<p>1. Pietrula (Dukla Praha) 60, 2. Degueurce 57, 3. Hoppezak (Niz.) 46, 4. Heijnen 32, 5. Rugovac (Dukla Praha) 30, 6. Kraus 29, &#8230;10. Sm\u00e9kal (TUFO Pardus Prost\u011bjov) 20.<\/p>\n\n\n\n<p>\u017deny:<\/p>\n\n\n\n<p>Omnium:<\/p>\n\n\n\n<p>1. D. Pikulikov\u00e1 165. 2. Karasiewiczov\u00e1 140, 3. Plosajov\u00e1 (v\u0161echny Pol.) 140, 4. Stockov\u00e1 (N\u011bm.) 140, 5. W. Pikulikov\u00e1 (Pol.) 131, 6. S\u00fcsselmilchov\u00e1 (N\u011bm.) 128, &#8230;11. Kohoutkov\u00e1 (Dukla Praha) 68.<\/p>\n\n\n\n<p>Keirin:<\/p>\n\n\n\n<p>1. Semerakov\u00e1, 2. Lo\u0161ov\u00e1, 3. Petriov\u00e1, 4. Korwack\u00e1 (v\u0161echny Pol.), 5. S. Ka\u0148kovsk\u00e1 (Dukla Brno), 6. Sibiakov\u00e1 (Pol.).<\/p>\n\n\n\n<p>Junio\u0159i:<\/p>\n\n\n\n<p>Madison:<\/p>\n\n\n\n<p>1. Drescher, Maschke (N\u011bm.) 35, 2. \u010cepek, V\u00e1vra (Dukla Praha) -11, 3. Vl\u010dek, Vondr\u00e1\u010dek (TUFO Pardus Prostejov) -43.<\/p>\n\n\n\n<p>Scratch:<\/p>\n\n\n\n<p>1. Drecher, 2. Maschke, 3. Vl\u010dek.<\/p>\n\n\n\n<p>Bodovac\u00ed z\u00e1vod:<\/p>\n\n\n\n<p>1. Drescher 57, 2. Maschke 42, 3. Maslak (Pol.) 24, 4. \u010cepek 12, 5. Kova\u0159\u010d\u00edk (TUFO Pardus Prostejov) 12, 6. Vl\u010dek 3.<\/p>\n\n\n\n<p>FOTO Jan Brychta<\/p>\n\n\n\n<figure class=\"wp-block-image size-large\"><img loading=\"lazy\" decoding=\"async\" width=\"1024\" height=\"684\" src=\"https:\/\/www.czechcyclingfederation.com\/wp-content\/uploads\/2020\/08\/BrychtaJan_GP_CSC_Prostejov_20200826_171759_DSC_4730-1024x684.jpg\" alt=\"\" class=\"wp-image-2023\" srcset=\"https:\/\/www.czechcyclingfederation.com\/wp-content\/uploads\/2020\/08\/BrychtaJan_GP_CSC_Prostejov_20200826_171759_DSC_4730-1024x684.jpg 1024w, https:\/\/www.czechcyclingfederation.com\/wp-content\/uploads\/2020\/08\/BrychtaJan_GP_CSC_Prostejov_20200826_171759_DSC_4730-300x200.jpg 300w, https:\/\/www.czechcyclingfederation.com\/wp-content\/uploads\/2020\/08\/BrychtaJan_GP_CSC_Prostejov_20200826_171759_DSC_4730-768x513.jpg 768w, https:\/\/www.czechcyclingfederation.com\/wp-content\/uploads\/2020\/08\/BrychtaJan_GP_CSC_Prostejov_20200826_171759_DSC_4730-1536x1025.jpg 1536w, https:\/\/www.czechcyclingfederation.com\/wp-content\/uploads\/2020\/08\/BrychtaJan_GP_CSC_Prostejov_20200826_171759_DSC_4730-1320x881.jpg 1320w, https:\/\/www.czechcyclingfederation.com\/wp-content\/uploads\/2020\/08\/BrychtaJan_GP_CSC_Prostejov_20200826_171759_DSC_4730.jpg 2000w\" sizes=\"auto, (max-width: 1024px) 100vw, 1024px\" \/><\/figure>\n\n\n\n<figure class=\"wp-block-image size-large\"><img loading=\"lazy\" decoding=\"async\" width=\"1024\" height=\"681\" src=\"https:\/\/www.czechcyclingfederation.com\/wp-content\/uploads\/2020\/08\/BrychtaJan_GP_CSC_Prostejov_20200826_173350_DSC_0976-1024x681.jpg\" alt=\"\" class=\"wp-image-2024\" srcset=\"https:\/\/www.czechcyclingfederation.com\/wp-content\/uploads\/2020\/08\/BrychtaJan_GP_CSC_Prostejov_20200826_173350_DSC_0976-1024x681.jpg 1024w, https:\/\/www.czechcyclingfederation.com\/wp-content\/uploads\/2020\/08\/BrychtaJan_GP_CSC_Prostejov_20200826_173350_DSC_0976-300x200.jpg 300w, https:\/\/www.czechcyclingfederation.com\/wp-content\/uploads\/2020\/08\/BrychtaJan_GP_CSC_Prostejov_20200826_173350_DSC_0976-768x511.jpg 768w, https:\/\/www.czechcyclingfederation.com\/wp-content\/uploads\/2020\/08\/BrychtaJan_GP_CSC_Prostejov_20200826_173350_DSC_0976-1536x1022.jpg 1536w, https:\/\/www.czechcyclingfederation.com\/wp-content\/uploads\/2020\/08\/BrychtaJan_GP_CSC_Prostejov_20200826_173350_DSC_0976-1320x878.jpg 1320w, https:\/\/www.czechcyclingfederation.com\/wp-content\/uploads\/2020\/08\/BrychtaJan_GP_CSC_Prostejov_20200826_173350_DSC_0976.jpg 2000w\" sizes=\"auto, (max-width: 1024px) 100vw, 1024px\" \/><\/figure>\n\n\n\n<figure class=\"wp-block-image size-large\"><img loading=\"lazy\" decoding=\"async\" width=\"1024\" height=\"684\" src=\"https:\/\/www.czechcyclingfederation.com\/wp-content\/uploads\/2020\/08\/BrychtaJan_GP_CSC_Prostejov_20200826_174927_DSC_4740-1024x684.jpg\" alt=\"\" class=\"wp-image-2025\" srcset=\"https:\/\/www.czechcyclingfederation.com\/wp-content\/uploads\/2020\/08\/BrychtaJan_GP_CSC_Prostejov_20200826_174927_DSC_4740-1024x684.jpg 1024w, https:\/\/www.czechcyclingfederation.com\/wp-content\/uploads\/2020\/08\/BrychtaJan_GP_CSC_Prostejov_20200826_174927_DSC_4740-300x200.jpg 300w, https:\/\/www.czechcyclingfederation.com\/wp-content\/uploads\/2020\/08\/BrychtaJan_GP_CSC_Prostejov_20200826_174927_DSC_4740-768x513.jpg 768w, https:\/\/www.czechcyclingfederation.com\/wp-content\/uploads\/2020\/08\/BrychtaJan_GP_CSC_Prostejov_20200826_174927_DSC_4740-1536x1025.jpg 1536w, https:\/\/www.czechcyclingfederation.com\/wp-content\/uploads\/2020\/08\/BrychtaJan_GP_CSC_Prostejov_20200826_174927_DSC_4740-1320x881.jpg 1320w, https:\/\/www.czechcyclingfederation.com\/wp-content\/uploads\/2020\/08\/BrychtaJan_GP_CSC_Prostejov_20200826_174927_DSC_4740.jpg 2000w\" sizes=\"auto, (max-width: 1024px) 100vw, 1024px\" \/><\/figure>\n\n\n\n<figure class=\"wp-block-image size-large\"><img loading=\"lazy\" decoding=\"async\" width=\"1024\" height=\"684\" src=\"https:\/\/www.czechcyclingfederation.com\/wp-content\/uploads\/2020\/08\/BrychtaJan_GP_CSC_Prostejov_20200826_194340_DSC_4840-1024x684.jpg\" alt=\"\" class=\"wp-image-2026\" srcset=\"https:\/\/www.czechcyclingfederation.com\/wp-content\/uploads\/2020\/08\/BrychtaJan_GP_CSC_Prostejov_20200826_194340_DSC_4840-1024x684.jpg 1024w, https:\/\/www.czechcyclingfederation.com\/wp-content\/uploads\/2020\/08\/BrychtaJan_GP_CSC_Prostejov_20200826_194340_DSC_4840-300x200.jpg 300w, https:\/\/www.czechcyclingfederation.com\/wp-content\/uploads\/2020\/08\/BrychtaJan_GP_CSC_Prostejov_20200826_194340_DSC_4840-768x513.jpg 768w, https:\/\/www.czechcyclingfederation.com\/wp-content\/uploads\/2020\/08\/BrychtaJan_GP_CSC_Prostejov_20200826_194340_DSC_4840-1536x1025.jpg 1536w, https:\/\/www.czechcyclingfederation.com\/wp-content\/uploads\/2020\/08\/BrychtaJan_GP_CSC_Prostejov_20200826_194340_DSC_4840-1320x881.jpg 1320w, https:\/\/www.czechcyclingfederation.com\/wp-content\/uploads\/2020\/08\/BrychtaJan_GP_CSC_Prostejov_20200826_194340_DSC_4840.jpg 2000w\" sizes=\"auto, (max-width: 1024px) 100vw, 1024px\" \/><\/figure>\n\n\n\n<figure class=\"wp-block-image size-large\"><img loading=\"lazy\" decoding=\"async\" width=\"1024\" height=\"681\" src=\"https:\/\/www.czechcyclingfederation.com\/wp-content\/uploads\/2020\/08\/BrychtaJan_GP_CSC_Prostejov_20200826_194830_DSC_1356-1024x681.jpg\" alt=\"\" class=\"wp-image-2027\" srcset=\"https:\/\/www.czechcyclingfederation.com\/wp-content\/uploads\/2020\/08\/BrychtaJan_GP_CSC_Prostejov_20200826_194830_DSC_1356-1024x681.jpg 1024w, https:\/\/www.czechcyclingfederation.com\/wp-content\/uploads\/2020\/08\/BrychtaJan_GP_CSC_Prostejov_20200826_194830_DSC_1356-300x200.jpg 300w, https:\/\/www.czechcyclingfederation.com\/wp-content\/uploads\/2020\/08\/BrychtaJan_GP_CSC_Prostejov_20200826_194830_DSC_1356-768x511.jpg 768w, https:\/\/www.czechcyclingfederation.com\/wp-content\/uploads\/2020\/08\/BrychtaJan_GP_CSC_Prostejov_20200826_194830_DSC_1356-1536x1022.jpg 1536w, https:\/\/www.czechcyclingfederation.com\/wp-content\/uploads\/2020\/08\/BrychtaJan_GP_CSC_Prostejov_20200826_194830_DSC_1356-1320x878.jpg 1320w, https:\/\/www.czechcyclingfederation.com\/wp-content\/uploads\/2020\/08\/BrychtaJan_GP_CSC_Prostejov_20200826_194830_DSC_1356.jpg 2000w\" sizes=\"auto, (max-width: 1024px) 100vw, 1024px\" \/><\/figure>\n\n\n<div class=\"wp-block-file\">\r\n                <a target=\"_blank\" rel=\"noopener\" href=\"https:\/\/www.czechcyclingfederation.com\/wp-content\/uploads\/2020\/08\/GP-Proste\u030cjov-25.-26.-8.-vy\u0301sledky.pdf\" class=\"wp-block-file__button wp-element-button\">\r\n                    <span class=\"wp-block-file__icon\"><\/span>\r\n                    GP-Proste\u030cjov-25.-26.-8.-vy\u0301sledky\r\n                <\/a>\r\n            <\/div>","protected":false},"excerpt":{"rendered":"<p>Jezdec Dukly Praha Nicolas Pietrula ovl\u00e1dl bodovac\u00ed z\u00e1vod na podniku druh\u00e9 kategorie kalend\u00e1\u0159e UCI GP \u010cSC, Velk\u00e9 ven Olomouck\u00e9ho kraje v Prost\u011bjov\u011b. Nasb\u00edral celkem 60 bod\u016f, o t\u0159i v\u00edce ne\u017e druh\u00fd Joffrey Francouz Degueurce, t\u0159et\u00ed skon\u010dil se 46 body Vincent Hoppezak z Nizozem\u00ed. Jinak nejv\u00edce se op\u011bt da\u0159ilo polsk\u00fdm dr\u00e1ha\u0159\u016fm. Sprint vyhr\u00e1l, stejn\u011b jako keirin, [&hellip;]<\/p>\n","protected":false},"author":8,"featured_media":2022,"comment_status":"closed","ping_status":"open","sticky":false,"template":"","format":"standard","meta":{"footnotes":""},"categories":[54,2],"tags":[9],"class_list":["post-2021","post","type-post","status-publish","format-standard","has-post-thumbnail","hentry","category-draha","category-novinky","tag-draha"],"_links":{"self":[{"href":"https:\/\/www.czechcyclingfederation.com\/en\/wp-json\/wp\/v2\/posts\/2021","targetHints":{"allow":["GET"]}}],"collection":[{"href":"https:\/\/www.czechcyclingfederation.com\/en\/wp-json\/wp\/v2\/posts"}],"about":[{"href":"https:\/\/www.czechcyclingfederation.com\/en\/wp-json\/wp\/v2\/types\/post"}],"author":[{"embeddable":true,"href":"https:\/\/www.czechcyclingfederation.com\/en\/wp-json\/wp\/v2\/users\/8"}],"replies":[{"embeddable":true,"href":"https:\/\/www.czechcyclingfederation.com\/en\/wp-json\/wp\/v2\/comments?post=2021"}],"version-history":[{"count":1,"href":"https:\/\/www.czechcyclingfederation.com\/en\/wp-json\/wp\/v2\/posts\/2021\/revisions"}],"predecessor-version":[{"id":2029,"href":"https:\/\/www.czechcyclingfederation.com\/en\/wp-json\/wp\/v2\/posts\/2021\/revisions\/2029"}],"wp:featuredmedia":[{"embeddable":true,"href":"https:\/\/www.czechcyclingfederation.com\/en\/wp-json\/wp\/v2\/media\/2022"}],"wp:attachment":[{"href":"https:\/\/www.czechcyclingfederation.com\/en\/wp-json\/wp\/v2\/media?parent=2021"}],"wp:term":[{"taxonomy":"category","embeddable":true,"href":"https:\/\/www.czechcyclingfederation.com\/en\/wp-json\/wp\/v2\/categories?post=2021"},{"taxonomy":"post_tag","embeddable":true,"href":"https:\/\/www.czechcyclingfederation.com\/en\/wp-json\/wp\/v2\/tags?post=2021"}],"curies":[{"name":"wp","href":"https:\/\/api.w.org\/{rel}","templated":true}]}}