{"id":2007,"date":"2020-08-25T22:46:35","date_gmt":"2020-08-25T20:46:35","guid":{"rendered":"http:\/\/www.czechcyclingfederation.com\/?p=2007"},"modified":"2020-08-25T22:46:35","modified_gmt":"2020-08-25T20:46:35","slug":"drahari-polska-vladnou-gp-csc-v-prostejove","status":"publish","type":"post","link":"https:\/\/www.czechcyclingfederation.com\/en\/drahari-polska-vladnou-gp-csc-v-prostejove\/","title":{"rendered":"Dr\u00e1ha\u0159i Polska vl\u00e1dnou GP \u010cSC v Prost\u011bjov\u011b"},"content":{"rendered":"\n<p><\/p>\n\n\n\n<p>Dvoudenn\u00ed mezin\u00e1rodn\u00ed dr\u00e1hov\u00fd m\u00edtink GP \u010cSC Velk\u00e1 cena Olomouck\u00e9ho kraje, podnik druh\u00e9 kategorie kalend\u00e1\u0159e UCI, zat\u00edm prvn\u00ed den ovl\u00e1dli dr\u00e1ha\u0159i z Polska. Ze sedmi odjet\u00fdch discipl\u00edn jich vyhr\u00e1li p\u011bt, p\u0159i\u010dem\u017e mezi \u017eenami v\u0161echny \u010dty\u0159i. Na startu se p\u0159edstavili jezdci z dvan\u00e1cti zem\u00ed a nejl\u00e9pe si \u010ce\u0161i vedli v keirinu, kde za v\u00edt\u011bzn\u00fdm Pol\u00e1kem Mateuszem Rudykem skon\u010dilo duo z Dukly Brno Tom\u00e1\u0161 B\u00e1bek a Martin \u010cechman.<\/p>\n\n\n\n<p>Na stupn\u011b v\u00edt\u011bz\u016f se z dom\u00e1c\u00edch dr\u00e1ha\u0159\u016f pak dostal ji\u017e jen junior Martin \u010cepek (Dukla Praha) , kter\u00fd skon\u010dil t\u0159et\u00ed v omniu. Stejnou discipl\u00ednu mu\u017e\u016f ovl\u00e1dl D\u00e1n Matias Malberg p\u0159ed Matteo Donegou (It.) a Philipem Heijnenem (Niz.), Nicolas Pietrula z Dukly Praha byl p\u00e1t\u00fd.<\/p>\n\n\n\n<p>Mezi \u017eenami kralovala Daria Pikulikov\u00e1, kter\u00e1 vyhr\u00e1la scratch, bodovac\u00ed z\u00e1vod a spolu se sestrou Wiktori\u00ed i madison. Sprint se stal ko\u0159ist\u00ed Ursuly Lo\u0161ov\u00e9. Kate\u0159ina Kohoutkov\u00e1 (Dukla Prrha) skon\u010dila ve scratchi p\u00e1t\u00e1, \u010dtvrt\u00e1 byla ve sprintu Veronika Jaborn\u00edkov\u00e1, p\u00e1t\u00e1 pak S\u00e1ra Ka\u0148kovsk\u00e1 (ob\u011b Dukla Brno).<\/p>\n\n\n\n<p>V\u00fdsledky:<\/p>\n\n\n\n<p>Mu\u017ei:<\/p>\n\n\n\n<p>Keirin:<\/p>\n\n\n\n<p>1. Rudyk (Pol.), 2. B\u00e1bek, 3. \u010cechman (oba Dukla Brno), 4. Maksel (Pol.), 5. \u0160\u0165astn\u00fd (Dukla Brno), 6. Rajkowski (Pol.).<\/p>\n\n\n\n<p>Omnium:<\/p>\n\n\n\n<p>1. Malberg (D\u00e1n.) 119, 2. Donega (It.) 115, 3. Heijnen (Niz.) 112, 4. Wandahl (D\u00e1n.) 95, 5. Pietrula (Dukla Praha) 93, 6. Staniszewski (Pol.) 84.<\/p>\n\n\n\n<p>Junio\u0159i:<\/p>\n\n\n\n<p>Omnium:<\/p>\n\n\n\n<p>1. Dreschler 172, 2. Maschke (oba N\u011bm.) 152, 3. \u010cepek (Dukla Praha) 138, 4. Vl\u010dek (TUFO Pardus Prost\u011bjov) 131, 5. Maslak (Pol.) 127, 6. Otta (TUFO Pardus Prost\u011bjov) 109.<\/p>\n\n\n\n<p>\u017deny:<\/p>\n\n\n\n<p>Scratch:<\/p>\n\n\n\n<p>1. D. Pikulikov\u00e1 (Pol.), Reissnerov\u00e1 (N\u011bm.), 3. W. Pikulikov\u00e1, 4. Karasiewiczov\u00e1 (ob\u011b Pol.), 5. Kate\u0159ina Kohoutkov\u00e1 (Dukla praha), 6. Stockov\u00e1 (N\u011bm.).<\/p>\n\n\n\n<p>Bodovac\u00ed z\u00e1vod:<\/p>\n\n\n\n<p>1. D. Pikulikov\u00e1 79, 2. Stockov\u00e1 76, 3. S\u00fcssemilchov\u00e1 (N\u011bm.) 69, 4. Plosajov\u00e1 (Pol.) 48, 5. Reissnerov\u00e1 47, 6. W. Pikulikov\u00e1 44, &#8230;11. Kohoutkov\u00e1 3.<\/p>\n\n\n\n<p>Madison:<\/p>\n\n\n\n<p>1. D. Pikulikov\u00e1, W. Pikulikov\u00e1 58, 2. Stockov\u00e1, Reissnerov\u00e1 43, 3. Karasiewiczov\u00e1, Lorkowsk\u00e1 (Pol.) 20, 4. Kohoutkov\u00e1, Hejhalov\u00e1 (Dukla Praha) 9, 5. S. D\u017eerengov\u00e1, B\u00e1rtov\u00e1 (Dukla Praha\/TUFO Pardus Prost\u011bjov) 5, 6. Majewsk\u00e1, Tolomanowov\u00e1 (Pol.) 2.<\/p>\n\n\n\n<p>Sprint:<\/p>\n\n\n\n<p>1. Lo\u0161ov\u00e1, 2. Semerakov\u00e1, 3. Sibiakov\u00e1 (v\u0161echny Pol.), 4. Jaborn\u00edkov\u00e1, 5. S. Ka\u0148kovsk\u00e1 (ob\u011b Dukla Brno), 6. Petriov\u00e1 (Pol.).<\/p>\n\n\n\n<p>FOTO Jan Brychta<\/p>\n\n\n\n<figure class=\"wp-block-image size-large\"><img decoding=\"async\" src=\"blob:https:\/\/www.czechcyclingfederation.com\/d36e3d14-9d80-4061-81a6-7f19bad874fd\"\/><\/figure>\n\n\n\n<figure class=\"wp-block-image size-large\"><img loading=\"lazy\" decoding=\"async\" width=\"1024\" height=\"682\" src=\"https:\/\/www.czechcyclingfederation.com\/wp-content\/uploads\/2020\/08\/BrychtaJan_GP_CSC_Prostejov_20200825_184330_DSC_0539-1024x682.jpg\" alt=\"\" class=\"wp-image-2010\" srcset=\"https:\/\/www.czechcyclingfederation.com\/wp-content\/uploads\/2020\/08\/BrychtaJan_GP_CSC_Prostejov_20200825_184330_DSC_0539-1024x682.jpg 1024w, https:\/\/www.czechcyclingfederation.com\/wp-content\/uploads\/2020\/08\/BrychtaJan_GP_CSC_Prostejov_20200825_184330_DSC_0539-300x200.jpg 300w, https:\/\/www.czechcyclingfederation.com\/wp-content\/uploads\/2020\/08\/BrychtaJan_GP_CSC_Prostejov_20200825_184330_DSC_0539-768x511.jpg 768w, https:\/\/www.czechcyclingfederation.com\/wp-content\/uploads\/2020\/08\/BrychtaJan_GP_CSC_Prostejov_20200825_184330_DSC_0539-1536x1022.jpg 1536w, https:\/\/www.czechcyclingfederation.com\/wp-content\/uploads\/2020\/08\/BrychtaJan_GP_CSC_Prostejov_20200825_184330_DSC_0539-2048x1363.jpg 2048w, https:\/\/www.czechcyclingfederation.com\/wp-content\/uploads\/2020\/08\/BrychtaJan_GP_CSC_Prostejov_20200825_184330_DSC_0539-1320x879.jpg 1320w\" sizes=\"auto, (max-width: 1024px) 100vw, 1024px\" \/><\/figure>\n","protected":false},"excerpt":{"rendered":"<p>Dvoudenn\u00ed mezin\u00e1rodn\u00ed dr\u00e1hov\u00fd m\u00edtink GP \u010cSC Velk\u00e1 cena Olomouck\u00e9ho kraje, podnik druh\u00e9 kategorie kalend\u00e1\u0159e UCI, zat\u00edm prvn\u00ed den ovl\u00e1dli dr\u00e1ha\u0159i z Polska. Ze sedmi odjet\u00fdch discipl\u00edn jich vyhr\u00e1li p\u011bt, p\u0159i\u010dem\u017e mezi \u017eenami v\u0161echny \u010dty\u0159i. Na startu se p\u0159edstavili jezdci z dvan\u00e1cti zem\u00ed a nejl\u00e9pe si \u010ce\u0161i vedli v keirinu, kde za v\u00edt\u011bzn\u00fdm Pol\u00e1kem Mateuszem Rudykem [&hellip;]<\/p>\n","protected":false},"author":8,"featured_media":2008,"comment_status":"closed","ping_status":"open","sticky":false,"template":"","format":"standard","meta":{"footnotes":""},"categories":[54,2],"tags":[9],"class_list":["post-2007","post","type-post","status-publish","format-standard","has-post-thumbnail","hentry","category-draha","category-novinky","tag-draha"],"_links":{"self":[{"href":"https:\/\/www.czechcyclingfederation.com\/en\/wp-json\/wp\/v2\/posts\/2007","targetHints":{"allow":["GET"]}}],"collection":[{"href":"https:\/\/www.czechcyclingfederation.com\/en\/wp-json\/wp\/v2\/posts"}],"about":[{"href":"https:\/\/www.czechcyclingfederation.com\/en\/wp-json\/wp\/v2\/types\/post"}],"author":[{"embeddable":true,"href":"https:\/\/www.czechcyclingfederation.com\/en\/wp-json\/wp\/v2\/users\/8"}],"replies":[{"embeddable":true,"href":"https:\/\/www.czechcyclingfederation.com\/en\/wp-json\/wp\/v2\/comments?post=2007"}],"version-history":[{"count":1,"href":"https:\/\/www.czechcyclingfederation.com\/en\/wp-json\/wp\/v2\/posts\/2007\/revisions"}],"predecessor-version":[{"id":2012,"href":"https:\/\/www.czechcyclingfederation.com\/en\/wp-json\/wp\/v2\/posts\/2007\/revisions\/2012"}],"wp:featuredmedia":[{"embeddable":true,"href":"https:\/\/www.czechcyclingfederation.com\/en\/wp-json\/wp\/v2\/media\/2008"}],"wp:attachment":[{"href":"https:\/\/www.czechcyclingfederation.com\/en\/wp-json\/wp\/v2\/media?parent=2007"}],"wp:term":[{"taxonomy":"category","embeddable":true,"href":"https:\/\/www.czechcyclingfederation.com\/en\/wp-json\/wp\/v2\/categories?post=2007"},{"taxonomy":"post_tag","embeddable":true,"href":"https:\/\/www.czechcyclingfederation.com\/en\/wp-json\/wp\/v2\/tags?post=2007"}],"curies":[{"name":"wp","href":"https:\/\/api.w.org\/{rel}","templated":true}]}}