{"id":1963,"date":"2020-08-24T08:08:49","date_gmt":"2020-08-24T06:08:49","guid":{"rendered":"http:\/\/www.czechcyclingfederation.com\/?p=1963"},"modified":"2020-09-21T11:10:05","modified_gmt":"2020-09-21T09:10:05","slug":"juniorske-svetove-serie-v-brne-se-zucastni-12-ceskych-reprezentantu","status":"publish","type":"post","link":"https:\/\/www.czechcyclingfederation.com\/en\/juniorske-svetove-serie-v-brne-se-zucastni-12-ceskych-reprezentantu\/","title":{"rendered":"Juniorsk\u00e9 sv\u011btov\u00e9 s\u00e9rie v Brn\u011b se z\u00fa\u010dastn\u00ed 12 \u010desk\u00fdch reprezentant\u016f!"},"content":{"rendered":"\n<p><strong>\u010cest v&nbsp;podob\u011b startu v&nbsp;dresu nejcenn\u011bj\u0161\u00edm, reprezenta\u010dn\u00edm na vrcholn\u00e9 cyklistick\u00e9 akci a nav\u00edc v&nbsp;dom\u00e1c\u00edm prost\u0159ed\u00ed bude m\u00edt dvan\u00e1ct \u010desk\u00fdch junior\u016f.<\/strong><\/p>\n\n\n\n<p>V&nbsp;sobotu 29. srpna se v&nbsp;Brn\u011b na trati shodn\u00e9 s&nbsp;lo\u0148sk\u00fdm okruhem Mistrovstv\u00ed Evropy uskute\u010dn\u00ed v&nbsp;r\u00e1mci STRABAG \u010cesk\u00e9ho poh\u00e1ru horsk\u00fdch kol z\u00e1vod nejvy\u0161\u0161\u00ed sv\u011btov\u00e9 sout\u011b\u017ee junior\u016f, Junior World Series. &nbsp;<\/p>\n\n\n\n<p>Reprezenta\u010dn\u00ed tren\u00e9r Viktor Zapletal nominoval pro z\u00e1vod v&nbsp;Brn\u011b \u0161irok\u00fd reprezenta\u010dn\u00ed v\u00fdb\u011br ve kter\u00e9m chyb\u00ed pouze \u010desk\u00e1 jedni\u010dka&nbsp;rankingu UCI, zran\u011bn\u00fd Jan Zatloukal (NUTREND SPECIALIZED Racing).<\/p>\n\n\n\n<p>Mo\u017enost startu za n\u00e1rodn\u00ed t\u00fdm dost\u00e1v\u00e1 p\u011bt \u0161ikovn\u00fdch nov\u00e1\u010dk\u016f pro kter\u00e9 bude z\u00e1vod v&nbsp;Brn\u011b reprezenta\u010dn\u00ed premi\u00e9rou v&nbsp;juniorsk\u00e9m t\u00fdmu: Karol\u00edna Bedrn\u00edkov\u00e1 (Expres CZ \u2013 TUFO Team Kol\u00edn), V\u00e1clav Veverka (KC Kooperativa Jablonec nad Nisou), Tom\u00e1\u0161 Tlamka (NUTREND SPECIALIZED Racing), Martin Vo\u017een\u00edlek (HEAD PRO TEAM OPAVA) a Filip Kone\u010dn\u00fd (Bike Team Nov\u00e9 M\u011bsto na Morav\u011b).<\/p>\n\n\n\n<p><strong>Nominace JWS Brno 2020:<\/strong><\/p>\n\n\n\n<p><strong><span style=\"text-decoration: underline;\">Juniorky<\/span>:<\/strong><\/p>\n\n\n\n<ol class=\"wp-block-list\"><li><strong> Ad\u00e9la Holubov\u00e1 (kola-bbm.cz), 2002<\/strong><\/li><li><strong>Aneta Novotn\u00e1 (Adastra Cycling Team), 2003<\/strong><\/li><li><strong>Zuzana Kadlecov\u00e1 (Adastra Cycling Team), 2002<\/strong><\/li><li><strong>Tereza Obo\u0159ilov\u00e1 (GT Opportunity Brno), 2002<\/strong><\/li><li><strong>Karol\u00edna Bedrn\u00edkov\u00e1 (Expres CZ \u2013 TUFO Team Kol\u00edn), 2003<\/strong><\/li><li><strong>Kate\u0159ina Vaverkov\u00e1 (COPR TJ P\u0159e\u0161tice), 2002<\/strong><\/li><\/ol>\n\n\n\n<p><strong><span style=\"text-decoration: underline;\">Junio\u0159i<\/span>:<\/strong><\/p>\n\n\n\n<ol class=\"wp-block-list\"><li><strong>David \u0160ulc (IVAR CS Author Team), 2002&nbsp;&nbsp;<\/strong><\/li><li><strong>Daniel \u017dvak (Expres CZ \u2013 TUFO Team Kol\u00edn), 2002<\/strong><\/li><li><strong>V\u00e1clav Veverka (KC Kooperativa Jablonec nad Nisou), 2003<\/strong><\/li><li><strong>Tom\u00e1\u0161 Tlamka (NUTREND SPECIALIZED Racing), 2002<\/strong><\/li><li><strong>Martin Vo\u017een\u00edlek (HEAD PRO TEAM OPAVA), 2003<\/strong><\/li><li><strong>Filip Kone\u010dn\u00fd (Bike Team Nov\u00e9 M\u011bsto na Morav\u011b), 2003<\/strong><\/li><\/ol>\n\n\n\n<p>V\u00edt\u011bz mistrovstv\u00ed \u010cesk\u00e9 republiky v&nbsp;Peci pod Sn\u011b\u017ekou, Jan S\u00e1ska (Rouvy Specialized Cycling Team) nastoup\u00ed do z\u00e1vodu v dresu mistra \u010cesk\u00e9 republiky.<\/p>\n\n\n\n<p>V\u011bt\u0161inov\u00e1 \u010d\u00e1st reprezenta\u010dn\u00edho v\u00fdb\u011bru absolvovala v&nbsp;\u00fater\u00fd ostr\u00fd tr\u00e9nink na brn\u011bnsk\u00e9 trati a znovu se t\u00fdm sejde v&nbsp;p\u00e1tek 28. srpna na reprezenta\u010dn\u00edm srazu a n\u00e1sledn\u011b, od 16:00 hodin absolvuje spole\u010dn\u00fd tr\u00e9nink na trati.<\/p>\n","protected":false},"excerpt":{"rendered":"<p>\u010cest v&nbsp;podob\u011b startu v&nbsp;dresu nejcenn\u011bj\u0161\u00edm, reprezenta\u010dn\u00edm na vrcholn\u00e9 cyklistick\u00e9 akci a nav\u00edc v&nbsp;dom\u00e1c\u00edm prost\u0159ed\u00ed bude m\u00edt dvan\u00e1ct \u010desk\u00fdch junior\u016f. V&nbsp;sobotu 29. srpna se v&nbsp;Brn\u011b na trati shodn\u00e9 s&nbsp;lo\u0148sk\u00fdm okruhem Mistrovstv\u00ed Evropy uskute\u010dn\u00ed v&nbsp;r\u00e1mci STRABAG \u010cesk\u00e9ho poh\u00e1ru horsk\u00fdch kol z\u00e1vod nejvy\u0161\u0161\u00ed sv\u011btov\u00e9 sout\u011b\u017ee junior\u016f, Junior World Series. &nbsp; Reprezenta\u010dn\u00ed tren\u00e9r Viktor Zapletal nominoval pro z\u00e1vod v&nbsp;Brn\u011b [&hellip;]<\/p>\n","protected":false},"author":9,"featured_media":1964,"comment_status":"closed","ping_status":"open","sticky":false,"template":"","format":"standard","meta":{"footnotes":""},"categories":[6,2],"tags":[10],"class_list":["post-1963","post","type-post","status-publish","format-standard","has-post-thumbnail","hentry","category-mtb","category-novinky","tag-mtb"],"_links":{"self":[{"href":"https:\/\/www.czechcyclingfederation.com\/en\/wp-json\/wp\/v2\/posts\/1963","targetHints":{"allow":["GET"]}}],"collection":[{"href":"https:\/\/www.czechcyclingfederation.com\/en\/wp-json\/wp\/v2\/posts"}],"about":[{"href":"https:\/\/www.czechcyclingfederation.com\/en\/wp-json\/wp\/v2\/types\/post"}],"author":[{"embeddable":true,"href":"https:\/\/www.czechcyclingfederation.com\/en\/wp-json\/wp\/v2\/users\/9"}],"replies":[{"embeddable":true,"href":"https:\/\/www.czechcyclingfederation.com\/en\/wp-json\/wp\/v2\/comments?post=1963"}],"version-history":[{"count":3,"href":"https:\/\/www.czechcyclingfederation.com\/en\/wp-json\/wp\/v2\/posts\/1963\/revisions"}],"predecessor-version":[{"id":1971,"href":"https:\/\/www.czechcyclingfederation.com\/en\/wp-json\/wp\/v2\/posts\/1963\/revisions\/1971"}],"wp:featuredmedia":[{"embeddable":true,"href":"https:\/\/www.czechcyclingfederation.com\/en\/wp-json\/wp\/v2\/media\/1964"}],"wp:attachment":[{"href":"https:\/\/www.czechcyclingfederation.com\/en\/wp-json\/wp\/v2\/media?parent=1963"}],"wp:term":[{"taxonomy":"category","embeddable":true,"href":"https:\/\/www.czechcyclingfederation.com\/en\/wp-json\/wp\/v2\/categories?post=1963"},{"taxonomy":"post_tag","embeddable":true,"href":"https:\/\/www.czechcyclingfederation.com\/en\/wp-json\/wp\/v2\/tags?post=1963"}],"curies":[{"name":"wp","href":"https:\/\/api.w.org\/{rel}","templated":true}]}}