{"id":1941,"date":"2020-08-22T22:46:12","date_gmt":"2020-08-22T20:46:12","guid":{"rendered":"http:\/\/www.czechcyclingfederation.com\/?p=1941"},"modified":"2020-08-23T04:19:32","modified_gmt":"2020-08-23T02:19:32","slug":"tym-future-cycling-northwave-celkove-treti-na-swiss-epic","status":"publish","type":"post","link":"https:\/\/www.czechcyclingfederation.com\/en\/tym-future-cycling-northwave-celkove-treti-na-swiss-epic\/","title":{"rendered":"T\u00fdm Future Cycling Northwave celkov\u011b t\u0159et\u00ed na Swiss Epic!"},"content":{"rendered":"\n<p><strong>Duo Future Cycling Northwave ve slo\u017een\u00ed Kristian Hynek a Martin Sto\u0161ek obsadili na \u0161v\u00fdcarsk\u00e9m p\u011bti etapov\u00e9m podniku Swiss Epic celkov\u00e9 t\u0159et\u00ed m\u00edsto.&nbsp;<\/strong><\/p>\n\n\n\n<p>\u010ce\u0161t\u00ed reprezentanti nesta\u010dili pouze na dom\u00e1c\u00ed v\u00edt\u011bzn\u00fd t\u00fdm Scott-Sram a druh\u00fd italsk\u00fd celek Trek Pirelli.<\/p>\n\n\n\n<p>Do elitn\u00ed des\u00edtky se tak\u00e9 probojoval t\u00fdm Maloja Pushbikers MTB Team s Janem Vastlem a \u0160v\u00fdcarem Fabianem Gigerem.<\/p>\n\n\n\n<p>Mezi \u017eenami skon\u010dila na p\u00e1t\u00e9m m\u00edst\u011b jedin\u00e1 \u010desk\u00e1 reprezentantka Karla \u0160t\u011bp\u00e1nov\u00e1 s Lindou Indergand (Maloja Pushbikers MTB Team).&nbsp;<\/p>\n\n\n\n<figure class=\"wp-block-gallery columns-1 is-cropped wp-block-gallery-1 is-layout-flex wp-block-gallery-is-layout-flex\"><ul class=\"blocks-gallery-grid\"><li class=\"blocks-gallery-item\"><figure><img decoding=\"async\" src=\"https:\/\/www.czechcyclingfederation.com\/wp-content\/uploads\/2020\/08\/Sn\u00edmek-obrazovky-2020-08-22-v-22.23.29-1024x410.png\" alt=\"\" data-id=\"1942\" class=\"wp-image-1942\"\/><\/figure><\/li><\/ul><\/figure>\n\n\n\n<figure><iframe loading=\"lazy\" src=\"https:\/\/www.facebook.com\/plugins\/post.php?href=https%3A%2F%2Fwww.facebook.com%2Fhynek.kristian%2Fposts%2F4532010906810806&amp;show_text=true&amp;width=552&amp;height=469&amp;appId\" width=\"552\" height=\"469\"><\/iframe><\/figure>\n","protected":false},"excerpt":{"rendered":"<p>Duo Future Cycling Northwave ve slo\u017een\u00ed Kristian Hynek a Martin Sto\u0161ek obsadili na \u0161v\u00fdcarsk\u00e9m p\u011bti etapov\u00e9m podniku Swiss Epic celkov\u00e9 t\u0159et\u00ed m\u00edsto.&nbsp; \u010ce\u0161t\u00ed reprezentanti nesta\u010dili pouze na dom\u00e1c\u00ed v\u00edt\u011bzn\u00fd t\u00fdm Scott-Sram a druh\u00fd italsk\u00fd celek Trek Pirelli. Do elitn\u00ed des\u00edtky se tak\u00e9 probojoval t\u00fdm Maloja Pushbikers MTB Team s Janem Vastlem a \u0160v\u00fdcarem Fabianem Gigerem. [&hellip;]<\/p>\n","protected":false},"author":9,"featured_media":1920,"comment_status":"closed","ping_status":"open","sticky":false,"template":"","format":"standard","meta":{"footnotes":""},"categories":[77,2],"tags":[10],"class_list":["post-1941","post","type-post","status-publish","format-standard","has-post-thumbnail","hentry","category-mtb-kontakty","category-novinky","tag-mtb"],"_links":{"self":[{"href":"https:\/\/www.czechcyclingfederation.com\/en\/wp-json\/wp\/v2\/posts\/1941","targetHints":{"allow":["GET"]}}],"collection":[{"href":"https:\/\/www.czechcyclingfederation.com\/en\/wp-json\/wp\/v2\/posts"}],"about":[{"href":"https:\/\/www.czechcyclingfederation.com\/en\/wp-json\/wp\/v2\/types\/post"}],"author":[{"embeddable":true,"href":"https:\/\/www.czechcyclingfederation.com\/en\/wp-json\/wp\/v2\/users\/9"}],"replies":[{"embeddable":true,"href":"https:\/\/www.czechcyclingfederation.com\/en\/wp-json\/wp\/v2\/comments?post=1941"}],"version-history":[{"count":4,"href":"https:\/\/www.czechcyclingfederation.com\/en\/wp-json\/wp\/v2\/posts\/1941\/revisions"}],"predecessor-version":[{"id":1959,"href":"https:\/\/www.czechcyclingfederation.com\/en\/wp-json\/wp\/v2\/posts\/1941\/revisions\/1959"}],"wp:featuredmedia":[{"embeddable":true,"href":"https:\/\/www.czechcyclingfederation.com\/en\/wp-json\/wp\/v2\/media\/1920"}],"wp:attachment":[{"href":"https:\/\/www.czechcyclingfederation.com\/en\/wp-json\/wp\/v2\/media?parent=1941"}],"wp:term":[{"taxonomy":"category","embeddable":true,"href":"https:\/\/www.czechcyclingfederation.com\/en\/wp-json\/wp\/v2\/categories?post=1941"},{"taxonomy":"post_tag","embeddable":true,"href":"https:\/\/www.czechcyclingfederation.com\/en\/wp-json\/wp\/v2\/tags?post=1941"}],"curies":[{"name":"wp","href":"https:\/\/api.w.org\/{rel}","templated":true}]}}