{"id":1938,"date":"2020-08-22T22:11:57","date_gmt":"2020-08-22T20:11:57","guid":{"rendered":"http:\/\/www.czechcyclingfederation.com\/?p=1938"},"modified":"2020-08-24T11:04:57","modified_gmt":"2020-08-24T09:04:57","slug":"juniori-uspesni-na-jws-v-gstaadu","status":"publish","type":"post","link":"https:\/\/www.czechcyclingfederation.com\/en\/juniori-uspesni-na-jws-v-gstaadu\/","title":{"rendered":"Junio\u0159i \u00fasp\u011b\u0161n\u00ed na JWS v Gstaadu"},"content":{"rendered":"\n<p><strong>\u010cesk\u00fdm junior\u016fm se da\u0159ilo v dal\u0161\u00edm z\u00e1vod\u011b Juniorsk\u00e9 sv\u011btov\u011b s\u00e9rie ve \u0161v\u00fdcarsk\u00e9m Gstaadu.<\/strong><\/p>\n\n\n\n<p>Aneta Novotn\u00e1 vybojovala \u010dtvrt\u00e9 a Jan Saska sedm\u00e9 m\u00edsto. 18. p\u0159\u00ed\u010dku obsadila Zuzana Kadlecov\u00e1, David \u0160ulc byl 22.<\/p>\n","protected":false},"excerpt":{"rendered":"<p>\u010cesk\u00fdm junior\u016fm se da\u0159ilo v dal\u0161\u00edm z\u00e1vod\u011b Juniorsk\u00e9 sv\u011btov\u011b s\u00e9rie ve \u0161v\u00fdcarsk\u00e9m Gstaadu. Aneta Novotn\u00e1 vybojovala \u010dtvrt\u00e9 a Jan Saska sedm\u00e9 m\u00edsto. 18. p\u0159\u00ed\u010dku obsadila Zuzana Kadlecov\u00e1, David \u0160ulc byl 22.<\/p>\n","protected":false},"author":9,"featured_media":1939,"comment_status":"closed","ping_status":"open","sticky":false,"template":"","format":"standard","meta":{"footnotes":""},"categories":[77,2],"tags":[10],"class_list":["post-1938","post","type-post","status-publish","format-standard","has-post-thumbnail","hentry","category-mtb-kontakty","category-novinky","tag-mtb"],"_links":{"self":[{"href":"https:\/\/www.czechcyclingfederation.com\/en\/wp-json\/wp\/v2\/posts\/1938","targetHints":{"allow":["GET"]}}],"collection":[{"href":"https:\/\/www.czechcyclingfederation.com\/en\/wp-json\/wp\/v2\/posts"}],"about":[{"href":"https:\/\/www.czechcyclingfederation.com\/en\/wp-json\/wp\/v2\/types\/post"}],"author":[{"embeddable":true,"href":"https:\/\/www.czechcyclingfederation.com\/en\/wp-json\/wp\/v2\/users\/9"}],"replies":[{"embeddable":true,"href":"https:\/\/www.czechcyclingfederation.com\/en\/wp-json\/wp\/v2\/comments?post=1938"}],"version-history":[{"count":1,"href":"https:\/\/www.czechcyclingfederation.com\/en\/wp-json\/wp\/v2\/posts\/1938\/revisions"}],"predecessor-version":[{"id":1940,"href":"https:\/\/www.czechcyclingfederation.com\/en\/wp-json\/wp\/v2\/posts\/1938\/revisions\/1940"}],"wp:featuredmedia":[{"embeddable":true,"href":"https:\/\/www.czechcyclingfederation.com\/en\/wp-json\/wp\/v2\/media\/1939"}],"wp:attachment":[{"href":"https:\/\/www.czechcyclingfederation.com\/en\/wp-json\/wp\/v2\/media?parent=1938"}],"wp:term":[{"taxonomy":"category","embeddable":true,"href":"https:\/\/www.czechcyclingfederation.com\/en\/wp-json\/wp\/v2\/categories?post=1938"},{"taxonomy":"post_tag","embeddable":true,"href":"https:\/\/www.czechcyclingfederation.com\/en\/wp-json\/wp\/v2\/tags?post=1938"}],"curies":[{"name":"wp","href":"https:\/\/api.w.org\/{rel}","templated":true}]}}