{"id":1919,"date":"2020-08-21T16:53:24","date_gmt":"2020-08-21T14:53:24","guid":{"rendered":"http:\/\/www.czechcyclingfederation.com\/?p=1919"},"modified":"2020-08-23T04:19:12","modified_gmt":"2020-08-23T02:19:12","slug":"swiss-epic-hynek-se-stoskem-opet-na-stupnich","status":"publish","type":"post","link":"https:\/\/www.czechcyclingfederation.com\/en\/swiss-epic-hynek-se-stoskem-opet-na-stupnich\/","title":{"rendered":"Swiss Epic: Hynek se Sto\u0161kem op\u011bt na stupn\u00edch!"},"content":{"rendered":"\n<p>Skv\u011blou formu ukazuj\u00ed \u010de\u0161t\u00ed reprezentanti Kristian Hynek a Martin Sto\u0161ek na p\u011bti etapov\u00e9m z\u00e1vod\u011b Swiss Epic, kde ve \u010dtvrt\u00e9 etap\u011b po 74 kilometrech a 2.900 v\u00fd\u0161kov\u00fdch metrech skon\u010dili na druh\u00e9m m\u00edst\u011b. \u010cesk\u00e9 duo nesta\u010dilo o pouh\u00fdch 23 sekund na dom\u00e1c\u00ed \u0161v\u00fdcarsk\u00e9 jezdce Nino Schurtera a Larse Forstera.&nbsp;<\/p>\n\n\n\n<p>V elitn\u00ed des\u00edtce se tak\u00e9 prosadil Jan Vastl se \u0160v\u00fdcarem Fabianem Gigerem, kte\u0159\u00ed nabrali v c\u00edli manko necel\u00fdch dvan\u00e1ct minut.<\/p>\n\n\n\n<p>Skv\u011ble se vede tak\u00e9 Karle \u0160t\u011bp\u00e1nov\u00e9 s dom\u00e1c\u00ed Lindou Indergand, kdy\u017e obsadily \u010dtvrt\u00e9 m\u00edsto.<\/p>\n\n\n\n<p>Z\u00edtra je na programu z\u00e1v\u011bre\u010dn\u00e1 etapa se startem a c\u00edlem v Davosu o d\u00e9lce 61 kilometr\u016f a p\u0159ev\u00fd\u0161en\u00edm 2.550 v\u00fd\u0161kov\u00fdch metr\u016f.<\/p>\n\n\n\n<figure class=\"wp-block-image size-large\"><a href=\"http:\/\/www.reprezentacemtb.cz\/wp-content\/uploads\/2020\/08\/Sni%CC%81mek-obrazovky-2020-08-20-v-20.52.04.png\"><img decoding=\"async\" src=\"https:\/\/www.czechcyclingfederation.com\/wp-content\/uploads\/2020\/08\/Sn\u00edmek-obrazovky-2020-08-21-v-16.25.35-1024x319.png\" alt=\"\" class=\"wp-image-1921\"\/><\/a><\/figure>\n","protected":false},"excerpt":{"rendered":"<p>Skv\u011blou formu ukazuj\u00ed \u010de\u0161t\u00ed reprezentanti Kristian Hynek a Martin Sto\u0161ek na p\u011bti etapov\u00e9m z\u00e1vod\u011b Swiss Epic, kde ve \u010dtvrt\u00e9 etap\u011b po 74 kilometrech a 2.900 v\u00fd\u0161kov\u00fdch metrech skon\u010dili na druh\u00e9m m\u00edst\u011b. \u010cesk\u00e9 duo nesta\u010dilo o pouh\u00fdch 23 sekund na dom\u00e1c\u00ed \u0161v\u00fdcarsk\u00e9 jezdce Nino Schurtera a Larse Forstera.&nbsp; V elitn\u00ed des\u00edtce se tak\u00e9 prosadil Jan Vastl [&hellip;]<\/p>\n","protected":false},"author":9,"featured_media":1920,"comment_status":"closed","ping_status":"open","sticky":false,"template":"","format":"standard","meta":{"footnotes":""},"categories":[6,2],"tags":[102],"class_list":["post-1919","post","type-post","status-publish","format-standard","has-post-thumbnail","hentry","category-mtb","category-novinky","tag-mtb-trial"],"_links":{"self":[{"href":"https:\/\/www.czechcyclingfederation.com\/en\/wp-json\/wp\/v2\/posts\/1919","targetHints":{"allow":["GET"]}}],"collection":[{"href":"https:\/\/www.czechcyclingfederation.com\/en\/wp-json\/wp\/v2\/posts"}],"about":[{"href":"https:\/\/www.czechcyclingfederation.com\/en\/wp-json\/wp\/v2\/types\/post"}],"author":[{"embeddable":true,"href":"https:\/\/www.czechcyclingfederation.com\/en\/wp-json\/wp\/v2\/users\/9"}],"replies":[{"embeddable":true,"href":"https:\/\/www.czechcyclingfederation.com\/en\/wp-json\/wp\/v2\/comments?post=1919"}],"version-history":[{"count":2,"href":"https:\/\/www.czechcyclingfederation.com\/en\/wp-json\/wp\/v2\/posts\/1919\/revisions"}],"predecessor-version":[{"id":1958,"href":"https:\/\/www.czechcyclingfederation.com\/en\/wp-json\/wp\/v2\/posts\/1919\/revisions\/1958"}],"wp:featuredmedia":[{"embeddable":true,"href":"https:\/\/www.czechcyclingfederation.com\/en\/wp-json\/wp\/v2\/media\/1920"}],"wp:attachment":[{"href":"https:\/\/www.czechcyclingfederation.com\/en\/wp-json\/wp\/v2\/media?parent=1919"}],"wp:term":[{"taxonomy":"category","embeddable":true,"href":"https:\/\/www.czechcyclingfederation.com\/en\/wp-json\/wp\/v2\/categories?post=1919"},{"taxonomy":"post_tag","embeddable":true,"href":"https:\/\/www.czechcyclingfederation.com\/en\/wp-json\/wp\/v2\/tags?post=1919"}],"curies":[{"name":"wp","href":"https:\/\/api.w.org\/{rel}","templated":true}]}}