{"id":1907,"date":"2020-08-21T09:53:34","date_gmt":"2020-08-21T07:53:34","guid":{"rendered":"http:\/\/www.czechcyclingfederation.com\/?p=1907"},"modified":"2020-08-24T11:02:37","modified_gmt":"2020-08-24T09:02:37","slug":"mladez-zakoncila-turne-ctyr-drah","status":"publish","type":"post","link":"https:\/\/www.czechcyclingfederation.com\/en\/mladez-zakoncila-turne-ctyr-drah\/","title":{"rendered":"Ml\u00e1de\u017e zakon\u010dila Turn\u00e9 \u010dty\u0159 drah"},"content":{"rendered":"\n<p><\/p>\n\n\n\n<p>\u010cesk\u00fd poh\u00e1r ml\u00e1de\u017ee na dr\u00e1ze m\u011bl na programu dva zb\u00fdvaj\u00edc\u00ed z\u00e1vody Turn\u00e9 \u010dty\u0159 drah. Po \u010dervencov\u00fdch z\u00e1vodech v Praze a Plzni se tentokr\u00e1t jelo v Prost\u011bjov\u011b, kde v\u0161ak odjeli mlad\u00ed jezdci jen malou \u010d\u00e1st, proto\u017ee pak z\u00e1vody p\u0159eru\u0161il d\u00e9\u0161t a v Brn\u011b.<\/p>\n\n\n\n<p>Na brn\u011bnsk\u00e9m velodromu se jela omnia a madison. Mezi juniory byl nejlep\u0161\u00ed Petr V\u00e1vra z Dukly Praha, kter\u00fd opanoval omnium a spolu s t\u00fdmov\u00fdm kolegou Martinem \u010cepkem vyhr\u00e1li i madison.<\/p>\n\n\n\n<p>Madison:<\/p>\n\n\n\n<p>\u017d\u00e1ci:<\/p>\n\n\n\n<p>1. Brad\u00e1\u010d, Poda\u0159il (Dukla Praha) 45, 2. Vavro, Smith (TJ Favorit Brno) 13, 3. Peterka, Kotschy (SK Pet\u0159\u00edn Plze\u0148) 12.<\/p>\n\n\n\n<p>Mlad\u0161\u00ed \u017e\u00e1ci:<\/p>\n\n\n\n<p>Omnium:<\/p>\n\n\n\n<p>1. Sobota 89, 2. Nagy (oba SR) 82, 3. Hub\u00e1\u010dek (TJ Favorit Brno) 72.<\/p>\n\n\n\n<p>Star\u0161\u00ed \u017e\u00e1ci:<\/p>\n\n\n\n<p>Omnium:<\/p>\n\n\n\n<p>1. Poda\u0159il 98, 2. Vavro 92, 3. Kr\u00e1l (Dukla Praha) 84.<\/p>\n\n\n\n<p>\u017d\u00e1kyn\u011b a kadetky:<\/p>\n\n\n\n<p>1. N\u011bmcov\u00e1, Poulov\u00e1 19, 2. Jadrn\u00e1, Hermanov\u00e1 (v\u0161echny Sportcomplex B\u0159eclav) 17, M\u00fcllerov\u00e1, Markov\u00e1 (TUFO Pardus Prost\u011bjov\/Dukla Praha) 10.<\/p>\n\n\n\n<p>\u017d\u00e1kyn\u011b:<\/p>\n\n\n\n<p>Omnium:<\/p>\n\n\n\n<p>1. Hermanov\u00e1 88, 2. Jadrn\u00e1 88, 3. Strakat\u00e1 (Dukla Praha) 84.<\/p>\n\n\n\n<p>Kadetky:<\/p>\n\n\n\n<p>Omnium:<\/p>\n\n\n\n<p>1. N\u011bmcov\u00e1 96, 2. Poulov\u00e1 92, 3. Var\u0161ov\u00e1 (SR) 79.<\/p>\n\n\n\n<p>Kadeti:<\/p>\n\n\n\n<p>1. Rich. Kobr, Rob. Kobr (TJ LOKO Beroun) 35, 2. \u0160tec, Nov\u00e1k (TUFO Pardus Prost\u011bjov) 26, 3. Jur\u00edk, Scharzbacher (SR) 18.<\/p>\n\n\n\n<p>Omnium:<\/p>\n\n\n\n<p>1. Rich. Kobr 97, 2. Kadlec (Dukla Praha) 88, 3. Van\u00ed\u010dek (Sportcomplex B\u0159eclav) 72.<\/p>\n\n\n\n<p>Junio\u0159i:<\/p>\n\n\n\n<p>1. V\u00e1vra, \u010cepek (Dukla Praha) 28, 2. Vondr\u00e1\u010dek, Vl\u010dek (TUFO Pardus Prost\u011bjov) 13, 3. Gaubatz, Kormoser (Rak.) 13.<\/p>\n\n\n\n<p>Omnium:<\/p>\n\n\n\n<p>1. V\u00e1vra 94, 2. \u0160irok\u00fd (TJ Favorit Brno) 91, 3. \u010cepek 88.<\/p>\n\n\n\n<p>FOTO Jan Brychta<\/p>\n\n\n<div class=\"wp-block-file\">\r\n                <a target=\"_blank\" rel=\"noopener\" href=\"https:\/\/www.czechcyclingfederation.com\/wp-content\/uploads\/2020\/08\/Turn\u00e9-4-drah-Brno-v\u00fdsledky.xls\" class=\"wp-block-file__button wp-element-button\">\r\n                    <span class=\"wp-block-file__icon\"><\/span>\r\n                    Turn\u00e9-4-drah-Brno-v\u00fdsledky\r\n                <\/a>\r\n            <\/div>","protected":false},"excerpt":{"rendered":"<p>\u010cesk\u00fd poh\u00e1r ml\u00e1de\u017ee na dr\u00e1ze m\u011bl na programu dva zb\u00fdvaj\u00edc\u00ed z\u00e1vody Turn\u00e9 \u010dty\u0159 drah. Po \u010dervencov\u00fdch z\u00e1vodech v Praze a Plzni se tentokr\u00e1t jelo v Prost\u011bjov\u011b, kde v\u0161ak odjeli mlad\u00ed jezdci jen malou \u010d\u00e1st, proto\u017ee pak z\u00e1vody p\u0159eru\u0161il d\u00e9\u0161t a v Brn\u011b. Na brn\u011bnsk\u00e9m velodromu se jela omnia a madison. Mezi juniory byl nejlep\u0161\u00ed Petr [&hellip;]<\/p>\n","protected":false},"author":8,"featured_media":1908,"comment_status":"closed","ping_status":"open","sticky":false,"template":"","format":"standard","meta":{"footnotes":""},"categories":[54,2],"tags":[9],"class_list":["post-1907","post","type-post","status-publish","format-standard","has-post-thumbnail","hentry","category-draha","category-novinky","tag-draha"],"_links":{"self":[{"href":"https:\/\/www.czechcyclingfederation.com\/en\/wp-json\/wp\/v2\/posts\/1907","targetHints":{"allow":["GET"]}}],"collection":[{"href":"https:\/\/www.czechcyclingfederation.com\/en\/wp-json\/wp\/v2\/posts"}],"about":[{"href":"https:\/\/www.czechcyclingfederation.com\/en\/wp-json\/wp\/v2\/types\/post"}],"author":[{"embeddable":true,"href":"https:\/\/www.czechcyclingfederation.com\/en\/wp-json\/wp\/v2\/users\/8"}],"replies":[{"embeddable":true,"href":"https:\/\/www.czechcyclingfederation.com\/en\/wp-json\/wp\/v2\/comments?post=1907"}],"version-history":[{"count":1,"href":"https:\/\/www.czechcyclingfederation.com\/en\/wp-json\/wp\/v2\/posts\/1907\/revisions"}],"predecessor-version":[{"id":1910,"href":"https:\/\/www.czechcyclingfederation.com\/en\/wp-json\/wp\/v2\/posts\/1907\/revisions\/1910"}],"wp:featuredmedia":[{"embeddable":true,"href":"https:\/\/www.czechcyclingfederation.com\/en\/wp-json\/wp\/v2\/media\/1908"}],"wp:attachment":[{"href":"https:\/\/www.czechcyclingfederation.com\/en\/wp-json\/wp\/v2\/media?parent=1907"}],"wp:term":[{"taxonomy":"category","embeddable":true,"href":"https:\/\/www.czechcyclingfederation.com\/en\/wp-json\/wp\/v2\/categories?post=1907"},{"taxonomy":"post_tag","embeddable":true,"href":"https:\/\/www.czechcyclingfederation.com\/en\/wp-json\/wp\/v2\/tags?post=1907"}],"curies":[{"name":"wp","href":"https:\/\/api.w.org\/{rel}","templated":true}]}}