{"id":1903,"date":"2020-08-20T23:30:06","date_gmt":"2020-08-20T21:30:06","guid":{"rendered":"http:\/\/www.czechcyclingfederation.com\/?p=1903"},"modified":"2020-08-24T11:01:21","modified_gmt":"2020-08-24T09:01:21","slug":"prostejovsky-velodrom-privita-svetove-hvezdy-drahove-cyklistiky","status":"publish","type":"post","link":"https:\/\/www.czechcyclingfederation.com\/en\/prostejovsky-velodrom-privita-svetove-hvezdy-drahove-cyklistiky\/","title":{"rendered":"Prost\u011bjovsk\u00fd velodrom p\u0159iv\u00edt\u00e1 sv\u011btov\u00e9 hv\u011bzdy dr\u00e1hov\u00e9 cyklistiky"},"content":{"rendered":"\n<p><\/p>\n\n\n\n<p>\u010cty\u0159i dny pln\u00e9 souboj\u016f z\u00e1vodn\u00edk\u016f ze v\u0161ech kout\u016f sv\u011bta v Prost\u011bjov\u011b se bl\u00ed\u017e\u00ed. U\u017e 25. srpna odstartuje dvoudenn\u00ed mezin\u00e1rodn\u00ed dr\u00e1hov\u00fd m\u00edtink GP \u010cSC Velk\u00e1 cena Olomouck\u00e9ho kraje, na kter\u00fd pak od 28. srpna voln\u011b nav\u00e1\u017ee tradi\u010dn\u00ed zlat\u00fd h\u0159eb l\u00e9ta GP Prost\u011bjov \u2013 Memori\u00e1l Otmara Male\u010dka. Je\u0161t\u011b p\u0159ed ned\u00e1vnem nebylo jist\u00e9, zda se ob\u011b akce uskute\u010dn\u00ed. Po\u0159adatel\u00e9 v\u0161ak do posledn\u00ed chv\u00edle pracovali na v\u0161ech p\u0159\u00edprav\u00e1ch a doufali, \u017ee se dal\u0161\u00ed p\u0159ek\u00e1\u017eka nevyskytne.<\/p>\n\n\n\n<p>&#8220;Bylo to t\u011b\u017ek\u00e9 rozhodov\u00e1n\u00ed, jestli z\u00e1vod uspo\u0159\u00e1dat. Vy\u017eaduje to jist\u00e9 n\u00e1klady je\u0161t\u011b p\u0159edt\u00edm, ne\u017e se v\u016fbec z\u00e1vodn\u00edci postav\u00ed na start, a nav\u00edc v sou\u010dasn\u00e9 dob\u011b s velmi nejist\u00fdm v\u00fdsledkem. Nev\u011bd\u011bli jsme, s jakou podporou stran st\u00e1tn\u00edch instituc\u00ed a sponzor\u016f budeme moct po\u010d\u00edtat, co\u017e je v t\u00e9to dob\u011b pochopiteln\u00e9, jsme ale r\u00e1di, \u017ee jsme se takto rozhodli. I v t\u00e9to komplikovan\u00e9 dob\u011b je toti\u017e z\u00e1jem o start velk\u00fd,\u201c \u0159\u00edk\u00e1 \u0159editel z\u00e1vodu Michal Mr\u00e1\u010dek.&nbsp;&nbsp;<\/p>\n\n\n\n<p>Na startu se tak op\u011bt sejde kompletn\u00ed dom\u00e1c\u00ed \u0161pi\u010dka jak ve sprintu, tak vytrvalostn\u00edch discipl\u00edn\u00e1ch a ze zahrani\u010dn\u00edch reprezentant\u016f pojedou medailist\u00e9 z mistrovstv\u00ed Evropy a sv\u011bta. Div\u00e1ci se tak mohou t\u011b\u0161it nap\u0159\u00edklad na dom\u00e1c\u00edho z\u00e1vodn\u00edka Daniela Babora, Tom\u00e1\u0161e B\u00e1bka z Dukly Brno, nebo t\u0159eba Andrease Grafa, rakousk\u00e9ho medailistu z MS nebo Wojciecha Pszczolarsk\u00e9ho z Polska. Mezi \u017eenami nebude chyb\u011bt juniorsk\u00e1 mistryn\u011b sv\u011bta S\u00e1ra Ka\u0148kovsk\u00e1 z Dukly Brno, nej\u00fasp\u011b\u0161n\u011bj\u0161\u00ed \u010desk\u00e1 dr\u00e1ha\u0159ka Jarmila Macha\u010dov\u00e1, nebo medailistka z MS Daria Pikulikov\u00e1 z Polska.&nbsp;<\/p>\n\n\n\n<p>\u201eP\u0159i pohledu na startovn\u00ed listinu se m\u016f\u017ee zd\u00e1t, \u017ee nestartuj\u00ed tak velk\u00e1 jm\u00e9na jako t\u0159eba v lo\u0148sk\u00e9m roce, kdy ka\u017ed\u00fd sb\u00edral body pro nominaci na olympijsk\u00e9 hry. P\u0159ijede hlavn\u011b mlad\u00e1 krev siln\u00fdch dr\u00e1hov\u00fdch federac\u00ed a j\u00e1 si mysl\u00edm, \u017ee to na sportovn\u00ed str\u00e1nce z\u00e1vodu m\u016f\u017ee je\u0161t\u011b p\u0159idat. Z\u00e1vod\u016f je m\u00e1lo, v\u0161ichni se budou rv\u00e1t o ka\u017ed\u00fd metr, o\u010dek\u00e1v\u00e1me, \u017ee div\u00e1cky bude tento ro\u010dn\u00edk velmi zaj\u00edmav\u00fd,\u201c dod\u00e1v\u00e1 Mr\u00e1\u010dek.&nbsp;<\/p>\n\n\n\n<p>Program GP \u010cSC VC Olomouck\u00e9ho kraje bude zah\u00e1jen v \u00fater\u00fd 10:30 omniem, o den pozd\u011bji vyvrchol\u00ed madisonem elitn\u00ed kategorie mu\u017e\u016f. Memori\u00e1l Otmara Male\u010dka bude zah\u00e1jen v p\u00e1tek tak\u00e9 po p\u016fl jeden\u00e1ct\u00e9 a tradi\u010dn\u011b ho uzav\u0159e madison, kter\u00fd se v\u011bt\u0161inou doj\u00ed\u017ed\u00ed u\u017e za um\u011bl\u00e9ho osv\u011btlen\u00ed, co\u017e z\u00e1vodu p\u0159id\u00e1v\u00e1 na atraktivit\u011b. Tradic\u00ed je tak\u00e9 skute\u010dnost, \u017ee d\u00edky spolupr\u00e1ci s Kate\u0159inou Male\u010dkovou bude v\u00fdt\u011b\u017eek z dobrovoln\u00e9ho vstupn\u00e9ho a tomboly v\u011bnov\u00e1n Onkologick\u00e9mu odd\u011blen\u00ed FN Olomouc.<\/p>\n\n\n\n<p>Novinkou naopak bude vyhl\u00e1\u0161en\u00ed Velk\u00e9 ceny Force, kdy\u017e zna\u010dka Force, kter\u00e1 je partnerem prost\u011bjovsk\u00e9ho t\u00fdmu, p\u0159evzala z\u00e1\u0161titu a finan\u010dn\u011b podpo\u0159ila omnium mu\u017e\u016f.&nbsp;<\/p>\n\n\n\n<p>FOTO Jan Brychta<\/p>\n\n\n\n<figure class=\"wp-block-image size-large\"><img loading=\"lazy\" decoding=\"async\" width=\"1024\" height=\"683\" src=\"https:\/\/www.czechcyclingfederation.com\/wp-content\/uploads\/2020\/08\/BrychtaJan_GP_CSC_Prostejov_20190503_165828_DSC_2756-1024x683.jpg\" alt=\"\" class=\"wp-image-1905\" srcset=\"https:\/\/www.czechcyclingfederation.com\/wp-content\/uploads\/2020\/08\/BrychtaJan_GP_CSC_Prostejov_20190503_165828_DSC_2756-1024x683.jpg 1024w, https:\/\/www.czechcyclingfederation.com\/wp-content\/uploads\/2020\/08\/BrychtaJan_GP_CSC_Prostejov_20190503_165828_DSC_2756-300x200.jpg 300w, https:\/\/www.czechcyclingfederation.com\/wp-content\/uploads\/2020\/08\/BrychtaJan_GP_CSC_Prostejov_20190503_165828_DSC_2756-768x512.jpg 768w, https:\/\/www.czechcyclingfederation.com\/wp-content\/uploads\/2020\/08\/BrychtaJan_GP_CSC_Prostejov_20190503_165828_DSC_2756.jpg 1280w\" sizes=\"auto, (max-width: 1024px) 100vw, 1024px\" \/><\/figure>\n","protected":false},"excerpt":{"rendered":"<p>\u010cty\u0159i dny pln\u00e9 souboj\u016f z\u00e1vodn\u00edk\u016f ze v\u0161ech kout\u016f sv\u011bta v Prost\u011bjov\u011b se bl\u00ed\u017e\u00ed. U\u017e 25. srpna odstartuje dvoudenn\u00ed mezin\u00e1rodn\u00ed dr\u00e1hov\u00fd m\u00edtink GP \u010cSC Velk\u00e1 cena Olomouck\u00e9ho kraje, na kter\u00fd pak od 28. srpna voln\u011b nav\u00e1\u017ee tradi\u010dn\u00ed zlat\u00fd h\u0159eb l\u00e9ta GP Prost\u011bjov \u2013 Memori\u00e1l Otmara Male\u010dka. Je\u0161t\u011b p\u0159ed ned\u00e1vnem nebylo jist\u00e9, zda se ob\u011b akce uskute\u010dn\u00ed. [&hellip;]<\/p>\n","protected":false},"author":8,"featured_media":1918,"comment_status":"closed","ping_status":"open","sticky":false,"template":"","format":"standard","meta":{"footnotes":""},"categories":[54,2],"tags":[9],"class_list":["post-1903","post","type-post","status-publish","format-standard","has-post-thumbnail","hentry","category-draha","category-novinky","tag-draha"],"_links":{"self":[{"href":"https:\/\/www.czechcyclingfederation.com\/en\/wp-json\/wp\/v2\/posts\/1903","targetHints":{"allow":["GET"]}}],"collection":[{"href":"https:\/\/www.czechcyclingfederation.com\/en\/wp-json\/wp\/v2\/posts"}],"about":[{"href":"https:\/\/www.czechcyclingfederation.com\/en\/wp-json\/wp\/v2\/types\/post"}],"author":[{"embeddable":true,"href":"https:\/\/www.czechcyclingfederation.com\/en\/wp-json\/wp\/v2\/users\/8"}],"replies":[{"embeddable":true,"href":"https:\/\/www.czechcyclingfederation.com\/en\/wp-json\/wp\/v2\/comments?post=1903"}],"version-history":[{"count":1,"href":"https:\/\/www.czechcyclingfederation.com\/en\/wp-json\/wp\/v2\/posts\/1903\/revisions"}],"predecessor-version":[{"id":1906,"href":"https:\/\/www.czechcyclingfederation.com\/en\/wp-json\/wp\/v2\/posts\/1903\/revisions\/1906"}],"wp:featuredmedia":[{"embeddable":true,"href":"https:\/\/www.czechcyclingfederation.com\/en\/wp-json\/wp\/v2\/media\/1918"}],"wp:attachment":[{"href":"https:\/\/www.czechcyclingfederation.com\/en\/wp-json\/wp\/v2\/media?parent=1903"}],"wp:term":[{"taxonomy":"category","embeddable":true,"href":"https:\/\/www.czechcyclingfederation.com\/en\/wp-json\/wp\/v2\/categories?post=1903"},{"taxonomy":"post_tag","embeddable":true,"href":"https:\/\/www.czechcyclingfederation.com\/en\/wp-json\/wp\/v2\/tags?post=1903"}],"curies":[{"name":"wp","href":"https:\/\/api.w.org\/{rel}","templated":true}]}}