{"id":1889,"date":"2020-08-20T17:01:31","date_gmt":"2020-08-20T15:01:31","guid":{"rendered":"http:\/\/www.czechcyclingfederation.com\/?p=1889"},"modified":"2020-08-20T17:01:31","modified_gmt":"2020-08-20T15:01:31","slug":"noskova-ma-zlato-z-casovky","status":"publish","type":"post","link":"https:\/\/www.czechcyclingfederation.com\/en\/noskova-ma-zlato-z-casovky\/","title":{"rendered":"Noskov\u00e1 m\u00e1 zlato z \u010dasovky"},"content":{"rendered":"\n<p><\/p>\n\n\n\n<p>Na odlo\u017een\u00e9m \u0161ampion\u00e1tu z Opo\u010dna se dnes v Mlad\u00e9 Boleslavi rozd\u011blovaly prvn\u00ed medaile &#8211; na programu byly spole\u010dn\u00e9 \u010dasovky \u010desk\u00fdch a slovensk\u00fdch jezdc\u016f. Juniorky absolvovaly jeden\u00e1ct kilometr\u016f, \u017eeny dvacet a mu\u017ei \u010dty\u0159icet. Dom\u00e1c\u00ed \u0161ampionkou mezi \u017eenami se stala Nikola Noskov\u00e1 z t\u00fdmu \u00c9quipe Paule, zlato mezi juniorkami vybojovala Krist\u00fdna Burlov\u00e1 z Dukly Praha.<\/p>\n\n\n\n<p>T\u0159iadvacetilet\u00e1 Noskov\u00e1, kter\u00e1 na \u0161ampion\u00e1tech dosud z\u00edskala dv\u011b zlata ve \u017diaru nad Hronom v roce 2017, kdy\u017e kralovala v \u010dasovce i v silni\u010dn\u00edm, dnes p\u0159idala t\u0159et\u00ed zlato, ale druhou Mark\u00e9tu H\u00e1jkovou (Bepink) zdolala jen o jeden\u00e1ct vte\u0159in a t\u0159et\u00ed byla Tereza Korvasov\u00e1 z Dukly Praha +26.<\/p>\n\n\n\n<p>Noskov\u00e1 vyrazila na tra\u0165 jako prvn\u00ed z favoritek a \u010dasom\u00edra se j\u00ed zastavila na 27:15. Hned za n\u00ed jedouc\u00ed H\u00e1jkov\u00e1 a zaostala za n\u00ed jen t\u011bsn\u011b. Na stupn\u00edch v\u00edt\u011bzek je doplnila Korvasov\u00e1, startuj\u00edc\u00ed jako posledn\u00ed, pomalej\u0161\u00ed o dal\u0161\u00edch patn\u00e1ct vte\u0159in. Dal\u0161\u00ed z nejv\u011bt\u0161\u00edch favoritek Jarmila Macha\u010dov\u00e1 se dnes musela spokojit a\u017e se \u0161estou pozic\u00ed.<\/p>\n\n\n\n<p>Slovensk\u00fd titul mezi \u017eenami vybojovala Tereza Medve\u010fov\u00e1, nejlep\u0161\u00ed juniorkou byla Nora Jen\u010du\u0161ov\u00e1<\/p>\n\n\n\n<p>&#8220;Za titul jsem r\u00e1da, ale nepo\u010d\u00edtala jsem s n\u00edm. V\u016fbec jsem \u010dasovku necht\u011bla jet, ale tren\u00e9r (Tom\u00e1\u0161 Kone\u010dn\u00fd) m\u011b p\u0159emlouval, a tak jsem t\u0159i dny p\u0159ed startem k\u00fdvla a po\u010d\u00edtala jsem s t\u00edm, \u017e se dob\u0159e rozjedu na sobotn\u00ed silni\u010dn\u00ed z\u00e1vod. Profil nebyl p\u0159\u00edli\u0161 podle m\u00e9ho gusta, prvn\u00ed polovina byla do tahu a potom to klesalo. P\u0159i rozj\u00ed\u017ed\u011bn\u00ed jsem se ale c\u00edtila dob\u0159e, nohy byly dobr\u00e9,&#8221; \u0159ekla v c\u00edli Nikola Noskov\u00e1, kterou nyn\u00ed \u010dek\u00e1 start na mistrovstv\u00ed Evropy.<\/p>\n\n\n\n<p>V\u00fdsledky:<\/p>\n\n\n\n<p>\u017deny (20 km):<\/p>\n\n\n\n<p>1. Noskov\u00e1 (\u00c9quipe Paule Ka) 27:15, 2. H\u00e1jkov\u00e1 (Bepink) +11, 3. Tereza Korvasov\u00e1 (Dukla Praha) +26, 4. Jandov\u00e1 (WCC Team) +40, 5. \u0160ev\u010d\u00edkov\u00e1 +41, 6. Macha\u010dov\u00e1 (ob\u011b Dukla Praha) +58.<\/p>\n\n\n\n<p>Juniorky (11 km):<\/p>\n\n\n\n<p>1.Burlov\u00e1 (Dukla Praha) 15:52, 2. Pro\u0161kov\u00e1 (SportRaces Cycling Team) +42, 3. B\u00e1rtov\u00e1 (TUFO Pardus Prost\u011bjov) +46, 4. Hejhalov\u00e1 (Dukla Praha) +1:00, 5. Parmov\u00e1 (TRJ Stadion Louny) +1:08, 6. Obo\u0159ilov\u00e1 (GT Opportunity Brno) +1:14.<\/p>\n\n\n\n<p>FOTO Jan Brychta<\/p>\n\n\n\n<figure class=\"wp-block-image size-large\"><img loading=\"lazy\" decoding=\"async\" width=\"1024\" height=\"681\" src=\"https:\/\/www.czechcyclingfederation.com\/wp-content\/uploads\/2020\/08\/IMG-20200820-WA0008-1024x681.jpg\" alt=\"\" class=\"wp-image-1891\" srcset=\"https:\/\/www.czechcyclingfederation.com\/wp-content\/uploads\/2020\/08\/IMG-20200820-WA0008-1024x681.jpg 1024w, https:\/\/www.czechcyclingfederation.com\/wp-content\/uploads\/2020\/08\/IMG-20200820-WA0008-300x200.jpg 300w, https:\/\/www.czechcyclingfederation.com\/wp-content\/uploads\/2020\/08\/IMG-20200820-WA0008-768x511.jpg 768w, https:\/\/www.czechcyclingfederation.com\/wp-content\/uploads\/2020\/08\/IMG-20200820-WA0008-1536x1021.jpg 1536w, https:\/\/www.czechcyclingfederation.com\/wp-content\/uploads\/2020\/08\/IMG-20200820-WA0008-1320x878.jpg 1320w, https:\/\/www.czechcyclingfederation.com\/wp-content\/uploads\/2020\/08\/IMG-20200820-WA0008.jpg 1600w\" sizes=\"auto, (max-width: 1024px) 100vw, 1024px\" \/><\/figure>\n\n\n\n<figure class=\"wp-block-image size-large\"><img loading=\"lazy\" decoding=\"async\" width=\"1024\" height=\"680\" src=\"https:\/\/www.czechcyclingfederation.com\/wp-content\/uploads\/2020\/08\/IMG-20200820-WA0005-1024x680.jpg\" alt=\"\" class=\"wp-image-1892\" srcset=\"https:\/\/www.czechcyclingfederation.com\/wp-content\/uploads\/2020\/08\/IMG-20200820-WA0005-1024x680.jpg 1024w, https:\/\/www.czechcyclingfederation.com\/wp-content\/uploads\/2020\/08\/IMG-20200820-WA0005-300x200.jpg 300w, https:\/\/www.czechcyclingfederation.com\/wp-content\/uploads\/2020\/08\/IMG-20200820-WA0005-768x510.jpg 768w, https:\/\/www.czechcyclingfederation.com\/wp-content\/uploads\/2020\/08\/IMG-20200820-WA0005-1536x1020.jpg 1536w, https:\/\/www.czechcyclingfederation.com\/wp-content\/uploads\/2020\/08\/IMG-20200820-WA0005-1320x877.jpg 1320w, https:\/\/www.czechcyclingfederation.com\/wp-content\/uploads\/2020\/08\/IMG-20200820-WA0005.jpg 1600w\" sizes=\"auto, (max-width: 1024px) 100vw, 1024px\" \/><\/figure>\n\n\n\n<figure class=\"wp-block-image size-large\"><img loading=\"lazy\" decoding=\"async\" width=\"1024\" height=\"680\" src=\"https:\/\/www.czechcyclingfederation.com\/wp-content\/uploads\/2020\/08\/IMG-20200820-WA0007-1024x680.jpg\" alt=\"\" class=\"wp-image-1893\" srcset=\"https:\/\/www.czechcyclingfederation.com\/wp-content\/uploads\/2020\/08\/IMG-20200820-WA0007-1024x680.jpg 1024w, https:\/\/www.czechcyclingfederation.com\/wp-content\/uploads\/2020\/08\/IMG-20200820-WA0007-300x200.jpg 300w, https:\/\/www.czechcyclingfederation.com\/wp-content\/uploads\/2020\/08\/IMG-20200820-WA0007-768x510.jpg 768w, https:\/\/www.czechcyclingfederation.com\/wp-content\/uploads\/2020\/08\/IMG-20200820-WA0007-1536x1020.jpg 1536w, https:\/\/www.czechcyclingfederation.com\/wp-content\/uploads\/2020\/08\/IMG-20200820-WA0007-1320x877.jpg 1320w, https:\/\/www.czechcyclingfederation.com\/wp-content\/uploads\/2020\/08\/IMG-20200820-WA0007.jpg 1600w\" sizes=\"auto, (max-width: 1024px) 100vw, 1024px\" \/><\/figure>\n","protected":false},"excerpt":{"rendered":"<p>Na odlo\u017een\u00e9m \u0161ampion\u00e1tu z Opo\u010dna se dnes v Mlad\u00e9 Boleslavi rozd\u011blovaly prvn\u00ed medaile &#8211; na programu byly spole\u010dn\u00e9 \u010dasovky \u010desk\u00fdch a slovensk\u00fdch jezdc\u016f. Juniorky absolvovaly jeden\u00e1ct kilometr\u016f, \u017eeny dvacet a mu\u017ei \u010dty\u0159icet. Dom\u00e1c\u00ed \u0161ampionkou mezi \u017eenami se stala Nikola Noskov\u00e1 z t\u00fdmu \u00c9quipe Paule, zlato mezi juniorkami vybojovala Krist\u00fdna Burlov\u00e1 z Dukly Praha. T\u0159iadvacetilet\u00e1 Noskov\u00e1, [&hellip;]<\/p>\n","protected":false},"author":8,"featured_media":1890,"comment_status":"closed","ping_status":"open","sticky":false,"template":"","format":"standard","meta":{"footnotes":""},"categories":[2,18],"tags":[11],"class_list":["post-1889","post","type-post","status-publish","format-standard","has-post-thumbnail","hentry","category-novinky","category-silnice","tag-silnice"],"_links":{"self":[{"href":"https:\/\/www.czechcyclingfederation.com\/en\/wp-json\/wp\/v2\/posts\/1889","targetHints":{"allow":["GET"]}}],"collection":[{"href":"https:\/\/www.czechcyclingfederation.com\/en\/wp-json\/wp\/v2\/posts"}],"about":[{"href":"https:\/\/www.czechcyclingfederation.com\/en\/wp-json\/wp\/v2\/types\/post"}],"author":[{"embeddable":true,"href":"https:\/\/www.czechcyclingfederation.com\/en\/wp-json\/wp\/v2\/users\/8"}],"replies":[{"embeddable":true,"href":"https:\/\/www.czechcyclingfederation.com\/en\/wp-json\/wp\/v2\/comments?post=1889"}],"version-history":[{"count":1,"href":"https:\/\/www.czechcyclingfederation.com\/en\/wp-json\/wp\/v2\/posts\/1889\/revisions"}],"predecessor-version":[{"id":1894,"href":"https:\/\/www.czechcyclingfederation.com\/en\/wp-json\/wp\/v2\/posts\/1889\/revisions\/1894"}],"wp:featuredmedia":[{"embeddable":true,"href":"https:\/\/www.czechcyclingfederation.com\/en\/wp-json\/wp\/v2\/media\/1890"}],"wp:attachment":[{"href":"https:\/\/www.czechcyclingfederation.com\/en\/wp-json\/wp\/v2\/media?parent=1889"}],"wp:term":[{"taxonomy":"category","embeddable":true,"href":"https:\/\/www.czechcyclingfederation.com\/en\/wp-json\/wp\/v2\/categories?post=1889"},{"taxonomy":"post_tag","embeddable":true,"href":"https:\/\/www.czechcyclingfederation.com\/en\/wp-json\/wp\/v2\/tags?post=1889"}],"curies":[{"name":"wp","href":"https:\/\/api.w.org\/{rel}","templated":true}]}}