{"id":1857,"date":"2020-08-17T17:46:33","date_gmt":"2020-08-17T15:46:33","guid":{"rendered":"http:\/\/www.czechcyclingfederation.com\/?p=1857"},"modified":"2020-08-18T21:43:00","modified_gmt":"2020-08-18T19:43:00","slug":"jizda-legend-ceskoslovenske-cyklistiky-ozdobi-silnicni-sampionat-a-podpori-dobrou-vec","status":"publish","type":"post","link":"https:\/\/www.czechcyclingfederation.com\/en\/jizda-legend-ceskoslovenske-cyklistiky-ozdobi-silnicni-sampionat-a-podpori-dobrou-vec\/","title":{"rendered":"J\u00edzda LEGEND \u010deskoslovensk\u00e9 cyklistiky ozdob\u00ed silni\u010dn\u00ed \u0161ampion\u00e1t a podpo\u0159\u00ed dobrou v\u011bc"},"content":{"rendered":"\n<p>\u0160KODA AUTO Mistrovstv\u00ed \u010cR a SR v&nbsp;silni\u010dn\u00ed cyklistice, kter\u00e9 se od \u010dtvrtka 20.8. do soboty 22.8.2020 uskute\u010dn\u00ed v&nbsp;Mlad\u00e9 Boleslavi, bude nejen velkolepou sportovn\u00ed, ale i spole\u010denskou ud\u00e1lost\u00ed.<\/p>\n\n\n\n<p>\u0160ampion\u00e1t ozdob\u00ed nap\u0159\u00edklad sobotn\u00ed J\u00edzda legend \u010ds. cyklistiky, kterou po boku hv\u011bzd mohou absolvovat i fanou\u0161ci.<\/p>\n\n\n\n<p>Organiz\u00e1tor\u016fm se do tohoto projektu s&nbsp;charitativn\u00edm podtextem poda\u0159ilo zapojit celou \u0159adu b\u00fdval\u00fdch vynikaj\u00edc\u00edch z\u00e1vodn\u00edk\u016f, mezi nimi\u017e nechyb\u00ed <strong>olympij\u0161t\u00ed medailist\u00e9, medailist\u00e9 z&nbsp;mistrovstv\u00ed sv\u011bta, mist\u0159i republiky a v&nbsp;neposledn\u00ed \u0159ad\u011b borci, kte\u0159\u00ed z\u00e1\u0159ili v&nbsp;nejvy\u0161\u0161\u00edch patrech sv\u011btov\u00e9 cyklistiky<\/strong>.<\/p>\n\n\n\n<p>V&nbsp;r\u00e1mci charitativn\u00ed j\u00edzdy se p\u0159edstav\u00ed nap\u0159\u00edklad <strong>J\u00e1n Svorada<\/strong>, b\u00fdval\u00fd excelentn\u00ed sprinter, majitel etapov\u00fdch v\u00edt\u011bzstv\u00ed ze v\u0161ech Grand Tours a v\u00edt\u011bz Z\u00e1vodu m\u00edru, d\u00e1le \u00fa\u010dastn\u00edk 18 Grand Tours <strong>Pavel Padrnos<\/strong>, jeden z&nbsp;nejlep\u0161\u00edch domestik\u016f sv\u00e9 doby, v\u00edt\u011bz Z\u00e1vodu m\u00edru <strong>Jaroslav B\u00edlek<\/strong>, nej\u00fasp\u011b\u0161n\u011bj\u0161\u00ed cyklista paralympijsk\u00e9 historie <strong>Ji\u0159\u00ed Je\u017eek<\/strong>, ale tak\u00e9 legendy star\u0161\u00edho data narozen\u00ed jako <strong>olympijsk\u00fd v\u00edt\u011bz Ji\u0159\u00ed Daler<\/strong>, Pavel Dole\u017eel, Zden\u011bk Dohnal, Svatopluk Henke, Milo\u0161 Fi\u0161era a mnoz\u00ed dal\u0161\u00ed.<\/p>\n\n\n\n<p>J\u00edzda legend odstartuje v&nbsp;<strong>sobotu 22. srpna v&nbsp;15 hod<\/strong>. pot\u00e9, co se akt\u00e9\u0159i hlavn\u00edho z\u00e1vodu mu\u017esk\u00e9 elity vydaj\u00ed mimo Mladou Boleslav. Pojede se na m\u011bstsk\u00e9m okruhu dlouh\u00e9m 4 km. Akce bude m\u00edt charitativn\u00ed podtext a budou se k n\u00ed moci p\u0159ipojit cyklist\u00e9 v\u0161ech v\u011bkov\u00fdch kategori\u00ed a v\u00fdkonnosti, zajet si s cyklistick\u00fdmi osobnostmi 3 m\u011bstsk\u00e9 okruhy a podpo\u0159it dobrou v\u011bc.<\/p>\n\n\n\n<p><strong>Svou \u00fa\u010dast\u00ed p\u0159isp\u011bje ka\u017ed\u00fd, kdo se J\u00edzdy z\u00fa\u010dastn\u00ed. Za ka\u017ed\u00e9ho mal\u00e9ho \u010di velk\u00e9ho, mlad\u0161\u00edho i star\u0161\u00edho \u00fa\u010dastn\u00edka \u201eJ\u00edzdy LEGEND \u010deskoslovensk\u00e9 cyklistiky\u201c bude \u010cesk\u00fd svaz cyklistiky a jeho partne\u0159i darovat 100 K\u010d na projekt \u201eZdravotn\u00ed klaun\u201c. Ka\u017ed\u00fd \u00fa\u010dastn\u00edk t\u00e9to vyj\u00ed\u017e\u010fky tak pom\u016f\u017ee nemocn\u00fdm d\u011btem a senior\u016fm naj\u00edt op\u011bt radost a chu\u0165 do \u017eivota.<\/strong><\/p>\n\n\n\n<p>P\u0159ihl\u00e1sit k J\u00edzd\u011b s&nbsp;legendami se m\u016f\u017ee ka\u017ed\u00fd, kdo m\u00e1 r\u00e1d cyklistiku, od d\u011bt\u00ed a\u017e po seniory, na jak\u00e9mkoli kole. \u00da\u010dastn\u00edci se budou moci registrovat v m\u00edst\u011b z\u00e1vodu v Mlad\u00e9 Boleslavi na st\u00e1nku \u010cesk\u00e9ho svazu cyklistiky od 11 hodin.<\/p>\n\n\n\n<p><em>\u201eCht\u011bli jsme fanou\u0161k\u016fm p\u0159i \u0161ampion\u00e1tu nab\u00eddnout krom\u011b sledov\u00e1n\u00ed z\u00e1vod\u016f i n\u011bjak\u00e9 zaj\u00edmav\u00e9 zpest\u0159en\u00ed. A vymysleli jsme setk\u00e1n\u00ed skv\u011bl\u00fdch cyklist\u016f nap\u0159\u00ed\u010d generacemi s&nbsp;\u0161irokou ve\u0159ejnost\u00ed. Samoz\u0159ejm\u011b na kole, ale na trase, kterou zvl\u00e1dne \u00fapln\u011b ka\u017ed\u00fd. Nav\u00edc t\u00edm podpo\u0159\u00edme dobrou v\u011bc<\/em>,\u201c uvedl prezident \u010cesk\u00e9ho svazu cyklistiky Petr Marek.&nbsp;<\/p>\n\n\n\n<p>\u010cSC<\/p>\n\n\n\n<figure class=\"wp-block-image size-large\"><img loading=\"lazy\" decoding=\"async\" width=\"826\" height=\"344\" src=\"http:\/\/www.czechcyclingfederation.com\/wp-content\/uploads\/2020\/08\/Bez-n\u00e1zvu-1.gif\" alt=\"\" class=\"wp-image-1873\"\/><\/figure>\n","protected":false},"excerpt":{"rendered":"<p>\u0160KODA AUTO Mistrovstv\u00ed \u010cR a SR v&nbsp;silni\u010dn\u00ed cyklistice, kter\u00e9 se od \u010dtvrtka 20.8. do soboty 22.8.2020 uskute\u010dn\u00ed v&nbsp;Mlad\u00e9 Boleslavi, bude nejen velkolepou sportovn\u00ed, ale i spole\u010denskou ud\u00e1lost\u00ed. \u0160ampion\u00e1t ozdob\u00ed nap\u0159\u00edklad sobotn\u00ed J\u00edzda legend \u010ds. cyklistiky, kterou po boku hv\u011bzd mohou absolvovat i fanou\u0161ci. Organiz\u00e1tor\u016fm se do tohoto projektu s&nbsp;charitativn\u00edm podtextem poda\u0159ilo zapojit celou \u0159adu b\u00fdval\u00fdch [&hellip;]<\/p>\n","protected":false},"author":3,"featured_media":1873,"comment_status":"closed","ping_status":"open","sticky":false,"template":"","format":"standard","meta":{"footnotes":""},"categories":[2,18],"tags":[11],"class_list":["post-1857","post","type-post","status-publish","format-standard","has-post-thumbnail","hentry","category-novinky","category-silnice","tag-silnice"],"_links":{"self":[{"href":"https:\/\/www.czechcyclingfederation.com\/en\/wp-json\/wp\/v2\/posts\/1857","targetHints":{"allow":["GET"]}}],"collection":[{"href":"https:\/\/www.czechcyclingfederation.com\/en\/wp-json\/wp\/v2\/posts"}],"about":[{"href":"https:\/\/www.czechcyclingfederation.com\/en\/wp-json\/wp\/v2\/types\/post"}],"author":[{"embeddable":true,"href":"https:\/\/www.czechcyclingfederation.com\/en\/wp-json\/wp\/v2\/users\/3"}],"replies":[{"embeddable":true,"href":"https:\/\/www.czechcyclingfederation.com\/en\/wp-json\/wp\/v2\/comments?post=1857"}],"version-history":[{"count":3,"href":"https:\/\/www.czechcyclingfederation.com\/en\/wp-json\/wp\/v2\/posts\/1857\/revisions"}],"predecessor-version":[{"id":1874,"href":"https:\/\/www.czechcyclingfederation.com\/en\/wp-json\/wp\/v2\/posts\/1857\/revisions\/1874"}],"wp:featuredmedia":[{"embeddable":true,"href":"https:\/\/www.czechcyclingfederation.com\/en\/wp-json\/wp\/v2\/media\/1873"}],"wp:attachment":[{"href":"https:\/\/www.czechcyclingfederation.com\/en\/wp-json\/wp\/v2\/media?parent=1857"}],"wp:term":[{"taxonomy":"category","embeddable":true,"href":"https:\/\/www.czechcyclingfederation.com\/en\/wp-json\/wp\/v2\/categories?post=1857"},{"taxonomy":"post_tag","embeddable":true,"href":"https:\/\/www.czechcyclingfederation.com\/en\/wp-json\/wp\/v2\/tags?post=1857"}],"curies":[{"name":"wp","href":"https:\/\/api.w.org\/{rel}","templated":true}]}}