{"id":1840,"date":"2020-08-15T17:41:35","date_gmt":"2020-08-15T15:41:35","guid":{"rendered":"http:\/\/www.czechcyclingfederation.com\/?p=1840"},"modified":"2020-08-18T11:01:55","modified_gmt":"2020-08-18T09:01:55","slug":"mistry-republiky-jeste-nezname-cele-startovni-pole-uz-ano","status":"publish","type":"post","link":"https:\/\/www.czechcyclingfederation.com\/en\/mistry-republiky-jeste-nezname-cele-startovni-pole-uz-ano\/","title":{"rendered":"Mistry republiky je\u0161t\u011b nezn\u00e1me, cel\u00e9 startovn\u00ed pole u\u017e ano"},"content":{"rendered":"\n<p><\/p>\n\n\n\n<p>\u0160koda Auto mistrovstv\u00ed \u010cesk\u00e9 a Slovensk\u00e9 republiky v silni\u010dn\u00ed cyklistice 2020 se uskute\u010dn\u00ed v Mlad\u00e9 Boleslavi. Ve \u010dtvrtek 20. srpna se jedou \u010dasovky a v&nbsp;sobotu 22. srpna z\u00e1vody s hromadn\u00fdm startem.<\/p>\n\n\n\n<p>Po\u0159adatel\u00e9 podle odevzdan\u00fdch p\u0159ihl\u00e1\u0161ek ji\u017e v\u00ed, \u017ee se na trati objev\u00ed opravdu kompletn\u00ed \u010desk\u00e1 a slovensk\u00e1 elita, v\u010detn\u011b jmen nejzvu\u010dn\u011bj\u0161\u00edch, a proto tak\u00e9 doufaj\u00ed, \u017ee se kolem velmi n\u00e1ro\u010dn\u00e9 trati sejde co nejv\u00edce div\u00e1k\u016f.<\/p>\n\n\n\n<p>Trat\u011b jsou opravdu n\u00e1ro\u010dn\u00e9 a pokud se bav\u00edme o jm\u00e9nech, tak tady jsou. V \u017een\u00e1ch jednozna\u010dn\u011b Jarmila Macha\u010dov\u00e1, v mu\u017e\u00edch pak Roman Kreuziger, Zden\u011bk \u0160tybar, Petr Vako\u010d, Franti\u0161ek Sisr, Alois Ka\u0148kovsk\u00fd, Michael Kukrle, Karel Hn\u00edk, Mat\u011bj Zah\u00e1lka, Josef \u010cern\u00fd,&nbsp; Jan Hirt, Michael Boro\u0161, Adam \u0164oupal\u00edk a mnoho dal\u0161\u00edch. A ta slovensk\u00e1, jednozna\u010dn\u011b Peter a Juraj Saganovi.<\/p>\n\n\n\n<p>Celkov\u011b je zat\u00edm zaregistrov\u00e1no 343 \u00fa\u010dastn\u00edk\u016f (107 ze Slovenska a 236 z \u010ceska). I kdy\u017e se \u010dasovka jede t\u00e9m\u011b\u0159 na rovin\u011b a m\u00e1 na sob\u011b jen p\u00e1r technick\u00fdch pas\u00e1\u017e\u00ed, hlavn\u011b v zat\u00e1\u010dk\u00e1ch,&nbsp; tak je jasn\u00e9, \u017ee nejv\u011bt\u0161\u00edm pomocn\u00edkem chronometru a tedy protivn\u00edkem jezdc\u016f bude velmi pravd\u011bpodobn\u011b v\u00edtr v absolutn\u011b otev\u0159en\u00e9 krajin\u011b. Ve \u010dtvrtek prvn\u00ed juniorka odstartuje ve 14:00, \u017eena v 15:00 a mu\u017e v 17:00. Dojezd posledn\u00edho z\u00e1vodn\u00edka bude kolem 19:30.<\/p>\n\n\n\n<p>V sobotu se na start silni\u010dn\u00edho z\u00e1vodu postav\u00ed \u017eeny Elite spole\u010dn\u011b s juniorkami v 9:00, hlavn\u00ed z\u00e1vod bude od 14:00 pro kategorie mu\u017e\u016f Elite a kategorie U23. A tady o trati rad\u0161i ani nemluv\u011b. Tady o v\u00edtr ur\u010dit\u011b a\u017e zase tolik nep\u016fjde. Ale m\u00e1lo vyz\u00e1vod\u011bn\u00ed \u00fa\u010dastn\u00edci budou muset poko\u0159it dva velmi n\u00e1ro\u010dn\u00e9 kopce, na jednom z nich se jezd\u00ed i mistrovstv\u00ed automobil\u016f do vrchu, a to hned n\u011bkolikr\u00e1t.<\/p>\n\n\n\n<p>Krom\u011b z\u00e1vod\u016f je sou\u010d\u00e1st\u00ed \u0161ampion\u00e1tu tak\u00e9 je\u0161t\u011b plno dal\u0161\u00edch akc\u00ed &#8211; t\u0159eba vyj\u00ed\u017e\u010fka ve\u0159ejnosti, tedy d\u011bt\u00ed, ml\u00e1de\u017ee a rodi\u010d\u016f, vlastn\u011b ka\u017ed\u00e9ho, kdo si chce sednout na kolo a projet si, t\u0159eba i v\u00edcekr\u00e1t, m\u011bstsk\u00fd, 3,7 km dlouh\u00fd okruh, kter\u00fd za\u010d\u00edn\u00e1 a kon\u010d\u00ed na Komensk\u00e9ho n\u00e1m\u011bst\u00ed. Ta za\u010d\u00edn\u00e1 v sobotu v 9:30. Od 15:00 bude na tomt\u00e9\u017e m\u011bstsk\u00e9m okruhu k vid\u011bn\u00ed i vyj\u00ed\u017e\u010fka sportovn\u00edch legend a osobnost\u00ed, a to nejenom z cyklistiky.<\/p>\n\n\n\n<p>TZ<\/p>\n","protected":false},"excerpt":{"rendered":"<p>\u0160koda Auto mistrovstv\u00ed \u010cesk\u00e9 a Slovensk\u00e9 republiky v silni\u010dn\u00ed cyklistice 2020 se uskute\u010dn\u00ed v Mlad\u00e9 Boleslavi. Ve \u010dtvrtek 20. srpna se jedou \u010dasovky a v&nbsp;sobotu 22. srpna z\u00e1vody s hromadn\u00fdm startem. Po\u0159adatel\u00e9 podle odevzdan\u00fdch p\u0159ihl\u00e1\u0161ek ji\u017e v\u00ed, \u017ee se na trati objev\u00ed opravdu kompletn\u00ed \u010desk\u00e1 a slovensk\u00e1 elita, v\u010detn\u011b jmen nejzvu\u010dn\u011bj\u0161\u00edch, a proto tak\u00e9 doufaj\u00ed, [&hellip;]<\/p>\n","protected":false},"author":8,"featured_media":1842,"comment_status":"closed","ping_status":"open","sticky":false,"template":"","format":"standard","meta":{"footnotes":""},"categories":[2,18],"tags":[11],"class_list":["post-1840","post","type-post","status-publish","format-standard","has-post-thumbnail","hentry","category-novinky","category-silnice","tag-silnice"],"_links":{"self":[{"href":"https:\/\/www.czechcyclingfederation.com\/en\/wp-json\/wp\/v2\/posts\/1840","targetHints":{"allow":["GET"]}}],"collection":[{"href":"https:\/\/www.czechcyclingfederation.com\/en\/wp-json\/wp\/v2\/posts"}],"about":[{"href":"https:\/\/www.czechcyclingfederation.com\/en\/wp-json\/wp\/v2\/types\/post"}],"author":[{"embeddable":true,"href":"https:\/\/www.czechcyclingfederation.com\/en\/wp-json\/wp\/v2\/users\/8"}],"replies":[{"embeddable":true,"href":"https:\/\/www.czechcyclingfederation.com\/en\/wp-json\/wp\/v2\/comments?post=1840"}],"version-history":[{"count":1,"href":"https:\/\/www.czechcyclingfederation.com\/en\/wp-json\/wp\/v2\/posts\/1840\/revisions"}],"predecessor-version":[{"id":1841,"href":"https:\/\/www.czechcyclingfederation.com\/en\/wp-json\/wp\/v2\/posts\/1840\/revisions\/1841"}],"wp:featuredmedia":[{"embeddable":true,"href":"https:\/\/www.czechcyclingfederation.com\/en\/wp-json\/wp\/v2\/media\/1842"}],"wp:attachment":[{"href":"https:\/\/www.czechcyclingfederation.com\/en\/wp-json\/wp\/v2\/media?parent=1840"}],"wp:term":[{"taxonomy":"category","embeddable":true,"href":"https:\/\/www.czechcyclingfederation.com\/en\/wp-json\/wp\/v2\/categories?post=1840"},{"taxonomy":"post_tag","embeddable":true,"href":"https:\/\/www.czechcyclingfederation.com\/en\/wp-json\/wp\/v2\/tags?post=1840"}],"curies":[{"name":"wp","href":"https:\/\/api.w.org\/{rel}","templated":true}]}}