{"id":1804,"date":"2020-08-12T21:41:38","date_gmt":"2020-08-12T19:41:38","guid":{"rendered":"http:\/\/www.czechcyclingfederation.com\/?p=1804"},"modified":"2020-08-17T17:53:35","modified_gmt":"2020-08-17T15:53:35","slug":"ceske-draharky-uspely-v-pordenone","status":"publish","type":"post","link":"https:\/\/www.czechcyclingfederation.com\/en\/ceske-draharky-uspely-v-pordenone\/","title":{"rendered":"\u010cesk\u00e9 dr\u00e1ha\u0159ky usp\u011bly v Pordenone"},"content":{"rendered":"\n<p><\/p>\n\n\n\n<p>Druh\u00fd den z\u00e1vod\u016f prvn\u00ed kategorie kalend\u00e1\u0159e UCI v italsk\u00e9m Pordenone se vyda\u0159il \u010desk\u00fdm \u017een\u00e1m. V r\u00e1mci podniku Citt\u00e0 di Pordenone vybojovaly p\u00f3diov\u00e9 um\u00edst\u011bn\u00ed t\u0159et\u00edm m\u00edstem Kate\u0159ina Kohoutkov\u00e1 a Petra \u0160ev\u010d\u00edkov\u00e1 v madisonu. Ve vylu\u010dovac\u00edm z\u00e1vodu hned na \u00favod dne\u0161n\u00edch boj\u016f byla \u0160ev\u010d\u00edkov\u00e1 p\u00e1t\u00e1.<\/p>\n\n\n\n<p>Bodovac\u00ed z\u00e1vod po bojovn\u00e9m v\u00fdkonu vynesl Jarmile Macha\u010dov\u00e9 \u0161estou pozici a mezi jezdci U23 Jan Vone\u0161 skon\u010dil t\u0159et\u00ed v bodovac\u00edm z\u00e1vodu.<\/p>\n\n\n\n<p>V\u00fdsledky:<\/p>\n\n\n\n<p>\u017deny:<\/p>\n\n\n\n<p>Bodovac\u00ed z\u00e1vod:<\/p>\n\n\n\n<p>1. Guazziniov\u00e1 20, 2. Consoniov\u00e1 15, 3. Catarziov\u00e1 (v\u0161echny It.) 13, &#8230;6. Macha\u010dov\u00e1 10, 8. Kohoutkov\u00e1 3, 21. \u0160ev\u010d\u00edkov\u00e1 (v\u0161echny \u010cR) -20<\/p>\n\n\n\n<p>Madison:<\/p>\n\n\n\n<p>1. Guazziniov\u00e1, Balsamov\u00e1 54, 2. Fidanzaov\u00e1, Barbieriov\u00e1 (v\u0161echny It.) 25, 3. Kohoutkov\u00e1, \u0160ev\u010d\u00edkov\u00e1 (\u010cR) 24, &#8230;10. Macha\u010dov\u00e1, Frapportiov\u00e1 (\u010cR\/It.) -60.<\/p>\n\n\n\n<p>Vylu\u010dovac\u00ed z\u00e1vod:<\/p>\n\n\n\n<p>1. Balsamov\u00e1, 2. Guazziniov\u00e1, 3. Barbieriov\u00e1 (v\u0161echny It.), &#8230;5. \u0160ev\u010d\u00edkov\u00e1.<\/p>\n\n\n\n<p>Mu\u017ei U23:<\/p>\n\n\n\n<p>1.Donega (It.) 69, 2. Gotzinger (Rak.) 63, 3. Vone\u0161 (\u010cR) 52.<\/p>\n\n\n\n<p>FOTO Milan Kadlec<\/p>\n\n\n\n<figure class=\"wp-block-image size-large\"><img loading=\"lazy\" decoding=\"async\" width=\"1024\" height=\"768\" src=\"https:\/\/www.czechcyclingfederation.com\/wp-content\/uploads\/2020\/08\/IMG-20200812-WA0007.jpg\" alt=\"\" class=\"wp-image-1806\" srcset=\"https:\/\/www.czechcyclingfederation.com\/wp-content\/uploads\/2020\/08\/IMG-20200812-WA0007.jpg 1024w, https:\/\/www.czechcyclingfederation.com\/wp-content\/uploads\/2020\/08\/IMG-20200812-WA0007-267x200.jpg 267w, https:\/\/www.czechcyclingfederation.com\/wp-content\/uploads\/2020\/08\/IMG-20200812-WA0007-768x576.jpg 768w\" sizes=\"auto, (max-width: 1024px) 100vw, 1024px\" \/><\/figure>\n\n\n\n<figure class=\"wp-block-image size-large\"><img loading=\"lazy\" decoding=\"async\" width=\"1024\" height=\"695\" src=\"https:\/\/www.czechcyclingfederation.com\/wp-content\/uploads\/2020\/08\/MAS_2531-1024x695.jpg\" alt=\"\" class=\"wp-image-1807\" srcset=\"https:\/\/www.czechcyclingfederation.com\/wp-content\/uploads\/2020\/08\/MAS_2531-1024x695.jpg 1024w, https:\/\/www.czechcyclingfederation.com\/wp-content\/uploads\/2020\/08\/MAS_2531-295x200.jpg 295w, https:\/\/www.czechcyclingfederation.com\/wp-content\/uploads\/2020\/08\/MAS_2531-768x521.jpg 768w, https:\/\/www.czechcyclingfederation.com\/wp-content\/uploads\/2020\/08\/MAS_2531-1536x1042.jpg 1536w, https:\/\/www.czechcyclingfederation.com\/wp-content\/uploads\/2020\/08\/MAS_2531-2048x1390.jpg 2048w, https:\/\/www.czechcyclingfederation.com\/wp-content\/uploads\/2020\/08\/MAS_2531-1320x896.jpg 1320w\" sizes=\"auto, (max-width: 1024px) 100vw, 1024px\" \/><\/figure>\n","protected":false},"excerpt":{"rendered":"<p>Druh\u00fd den z\u00e1vod\u016f prvn\u00ed kategorie kalend\u00e1\u0159e UCI v italsk\u00e9m Pordenone se vyda\u0159il \u010desk\u00fdm \u017een\u00e1m. V r\u00e1mci podniku Citt\u00e0 di Pordenone vybojovaly p\u00f3diov\u00e9 um\u00edst\u011bn\u00ed t\u0159et\u00edm m\u00edstem Kate\u0159ina Kohoutkov\u00e1 a Petra \u0160ev\u010d\u00edkov\u00e1 v madisonu. Ve vylu\u010dovac\u00edm z\u00e1vodu hned na \u00favod dne\u0161n\u00edch boj\u016f byla \u0160ev\u010d\u00edkov\u00e1 p\u00e1t\u00e1. Bodovac\u00ed z\u00e1vod po bojovn\u00e9m v\u00fdkonu vynesl Jarmile Macha\u010dov\u00e9 \u0161estou pozici a mezi [&hellip;]<\/p>\n","protected":false},"author":8,"featured_media":1805,"comment_status":"closed","ping_status":"open","sticky":false,"template":"","format":"standard","meta":{"footnotes":""},"categories":[54,2],"tags":[9],"class_list":["post-1804","post","type-post","status-publish","format-standard","has-post-thumbnail","hentry","category-draha","category-novinky","tag-draha"],"_links":{"self":[{"href":"https:\/\/www.czechcyclingfederation.com\/en\/wp-json\/wp\/v2\/posts\/1804","targetHints":{"allow":["GET"]}}],"collection":[{"href":"https:\/\/www.czechcyclingfederation.com\/en\/wp-json\/wp\/v2\/posts"}],"about":[{"href":"https:\/\/www.czechcyclingfederation.com\/en\/wp-json\/wp\/v2\/types\/post"}],"author":[{"embeddable":true,"href":"https:\/\/www.czechcyclingfederation.com\/en\/wp-json\/wp\/v2\/users\/8"}],"replies":[{"embeddable":true,"href":"https:\/\/www.czechcyclingfederation.com\/en\/wp-json\/wp\/v2\/comments?post=1804"}],"version-history":[{"count":1,"href":"https:\/\/www.czechcyclingfederation.com\/en\/wp-json\/wp\/v2\/posts\/1804\/revisions"}],"predecessor-version":[{"id":1808,"href":"https:\/\/www.czechcyclingfederation.com\/en\/wp-json\/wp\/v2\/posts\/1804\/revisions\/1808"}],"wp:featuredmedia":[{"embeddable":true,"href":"https:\/\/www.czechcyclingfederation.com\/en\/wp-json\/wp\/v2\/media\/1805"}],"wp:attachment":[{"href":"https:\/\/www.czechcyclingfederation.com\/en\/wp-json\/wp\/v2\/media?parent=1804"}],"wp:term":[{"taxonomy":"category","embeddable":true,"href":"https:\/\/www.czechcyclingfederation.com\/en\/wp-json\/wp\/v2\/categories?post=1804"},{"taxonomy":"post_tag","embeddable":true,"href":"https:\/\/www.czechcyclingfederation.com\/en\/wp-json\/wp\/v2\/tags?post=1804"}],"curies":[{"name":"wp","href":"https:\/\/api.w.org\/{rel}","templated":true}]}}