{"id":1797,"date":"2020-08-12T14:16:27","date_gmt":"2020-08-12T12:16:27","guid":{"rendered":"http:\/\/www.czechcyclingfederation.com\/?p=1797"},"modified":"2020-08-17T15:53:34","modified_gmt":"2020-08-17T13:53:34","slug":"pet-stupnu-vitezu-sprinteru-v-ascoli","status":"publish","type":"post","link":"https:\/\/www.czechcyclingfederation.com\/en\/pet-stupnu-vitezu-sprinteru-v-ascoli\/","title":{"rendered":"P\u011bt stup\u0148\u016f v\u00edt\u011bz\u016f sprinter\u016f v Ascoli"},"content":{"rendered":"\n<p><\/p>\n\n\n\n<p>Celkem p\u011btkr\u00e1t vystoupili sprinte\u0159i Dukly Brno na stupn\u011b v\u00edt\u011bz\u016f v r\u00e1mci z\u00e1vod\u016f Piceno Sprint Cup v italsk\u00e9m Ascoli. V podniku prvn\u00ed kategorie UCI na nejvy\u0161\u0161\u00ed stupe\u0148 dos\u00e1hl Tom\u00e1\u0161 B\u00e1bek v z\u00e1vodu na 1 km s pevn\u00fdm startem.<\/p>\n\n\n\n<p>Ve sprintu zv\u00edt\u011bzil \u0158ek Sotirios Bretas p\u0159ed Robinem Wagnerem a Martinem \u010cechmanem, v keirinu byl druh\u00fd za Bretasem Jakub \u0160\u0165astn\u00fd a t\u0159et\u00ed skon\u010dila ve sprintu \u017een S\u00e1ra Ka\u0148kovsk\u00e1.<\/p>\n\n\n\n<p>V\u00fdsledky:<\/p>\n\n\n\n<p>Mu\u017ei:<\/p>\n\n\n\n<p>Sprint:<\/p>\n\n\n\n<p>1. Bretas (\u0158ec.), 2. Wagner, 3. \u010cechnam, 4. \u0160\u0165astn\u00fd, 5. B\u00e1bek, &#8230;8. Topinka, 9. Bohusl\u00e1vek (v\u0161ichni \u010cR).<\/p>\n\n\n\n<p>Keirin:<\/p>\n\n\n\n<p>1. Bretas, 2. \u0160\u0165astn\u00fd, 3. Kiksis (Lot.), 4. B\u00e1bek, 5. \u010cechman, &#8230;8. Wagner, 11. Topinka.<\/p>\n\n\n\n<p>1 km s pevn\u00fdm startem:<\/p>\n\n\n\n<p>1. B\u00e1bek 1:07,027, 2. Ceci 1:07,746, 3. Bianchi (oba It.) 1:07,942, &#8230;5. Wagner 1:08,715,&nbsp;&nbsp;&nbsp;&nbsp;&nbsp;<\/p>\n\n\n\n<p>8. \u010cechman 1:10,816, 9. Topinka 1:10,817, 10. \u0160\u0165astn\u00fd 1:11,274, 11. Bohusl\u00e1vek 1:13,123.<\/p>\n\n\n\n<p>\u017deny:<\/p>\n\n\n\n<p>Sprint:<\/p>\n\n\n\n<p>1. Veceov\u00e1, 2. Bissolatiov\u00e1 (ob\u011b It.), 3. S. Ka\u0148kovsk\u00e1, 4. V. Jaborn\u00edkov\u00e1 (ob\u011b (\u010cR).<\/p>\n\n\n\n<p>FOTO Petr Klime\u0161<\/p>\n\n\n\n<figure class=\"wp-block-image size-large\"><img loading=\"lazy\" decoding=\"async\" width=\"768\" height=\"1024\" src=\"https:\/\/www.czechcyclingfederation.com\/wp-content\/uploads\/2020\/08\/B\u00e1bek-IMG-20200812-WA0003-768x1024.jpg\" alt=\"\" class=\"wp-image-1799\" srcset=\"https:\/\/www.czechcyclingfederation.com\/wp-content\/uploads\/2020\/08\/B\u00e1bek-IMG-20200812-WA0003-768x1024.jpg 768w, https:\/\/www.czechcyclingfederation.com\/wp-content\/uploads\/2020\/08\/B\u00e1bek-IMG-20200812-WA0003-150x200.jpg 150w, https:\/\/www.czechcyclingfederation.com\/wp-content\/uploads\/2020\/08\/B\u00e1bek-IMG-20200812-WA0003-1152x1536.jpg 1152w, https:\/\/www.czechcyclingfederation.com\/wp-content\/uploads\/2020\/08\/B\u00e1bek-IMG-20200812-WA0003.jpg 1200w\" sizes=\"auto, (max-width: 768px) 100vw, 768px\" \/><\/figure>\n\n\n\n<figure class=\"wp-block-image size-large\"><img loading=\"lazy\" decoding=\"async\" width=\"819\" height=\"1024\" src=\"https:\/\/www.czechcyclingfederation.com\/wp-content\/uploads\/2020\/08\/B\u00e1bek.IMG-20200812-WA0004-1-819x1024.jpg\" alt=\"\" class=\"wp-image-1800\" srcset=\"https:\/\/www.czechcyclingfederation.com\/wp-content\/uploads\/2020\/08\/B\u00e1bek.IMG-20200812-WA0004-1-819x1024.jpg 819w, https:\/\/www.czechcyclingfederation.com\/wp-content\/uploads\/2020\/08\/B\u00e1bek.IMG-20200812-WA0004-1-160x200.jpg 160w, https:\/\/www.czechcyclingfederation.com\/wp-content\/uploads\/2020\/08\/B\u00e1bek.IMG-20200812-WA0004-1-768x960.jpg 768w, https:\/\/www.czechcyclingfederation.com\/wp-content\/uploads\/2020\/08\/B\u00e1bek.IMG-20200812-WA0004-1.jpg 1124w\" sizes=\"auto, (max-width: 819px) 100vw, 819px\" \/><\/figure>\n\n\n\n<figure class=\"wp-block-image size-large\"><img loading=\"lazy\" decoding=\"async\" width=\"682\" height=\"1024\" src=\"https:\/\/www.czechcyclingfederation.com\/wp-content\/uploads\/2020\/08\/Ka\u0148kovsk\u00e1-S\u00e1ra-IMG-20200812-WA0002-682x1024.jpg\" alt=\"\" class=\"wp-image-1801\" srcset=\"https:\/\/www.czechcyclingfederation.com\/wp-content\/uploads\/2020\/08\/Ka\u0148kovsk\u00e1-S\u00e1ra-IMG-20200812-WA0002-682x1024.jpg 682w, https:\/\/www.czechcyclingfederation.com\/wp-content\/uploads\/2020\/08\/Ka\u0148kovsk\u00e1-S\u00e1ra-IMG-20200812-WA0002-133x200.jpg 133w, https:\/\/www.czechcyclingfederation.com\/wp-content\/uploads\/2020\/08\/Ka\u0148kovsk\u00e1-S\u00e1ra-IMG-20200812-WA0002-768x1153.jpg 768w, https:\/\/www.czechcyclingfederation.com\/wp-content\/uploads\/2020\/08\/Ka\u0148kovsk\u00e1-S\u00e1ra-IMG-20200812-WA0002-1023x1536.jpg 1023w, https:\/\/www.czechcyclingfederation.com\/wp-content\/uploads\/2020\/08\/Ka\u0148kovsk\u00e1-S\u00e1ra-IMG-20200812-WA0002.jpg 1066w\" sizes=\"auto, (max-width: 682px) 100vw, 682px\" \/><\/figure>\n\n\n\n<figure class=\"wp-block-image size-large\"><img loading=\"lazy\" decoding=\"async\" width=\"1024\" height=\"768\" src=\"https:\/\/www.czechcyclingfederation.com\/wp-content\/uploads\/2020\/08\/Wagner-\u010cechman-IMG-20200812-WA0001-1024x768.jpg\" alt=\"\" class=\"wp-image-1802\" srcset=\"https:\/\/www.czechcyclingfederation.com\/wp-content\/uploads\/2020\/08\/Wagner-\u010cechman-IMG-20200812-WA0001-1024x768.jpg 1024w, https:\/\/www.czechcyclingfederation.com\/wp-content\/uploads\/2020\/08\/Wagner-\u010cechman-IMG-20200812-WA0001-267x200.jpg 267w, https:\/\/www.czechcyclingfederation.com\/wp-content\/uploads\/2020\/08\/Wagner-\u010cechman-IMG-20200812-WA0001-768x576.jpg 768w, https:\/\/www.czechcyclingfederation.com\/wp-content\/uploads\/2020\/08\/Wagner-\u010cechman-IMG-20200812-WA0001-1536x1152.jpg 1536w, https:\/\/www.czechcyclingfederation.com\/wp-content\/uploads\/2020\/08\/Wagner-\u010cechman-IMG-20200812-WA0001-1320x990.jpg 1320w, https:\/\/www.czechcyclingfederation.com\/wp-content\/uploads\/2020\/08\/Wagner-\u010cechman-IMG-20200812-WA0001.jpg 1600w\" sizes=\"auto, (max-width: 1024px) 100vw, 1024px\" \/><\/figure>\n","protected":false},"excerpt":{"rendered":"<p>Celkem p\u011btkr\u00e1t vystoupili sprinte\u0159i Dukly Brno na stupn\u011b v\u00edt\u011bz\u016f v r\u00e1mci z\u00e1vod\u016f Piceno Sprint Cup v italsk\u00e9m Ascoli. V podniku prvn\u00ed kategorie UCI na nejvy\u0161\u0161\u00ed stupe\u0148 dos\u00e1hl Tom\u00e1\u0161 B\u00e1bek v z\u00e1vodu na 1 km s pevn\u00fdm startem. Ve sprintu zv\u00edt\u011bzil \u0158ek Sotirios Bretas p\u0159ed Robinem Wagnerem a Martinem \u010cechmanem, v keirinu byl druh\u00fd za Bretasem [&hellip;]<\/p>\n","protected":false},"author":8,"featured_media":1798,"comment_status":"closed","ping_status":"open","sticky":false,"template":"","format":"standard","meta":{"footnotes":""},"categories":[54,2],"tags":[9],"class_list":["post-1797","post","type-post","status-publish","format-standard","has-post-thumbnail","hentry","category-draha","category-novinky","tag-draha"],"_links":{"self":[{"href":"https:\/\/www.czechcyclingfederation.com\/en\/wp-json\/wp\/v2\/posts\/1797","targetHints":{"allow":["GET"]}}],"collection":[{"href":"https:\/\/www.czechcyclingfederation.com\/en\/wp-json\/wp\/v2\/posts"}],"about":[{"href":"https:\/\/www.czechcyclingfederation.com\/en\/wp-json\/wp\/v2\/types\/post"}],"author":[{"embeddable":true,"href":"https:\/\/www.czechcyclingfederation.com\/en\/wp-json\/wp\/v2\/users\/8"}],"replies":[{"embeddable":true,"href":"https:\/\/www.czechcyclingfederation.com\/en\/wp-json\/wp\/v2\/comments?post=1797"}],"version-history":[{"count":1,"href":"https:\/\/www.czechcyclingfederation.com\/en\/wp-json\/wp\/v2\/posts\/1797\/revisions"}],"predecessor-version":[{"id":1803,"href":"https:\/\/www.czechcyclingfederation.com\/en\/wp-json\/wp\/v2\/posts\/1797\/revisions\/1803"}],"wp:featuredmedia":[{"embeddable":true,"href":"https:\/\/www.czechcyclingfederation.com\/en\/wp-json\/wp\/v2\/media\/1798"}],"wp:attachment":[{"href":"https:\/\/www.czechcyclingfederation.com\/en\/wp-json\/wp\/v2\/media?parent=1797"}],"wp:term":[{"taxonomy":"category","embeddable":true,"href":"https:\/\/www.czechcyclingfederation.com\/en\/wp-json\/wp\/v2\/categories?post=1797"},{"taxonomy":"post_tag","embeddable":true,"href":"https:\/\/www.czechcyclingfederation.com\/en\/wp-json\/wp\/v2\/tags?post=1797"}],"curies":[{"name":"wp","href":"https:\/\/api.w.org\/{rel}","templated":true}]}}