{"id":1794,"date":"2020-08-12T13:34:55","date_gmt":"2020-08-12T11:34:55","guid":{"rendered":"http:\/\/www.czechcyclingfederation.com\/?p=1794"},"modified":"2020-08-13T12:55:18","modified_gmt":"2020-08-13T10:55:18","slug":"rugovac-treti-v-omniu-v-pordenone","status":"publish","type":"post","link":"https:\/\/www.czechcyclingfederation.com\/en\/rugovac-treti-v-omniu-v-pordenone\/","title":{"rendered":"Rugovac t\u0159et\u00ed v omniu v Pordenone"},"content":{"rendered":"\n<p><\/p>\n\n\n\n<p>Velmi dob\u0159e si vedou \u010de\u0161t\u00ed dr\u00e1ha\u0159\u00ed na z\u00e1vodech prvn\u00ed kategorie kalend\u00e1\u0159e UCI v italsk\u00e9m Pordenone. V r\u00e1mci podniku Citt\u00e0 di Pordenone obsadil v olympijsk\u00e9m omniu Denis Rugovac skv\u011bl\u00e9 t\u0159et\u00ed m\u00edsto, kdy\u017e na druhozu pozici, kterou obsadil dom\u00e1c\u00ed Francesco Lamon m\u011bl ztr\u00e1tu pouh\u00fdch p\u011bti bod\u016f. Z v\u00edt\u011bzstv\u00ed se radoval dal\u0161\u00ed Ital Liam Bertazzo.<\/p>\n\n\n\n<p>Z dal\u0161\u00edch na\u0161ich jezdc\u016f se je\u0161t\u011b do prvn\u00ed des\u00edtky dostal Nicolas Pietrula. Da\u0159ilo se i dvojici Rugovac, Jan Vone\u0161, kte\u0159\u00ed jsou po prvn\u00edm dnu \u010dty\u0159denn\u00edch \u0161estidenn\u00edch z\u00e1vod\u016f na p\u00e1t\u00e9m m\u00edst\u011b.&nbsp;<\/p>\n\n\n\n<p>Omnium:<\/p>\n\n\n\n<p>1. Bertazzo 129, 2. Lamon (oba It.) 119, 2. Rugovac 114, &#8230;10. Pietrula 64, 24. Kraus 16, 27. Vone\u0161 (v\u0161ichni \u010cR) 6.<\/p>\n\n\n\n<p>FOTO Milan Kadlec<\/p>\n","protected":false},"excerpt":{"rendered":"<p>Velmi dob\u0159e si vedou \u010de\u0161t\u00ed dr\u00e1ha\u0159\u00ed na z\u00e1vodech prvn\u00ed kategorie kalend\u00e1\u0159e UCI v italsk\u00e9m Pordenone. V r\u00e1mci podniku Citt\u00e0 di Pordenone obsadil v olympijsk\u00e9m omniu Denis Rugovac skv\u011bl\u00e9 t\u0159et\u00ed m\u00edsto, kdy\u017e na druhozu pozici, kterou obsadil dom\u00e1c\u00ed Francesco Lamon m\u011bl ztr\u00e1tu pouh\u00fdch p\u011bti bod\u016f. Z v\u00edt\u011bzstv\u00ed se radoval dal\u0161\u00ed Ital Liam Bertazzo. Z dal\u0161\u00edch na\u0161ich [&hellip;]<\/p>\n","protected":false},"author":8,"featured_media":1795,"comment_status":"closed","ping_status":"open","sticky":false,"template":"","format":"standard","meta":{"footnotes":""},"categories":[54,2],"tags":[9],"class_list":["post-1794","post","type-post","status-publish","format-standard","has-post-thumbnail","hentry","category-draha","category-novinky","tag-draha"],"_links":{"self":[{"href":"https:\/\/www.czechcyclingfederation.com\/en\/wp-json\/wp\/v2\/posts\/1794","targetHints":{"allow":["GET"]}}],"collection":[{"href":"https:\/\/www.czechcyclingfederation.com\/en\/wp-json\/wp\/v2\/posts"}],"about":[{"href":"https:\/\/www.czechcyclingfederation.com\/en\/wp-json\/wp\/v2\/types\/post"}],"author":[{"embeddable":true,"href":"https:\/\/www.czechcyclingfederation.com\/en\/wp-json\/wp\/v2\/users\/8"}],"replies":[{"embeddable":true,"href":"https:\/\/www.czechcyclingfederation.com\/en\/wp-json\/wp\/v2\/comments?post=1794"}],"version-history":[{"count":1,"href":"https:\/\/www.czechcyclingfederation.com\/en\/wp-json\/wp\/v2\/posts\/1794\/revisions"}],"predecessor-version":[{"id":1796,"href":"https:\/\/www.czechcyclingfederation.com\/en\/wp-json\/wp\/v2\/posts\/1794\/revisions\/1796"}],"wp:featuredmedia":[{"embeddable":true,"href":"https:\/\/www.czechcyclingfederation.com\/en\/wp-json\/wp\/v2\/media\/1795"}],"wp:attachment":[{"href":"https:\/\/www.czechcyclingfederation.com\/en\/wp-json\/wp\/v2\/media?parent=1794"}],"wp:term":[{"taxonomy":"category","embeddable":true,"href":"https:\/\/www.czechcyclingfederation.com\/en\/wp-json\/wp\/v2\/categories?post=1794"},{"taxonomy":"post_tag","embeddable":true,"href":"https:\/\/www.czechcyclingfederation.com\/en\/wp-json\/wp\/v2\/tags?post=1794"}],"curies":[{"name":"wp","href":"https:\/\/api.w.org\/{rel}","templated":true}]}}