{"id":1788,"date":"2020-08-12T09:28:48","date_gmt":"2020-08-12T07:28:48","guid":{"rendered":"http:\/\/www.czechcyclingfederation.com\/?p=1788"},"modified":"2020-08-12T09:28:48","modified_gmt":"2020-08-12T07:28:48","slug":"kadeti-tufo-pardus-prostejov-na-vitezne-vlne","status":"publish","type":"post","link":"https:\/\/www.czechcyclingfederation.com\/en\/kadeti-tufo-pardus-prostejov-na-vitezne-vlne\/","title":{"rendered":"Kadeti TUFO PARDUS Prost\u011bjov na v\u00edt\u011bzn\u00e9 vln\u011b"},"content":{"rendered":"\n<p><\/p>\n\n\n\n<p>V\u0161echny leto\u0161n\u00ed prozat\u00edm odjet\u00e9 republikov\u00e9 \u0161ampion\u00e1ty v dr\u00e1hov\u00fdch discipl\u00edn\u00e1ch vyhr\u00e1li v kategorii kadeti jezdci TUFO PARDUS Prost\u011bjov. Nejv\u00edce v\u00edt\u011bzstv\u00ed, a to hned dev\u011bt v leto\u0161n\u00ed sez\u00f3n\u011b, m\u00e1 na kont\u011b Maty\u00e1\u0161 Kobl\u00ed\u017eek, jeden z nejv\u011bt\u0161\u00edch p\u0159\u00edslib\u016f prost\u011bjovsk\u00e9ho centra ml\u00e1de\u017ee. Ml\u00e1de\u017enick\u00fd t\u00fdm m\u00e1 pod svou taktovkou tren\u00e9r Martin Cetkovsk\u00fd, ke kter\u00e9mu se ale od lo\u0148sk\u00e9ho roku p\u0159idal tak\u00e9 zku\u0161en\u00fd tren\u00e9r mnoha z legend na\u0161\u00ed cyklistiky Pavel Vr\u0161eck\u00fd.&nbsp;<\/p>\n\n\n\n<p>\u201eV r\u00e1mci fungov\u00e1n\u00ed centra ml\u00e1de\u017ee si tren\u00e9rsk\u00fd t\u00fdm nemohu vynachv\u00e1lit. Do\u0161lo k ide\u00e1ln\u00edmu propojen\u00ed obrovsk\u00e9 zku\u0161enosti, autority a neutuchaj\u00edc\u00edho el\u00e1nu pro cyklistiku s ambici\u00f3zn\u00edm ml\u00e1d\u00edm. To jsme od t\u00e9to spolupr\u00e1ce o\u010dek\u00e1vali a jsem r\u00e1d, \u017ee to takto funguje. Funguje ale tak\u00e9 propojen\u00ed s elitn\u00edm t\u00fdmem a je vid\u011bt, \u017ee v\u0161ichni na\u0161i tren\u00e9\u0159i dok\u00e1zali ve slo\u017eit\u00e9 situaci koronavirov\u00e9 pauzy v\u011bt\u0161inu z\u00e1vodn\u00edk\u016f motivovat k p\u0159\u00edprav\u011b,\u201c \u0159\u00edk\u00e1 p\u0159edseda t\u00fdmu Petr \u0160r\u00e1mek.&nbsp;<\/p>\n\n\n\n<p>Prvn\u00ed medaile a \u00fasp\u011bchy za\u010dali z\u00e1vodn\u00edci sb\u00edrat u\u017e na konci roku 2019 v r\u00e1mci M\u010cR v olympijsk\u00e9m omniu a vylu\u010dovac\u00edm z\u00e1vod\u011b v pra\u017esk\u00e9m Motole. Po nucen\u00e9 pauze v tom pokra\u010dovali a v sou\u010dasn\u00e9 dob\u011b si dr\u017e\u00ed m\u00edsto mezi nej\u00fasp\u011b\u0161n\u011bj\u0161\u00edmi ml\u00e1de\u017enick\u00fdmi t\u00fdmy.<\/p>\n\n\n\n<p>\u201eZvl\u00e1\u0161tn\u00ed pozornost p\u0159itom pout\u00e1 bezesporu velmi talentovan\u00fd z\u00e1vodn\u00edk \u2013 Maty\u00e1\u0161 Kobl\u00ed\u017eek. Ten sv\u00e9 prvn\u00ed dva trumfy, zapo\u010d\u00edt\u00e1vaj\u00edc\u00ed se do leto\u0161n\u00ed sez\u00f3ny, z\u00edskal u\u017e pr\u00e1v\u011b na zm\u00edn\u011bn\u00e9m M\u010cR v Motole. D\u00e1le pak z\u016fstal nepora\u017een\u00fdm z\u00e1vodn\u00edkem ve v\u0161ech sprint\u00e9rsk\u00fdch discipl\u00edn\u00e1ch na dr\u00e1hov\u00e9m M\u010cR v Praze T\u0159ebe\u0161\u00edn\u011b. Vyhr\u00e1l 500 m s pevn\u00fdm startem &#8211; zde jej doprovodil na stupn\u011b v\u00edt\u011bz\u016f bratranec Vojt\u011bch Kobl\u00ed\u017eek, kter\u00fd se um\u00edstil na druh\u00e9m m\u00edst\u011b, sprint a keirin (op\u011bt v obou p\u0159\u00edpadech jej st\u0159\u00edbrem doplnil Vojt\u011bch Kobl\u00ed\u017eek) a tak\u00e9 team sprint (ve slo\u017een\u00ed Maty\u00e1\u0161 Kobl\u00ed\u017eek, Vojt\u011bch Kobl\u00ed\u017eek, Radovan \u0160tec),\u201c popisuje v\u00edt\u011bznou vlnu sv\u00e9ho sv\u011b\u0159ence tren\u00e9r Cetkovsk\u00fd.&nbsp;<\/p>\n\n\n\n<p>Na vytrvaleck\u00e9m M\u010cR v Plzni pak barvy TUFO PARDUS Prost\u011bjov potvrdily svou neporazitelnost. Maty\u00e1\u0161 Kobl\u00ed\u017eek vyhr\u00e1l t\u0159i ze \u010dty\u0159 z\u00e1vod\u016f, a to scratch (t\u011bsn\u011b pod stupni v\u00edt\u011bz\u016f na 4. m\u00edst\u011b Vojt\u011bch Kobl\u00ed\u017eek), bodovac\u00ed z\u00e1vod (t\u011bsn\u011b pod stupni v\u00edt\u011bz\u016f na 4. m\u00edst\u011b Pavel Nov\u00e1k). Dal\u0161\u00ed individu\u00e1ln\u00ed titul p\u0159ivezl ze st\u00edhac\u00edho z\u00e1vodu jednotlivc\u016f Pavel Nov\u00e1k, kter\u00e9ho doplnil na 3. m\u00edst\u011b Vojt\u011bch Kobl\u00ed\u017eek a t\u011bsn\u011b pod stupni se um\u00edstil na 4. m\u00edst\u011b Radovan \u0160tec. Jako posledn\u00ed z\u00e1vod se jel na dr\u00e1hov\u00e9m M\u010cR ve vytrvaleck\u00fdch discipl\u00edn\u00e1ch v Plzni st\u00edhac\u00ed z\u00e1vod dru\u017estev, kter\u00fd ovl\u00e1dli z\u00e1vodn\u00edci ve slo\u017een\u00ed Maty\u00e1\u0161 Kobl\u00ed\u017eek, Vojt\u011bch Kobl\u00ed\u017eek, Radovan \u0160tec, Pavel Nov\u00e1k \u2013 v\u0161ichni z\u00e1vodn\u00edci TUFO PARDUS Prost\u011bjov.&nbsp;<\/p>\n\n\n\n<p>\u201eK tomuto z\u00e1vodu sm\u011b\u0159ovala hlavn\u00ed p\u0159\u00edprava cel\u00e9ho dru\u017estva kadet\u016f v leto\u0161n\u00ed sez\u00f3n\u011b. V t\u00e9to discipl\u00edn\u011b se cht\u011bj\u00ed kadeti prost\u011bjovsk\u00e9ho t\u00fdmu p\u0159i z\u00e1vodech GP \u010cSC a Memori\u00e1lu Otmara Male\u010dka p\u0159ed dom\u00e1c\u00edm publikem pokusit o p\u0159ekon\u00e1n\u00ed rekordu, kter\u00fd jim na plze\u0148sk\u00e9 dr\u00e1ze unikl o pouh\u00e9 dv\u011b vte\u0159iny,\u201c dod\u00e1v\u00e1 Cetkovsk\u00fd.&nbsp;<\/p>\n\n\n\n<p>Nav\u00edc se z\u00e1vodn\u00edci neztratili ani p\u0159i \u010cP na silnici. Zde se stihly bohu\u017eel objet pouze dva poh\u00e1rov\u00e9 z\u00e1vody, a to krit\u00e9rium v Olomouci, kter\u00e9 vyhr\u00e1l op\u011bt Maty\u00e1\u0161 Kobl\u00ed\u017eek, a tak na n\u011bjak\u00fd \u010das obl\u00e9kl dres vedouc\u00edho z\u00e1vodn\u00edka \u010cP na silnici v kategorii kadet\u016f a krit\u00e9rium v T\u00e1bo\u0159e. P\u0159esto\u017ee p\u0159ed sebou maj\u00ed mlad\u00ed z\u00e1vodn\u00edci st\u00e1le dlouhou cestu, je jist\u00e9, \u017ee se v Prost\u011bjov\u011b rod\u00ed velmi nad\u011bjn\u00e1 generace mlad\u00fdch z\u00e1vodn\u00edk\u016f.<\/p>\n\n\n\n<p>TZ, foto TUFO PARDUS Prost\u011bjov<\/p>\n\n\n\n<figure class=\"wp-block-image size-large\"><img loading=\"lazy\" decoding=\"async\" width=\"750\" height=\"474\" src=\"https:\/\/www.czechcyclingfederation.com\/wp-content\/uploads\/2020\/08\/8b447a2b-857d-4ff0-994b-a4fa2b74b2d1.jpg\" alt=\"\" class=\"wp-image-1790\" srcset=\"https:\/\/www.czechcyclingfederation.com\/wp-content\/uploads\/2020\/08\/8b447a2b-857d-4ff0-994b-a4fa2b74b2d1.jpg 750w, https:\/\/www.czechcyclingfederation.com\/wp-content\/uploads\/2020\/08\/8b447a2b-857d-4ff0-994b-a4fa2b74b2d1-300x190.jpg 300w\" sizes=\"auto, (max-width: 750px) 100vw, 750px\" \/><\/figure>\n\n\n\n<figure class=\"wp-block-image size-large\"><img loading=\"lazy\" decoding=\"async\" width=\"742\" height=\"415\" src=\"https:\/\/www.czechcyclingfederation.com\/wp-content\/uploads\/2020\/08\/015f81bd-8cac-48e2-b804-582f596f4ce1.jpg\" alt=\"\" class=\"wp-image-1791\" srcset=\"https:\/\/www.czechcyclingfederation.com\/wp-content\/uploads\/2020\/08\/015f81bd-8cac-48e2-b804-582f596f4ce1.jpg 742w, https:\/\/www.czechcyclingfederation.com\/wp-content\/uploads\/2020\/08\/015f81bd-8cac-48e2-b804-582f596f4ce1-300x168.jpg 300w\" sizes=\"auto, (max-width: 742px) 100vw, 742px\" \/><\/figure>\n\n\n\n<figure class=\"wp-block-image size-large\"><img loading=\"lazy\" decoding=\"async\" width=\"455\" height=\"308\" src=\"https:\/\/www.czechcyclingfederation.com\/wp-content\/uploads\/2020\/08\/f431cc1e-d908-4a45-9546-13138fa0d1f4.jpg\" alt=\"\" class=\"wp-image-1792\" srcset=\"https:\/\/www.czechcyclingfederation.com\/wp-content\/uploads\/2020\/08\/f431cc1e-d908-4a45-9546-13138fa0d1f4.jpg 455w, https:\/\/www.czechcyclingfederation.com\/wp-content\/uploads\/2020\/08\/f431cc1e-d908-4a45-9546-13138fa0d1f4-295x200.jpg 295w\" sizes=\"auto, (max-width: 455px) 100vw, 455px\" \/><\/figure>\n","protected":false},"excerpt":{"rendered":"<p>V\u0161echny leto\u0161n\u00ed prozat\u00edm odjet\u00e9 republikov\u00e9 \u0161ampion\u00e1ty v dr\u00e1hov\u00fdch discipl\u00edn\u00e1ch vyhr\u00e1li v kategorii kadeti jezdci TUFO PARDUS Prost\u011bjov. Nejv\u00edce v\u00edt\u011bzstv\u00ed, a to hned dev\u011bt v leto\u0161n\u00ed sez\u00f3n\u011b, m\u00e1 na kont\u011b Maty\u00e1\u0161 Kobl\u00ed\u017eek, jeden z nejv\u011bt\u0161\u00edch p\u0159\u00edslib\u016f prost\u011bjovsk\u00e9ho centra ml\u00e1de\u017ee. Ml\u00e1de\u017enick\u00fd t\u00fdm m\u00e1 pod svou taktovkou tren\u00e9r Martin Cetkovsk\u00fd, ke kter\u00e9mu se ale od lo\u0148sk\u00e9ho roku p\u0159idal [&hellip;]<\/p>\n","protected":false},"author":8,"featured_media":1789,"comment_status":"closed","ping_status":"open","sticky":false,"template":"","format":"standard","meta":{"footnotes":""},"categories":[54,2],"tags":[9],"class_list":["post-1788","post","type-post","status-publish","format-standard","has-post-thumbnail","hentry","category-draha","category-novinky","tag-draha"],"_links":{"self":[{"href":"https:\/\/www.czechcyclingfederation.com\/en\/wp-json\/wp\/v2\/posts\/1788","targetHints":{"allow":["GET"]}}],"collection":[{"href":"https:\/\/www.czechcyclingfederation.com\/en\/wp-json\/wp\/v2\/posts"}],"about":[{"href":"https:\/\/www.czechcyclingfederation.com\/en\/wp-json\/wp\/v2\/types\/post"}],"author":[{"embeddable":true,"href":"https:\/\/www.czechcyclingfederation.com\/en\/wp-json\/wp\/v2\/users\/8"}],"replies":[{"embeddable":true,"href":"https:\/\/www.czechcyclingfederation.com\/en\/wp-json\/wp\/v2\/comments?post=1788"}],"version-history":[{"count":1,"href":"https:\/\/www.czechcyclingfederation.com\/en\/wp-json\/wp\/v2\/posts\/1788\/revisions"}],"predecessor-version":[{"id":1793,"href":"https:\/\/www.czechcyclingfederation.com\/en\/wp-json\/wp\/v2\/posts\/1788\/revisions\/1793"}],"wp:featuredmedia":[{"embeddable":true,"href":"https:\/\/www.czechcyclingfederation.com\/en\/wp-json\/wp\/v2\/media\/1789"}],"wp:attachment":[{"href":"https:\/\/www.czechcyclingfederation.com\/en\/wp-json\/wp\/v2\/media?parent=1788"}],"wp:term":[{"taxonomy":"category","embeddable":true,"href":"https:\/\/www.czechcyclingfederation.com\/en\/wp-json\/wp\/v2\/categories?post=1788"},{"taxonomy":"post_tag","embeddable":true,"href":"https:\/\/www.czechcyclingfederation.com\/en\/wp-json\/wp\/v2\/tags?post=1788"}],"curies":[{"name":"wp","href":"https:\/\/api.w.org\/{rel}","templated":true}]}}