{"id":1762,"date":"2020-08-08T22:09:08","date_gmt":"2020-08-08T20:09:08","guid":{"rendered":"http:\/\/www.czechcyclingfederation.com\/?p=1762"},"modified":"2020-08-08T22:09:08","modified_gmt":"2020-08-08T20:09:08","slug":"na-zadove-treti-cink-pata-cabelicka","status":"publish","type":"post","link":"https:\/\/www.czechcyclingfederation.com\/en\/na-zadove-treti-cink-pata-cabelicka\/","title":{"rendered":"Na Zadov\u011b t\u0159et\u00ed Cink, p\u00e1t\u00e1 \u010c\u00e1belick\u00e1"},"content":{"rendered":"\n<p><\/p>\n\n\n\n<p>T\u0159et\u00ed podnik Strabag Cupu, \u010cesk\u00e9ho poh\u00e1ru v olympijsk\u00e9m cross country, p\u0159il\u00e1kal na \u0161umavsk\u00fd Zadov velice kvalitn\u00ed konkurenci, byl to takov\u00fd mal\u00fd Sv\u011btov\u00fd poh\u00e1r. A kralovali zahrani\u010dn\u00ed bike\u0159i &#8211; mezi \u017eenami byla nejlep\u0161\u00ed Anne Terpstraov\u00e1 z&nbsp;Nizozem\u00ed, z\u00e1vod mu\u017e\u016f ovl\u00e1dl Sebastian Fini Carstensen z&nbsp;D\u00e1nska. Z na\u0161ich biker\u016f se na stupn\u011b v\u00edt\u011bz\u016f prosadil v elitn\u00edch kategori\u00edch pouze t\u0159et\u00ed Ond\u0159ej Cink (KROSS Racing Team), Jitka \u010c\u00e1belick\u00e1 (GAPP System &#8211; KOLOFIX MTB Racing Team) dojela p\u00e1t\u00e1. Oba si v\u0161ak upevnili veden\u00ed v&nbsp;pr\u016fb\u011b\u017en\u00e9m po\u0159ad\u00ed Strabag Cupu.<\/p>\n\n\n\n<p>Tra\u0165, kterou sice zkropil dopoledne d\u00e9\u0161\u0165, byla pro hlavn\u00ed z\u00e1vody such\u00e1, ale na Zadov\u011b tradi\u010dn\u011b hodn\u011b n\u00e1ro\u010dn\u00e1. \u017deny rozjely z\u00e1vod velmi rychle a v \u00favodu prvn\u00edho kola byla ve veden\u00ed \u010c\u00e1belick\u00e1, hned za n\u00ed se se\u0159adily v\u0161echny ostatn\u00ed favoritky a\u017e na D\u00e1nku Anniku Langvadovou, kter\u00e1 se ale na \u010delo rychle dot\u00e1hla.<\/p>\n\n\n\n<p>Dva okruhy p\u0159ed koncem nastoupila Terpstraov\u00e1 a soupe\u0159ky ji vid\u011bly pot\u00e9 a\u017e v c\u00edli. Po prvenstv\u00ed v \u00favodn\u00edm d\u00edlu seri\u00e1lu ve M\u011bst\u011b Tou\u0161kov si dojela pro druh\u00fd poh\u00e1rov\u00fd triumf. Za n\u00ed dojely Alessandra Kellerov\u00e1 (\u0160v\u00fdc.), Ukrajinka Jana&nbsp; B\u011blomojn\u00e1 a Langvadov\u00e1. \u010c\u00e1belick\u00e1 skon\u010dila p\u00e1t\u00e1 a upevnila si pr\u016fb\u011b\u017en\u00e9 veden\u00ed v celkov\u00e9 klasifikace p\u0159ed druhou Janou Czeczinkarovou (LIV Mistral Cycling), kter\u00e1 dnes skon\u010dila dvan\u00e1ct\u00e1.<\/p>\n\n\n\n<p>&#8220;P\u00e1t\u00e9 m\u00edsto v takov\u00e9 konkurenci je pro m\u011b super. Zdej\u0161\u00ed tra\u0165 je dost n\u00e1ro\u010dn\u00e1 a to mi vyhovuje. Zkusila jsem to v prvn\u00edm kole, ale soupe\u0159ky m\u011b odjet nenechaly,&#8221; byla v c\u00edli slova Jitky \u010c\u00e1belick\u00e1.<\/p>\n\n\n\n<p>V z\u00e1vodu mu\u017e\u016f se hned po startu usadili n \u010dele d\u00e1n\u0161t\u00ed jezdci Sebastian Fini Carstensen, Simon Andreassen, Cink a Ital Gerhard Kerschbaumer. Cink zkusil ve druh\u00e9m okruhu soupe\u0159\u016fm odjet, ale ti mu to nedovolili.<\/p>\n\n\n\n<p>I v dal\u0161\u00edm pr\u016fb\u011bhu z\u00e1vodu to v\u0161ichni zkou\u0161eli, ale vz\u00e1jemn\u011b se hl\u00eddali. Prvn\u00ed trochu zaostal Kerschbaumer, Cinkovi dvojice D\u00e1nu poodjela a\u017e p\u011bt stovek metr\u016f p\u0159ed c\u00edlem. Ve spurtu o prvenstv\u00ed m\u011bl v\u00edce sil Fini Carstensen, kter\u00fd vyhr\u00e1l o vte\u0159inu p\u0159ed Andreassenem. I Cink si t\u0159et\u00edm m\u00edstem pojistil veden\u00ed ve Strabag Cupu. &#8220;T\u0159et\u00ed m\u00edsto je slu\u0161n\u00e9, ale moc spokojen nejsem, p\u0159\u00edli\u0161 mi to dneska nejelo,&#8221; \u0159ekl Ond\u0159ej Cink. Na druh\u00e9m a t\u0159et\u00edm m\u00edst\u011b si po\u0159ad\u00ed vym\u011bnili dnes sedm\u00fd Jan Vastl (Pushbikers XC Team) s Janem \u0160karnitzlem (CYKLOSTAR Trek Mercedes-Benz Praha), kter\u00fd dnes obsadil osmou p\u0159\u00ed\u010dku.&nbsp;&nbsp;&nbsp;&nbsp;&nbsp;&nbsp;&nbsp;&nbsp;&nbsp;<\/p>\n\n\n\n<p>V\u00fdsledky:<\/p>\n\n\n\n<p>Mu\u017ei:<\/p>\n\n\n\n<p>1.Fini Carstensen 1:27:35, 2. Andreassen (oba D\u00e1n.) +1, 3. Cink (KROSS Racing Team) +15, 4. Kerschbaumer (It.) +26, 5. Egger +1:25, 6. Schelb (oba N\u011bm.) +1:37, 7. Vastl (Pushbikers XC Team) +1:41, 8. \u0160karnitzl (CYKLOSTAR Trek Mercedes-Benz Praha) +2:05.<\/p>\n\n\n\n<p>Pr\u016fb\u011b\u017en\u00e9 po\u0159ad\u00ed (po 3 ze 4 z\u00e1vod\u016f):<\/p>\n\n\n\n<p>1. Cink 860, 2. Vastl 720, 3. \u0160karnitzl 710.<\/p>\n\n\n\n<p>\u017deny:<\/p>\n\n\n\n<p>1.Terpstraov\u00e1 (Niz.) 1:13:30, 2. Kellerov\u00e1 (\u0160v\u00fdc.) +1:10, 3. B\u011blomojn\u00e1 (Ukr.) +1:35, 4. Langvadov\u00e1 (D\u00e1n.) +1:55, 5. \u010c\u00e1belick\u00e1 (GAPP System &#8211; KOLOFIX MTB Racing Team) +2:36, 6. Loivov\u00e1 (Est.) +2:49, &#8230;12. Czeczinkarov\u00e1 (LIV Mistral Cycling) +5:12.<\/p>\n\n\n\n<p>Pr\u016fb\u011b\u017en\u00e9 po\u0159ad\u00ed (po 3 ze 4 z\u00e1vod\u016f):<\/p>\n\n\n\n<p>1. \u010c\u00e1belick\u00e1 820, 2. Czeczinkarov\u00e1 670, 3. Terpstraov\u00e1 600.<\/p>\n\n\n\n<p>Junio\u0159i:<\/p>\n\n\n\n<p>1. Lind (\u0160v\u00e9d.) 1:06:38, 2. Solvhoj (D\u00e1n.) +1, 3. \u0160ulc (IVAR CS &#8211; Author Team) +4, 4. S\u00e1ska (ROUVY Specialized) +12, 5. \u00d6rnborg (\u0160v\u00e9d.) +1:23, 6. \u017dvak (EXPRES CZ &#8211; TUFO Team Kol\u00edn) +2:27.<\/p>\n\n\n\n<p>Juniorky:<\/p>\n\n\n\n<p>1.Mitterwallnerov\u00e1 (Rak.) 58:51, 2. Szczecinsk\u00e1 (Pol.) +5:27, 3. Hollandiov\u00e1 (Rak.) +6:00, 4. Holubov\u00e1 (kola-bbm.cz) +6:10, 5. Daubermannov\u00e1 (N\u011bm.) +6:28, 6. Novotn\u00e1 (ADASTRA Cycling Team) +7:05.<\/p>\n\n\n\n<p>FOTO Karel Martinek, Ji\u0159\u00ed Greif<\/p>\n\n\n\n<figure class=\"wp-block-image size-large\"><img loading=\"lazy\" decoding=\"async\" width=\"1024\" height=\"602\" src=\"https:\/\/www.czechcyclingfederation.com\/wp-content\/uploads\/2020\/08\/\u010c\u00e1belick\u00e1-Zadov-Greif-1024x602.jpg\" alt=\"\" class=\"wp-image-1764\" srcset=\"https:\/\/www.czechcyclingfederation.com\/wp-content\/uploads\/2020\/08\/\u010c\u00e1belick\u00e1-Zadov-Greif-1024x602.jpg 1024w, https:\/\/www.czechcyclingfederation.com\/wp-content\/uploads\/2020\/08\/\u010c\u00e1belick\u00e1-Zadov-Greif-300x177.jpg 300w, https:\/\/www.czechcyclingfederation.com\/wp-content\/uploads\/2020\/08\/\u010c\u00e1belick\u00e1-Zadov-Greif-768x452.jpg 768w, https:\/\/www.czechcyclingfederation.com\/wp-content\/uploads\/2020\/08\/\u010c\u00e1belick\u00e1-Zadov-Greif.jpg 1200w\" sizes=\"auto, (max-width: 1024px) 100vw, 1024px\" \/><\/figure>\n\n\n\n<figure class=\"wp-block-image size-large\"><img loading=\"lazy\" decoding=\"async\" width=\"768\" height=\"1024\" src=\"https:\/\/www.czechcyclingfederation.com\/wp-content\/uploads\/2020\/08\/Cink-IMG-20200808-WA0003-Karel-Martinek.jpg\" alt=\"\" class=\"wp-image-1765\" srcset=\"https:\/\/www.czechcyclingfederation.com\/wp-content\/uploads\/2020\/08\/Cink-IMG-20200808-WA0003-Karel-Martinek.jpg 768w, https:\/\/www.czechcyclingfederation.com\/wp-content\/uploads\/2020\/08\/Cink-IMG-20200808-WA0003-Karel-Martinek-150x200.jpg 150w\" sizes=\"auto, (max-width: 768px) 100vw, 768px\" \/><\/figure>\n","protected":false},"excerpt":{"rendered":"<p>T\u0159et\u00ed podnik Strabag Cupu, \u010cesk\u00e9ho poh\u00e1ru v olympijsk\u00e9m cross country, p\u0159il\u00e1kal na \u0161umavsk\u00fd Zadov velice kvalitn\u00ed konkurenci, byl to takov\u00fd mal\u00fd Sv\u011btov\u00fd poh\u00e1r. A kralovali zahrani\u010dn\u00ed bike\u0159i &#8211; mezi \u017eenami byla nejlep\u0161\u00ed Anne Terpstraov\u00e1 z&nbsp;Nizozem\u00ed, z\u00e1vod mu\u017e\u016f ovl\u00e1dl Sebastian Fini Carstensen z&nbsp;D\u00e1nska. Z na\u0161ich biker\u016f se na stupn\u011b v\u00edt\u011bz\u016f prosadil v elitn\u00edch kategori\u00edch pouze t\u0159et\u00ed [&hellip;]<\/p>\n","protected":false},"author":8,"featured_media":1763,"comment_status":"closed","ping_status":"open","sticky":false,"template":"","format":"standard","meta":{"footnotes":""},"categories":[6,2],"tags":[10],"class_list":["post-1762","post","type-post","status-publish","format-standard","has-post-thumbnail","hentry","category-mtb","category-novinky","tag-mtb"],"_links":{"self":[{"href":"https:\/\/www.czechcyclingfederation.com\/en\/wp-json\/wp\/v2\/posts\/1762","targetHints":{"allow":["GET"]}}],"collection":[{"href":"https:\/\/www.czechcyclingfederation.com\/en\/wp-json\/wp\/v2\/posts"}],"about":[{"href":"https:\/\/www.czechcyclingfederation.com\/en\/wp-json\/wp\/v2\/types\/post"}],"author":[{"embeddable":true,"href":"https:\/\/www.czechcyclingfederation.com\/en\/wp-json\/wp\/v2\/users\/8"}],"replies":[{"embeddable":true,"href":"https:\/\/www.czechcyclingfederation.com\/en\/wp-json\/wp\/v2\/comments?post=1762"}],"version-history":[{"count":1,"href":"https:\/\/www.czechcyclingfederation.com\/en\/wp-json\/wp\/v2\/posts\/1762\/revisions"}],"predecessor-version":[{"id":1766,"href":"https:\/\/www.czechcyclingfederation.com\/en\/wp-json\/wp\/v2\/posts\/1762\/revisions\/1766"}],"wp:featuredmedia":[{"embeddable":true,"href":"https:\/\/www.czechcyclingfederation.com\/en\/wp-json\/wp\/v2\/media\/1763"}],"wp:attachment":[{"href":"https:\/\/www.czechcyclingfederation.com\/en\/wp-json\/wp\/v2\/media?parent=1762"}],"wp:term":[{"taxonomy":"category","embeddable":true,"href":"https:\/\/www.czechcyclingfederation.com\/en\/wp-json\/wp\/v2\/categories?post=1762"},{"taxonomy":"post_tag","embeddable":true,"href":"https:\/\/www.czechcyclingfederation.com\/en\/wp-json\/wp\/v2\/tags?post=1762"}],"curies":[{"name":"wp","href":"https:\/\/api.w.org\/{rel}","templated":true}]}}