{"id":1749,"date":"2020-08-07T23:36:27","date_gmt":"2020-08-07T21:36:27","guid":{"rendered":"http:\/\/www.czechcyclingfederation.com\/?p=1749"},"modified":"2020-08-07T23:39:43","modified_gmt":"2020-08-07T21:39:43","slug":"strabag-cesky-pohar-mtb-xco-pokracuje-tento-vikend-na-zadove","status":"publish","type":"post","link":"https:\/\/www.czechcyclingfederation.com\/en\/strabag-cesky-pohar-mtb-xco-pokracuje-tento-vikend-na-zadove\/","title":{"rendered":"STRABAG \u010cesk\u00fd poh\u00e1r MTB XCO pokra\u010duje tento v\u00edkend na Zadov\u011b"},"content":{"rendered":"\n<p>Leto\u0161n\u00ed nejist\u00e1 sez\u00f3na m\u00e1 i sv\u00e1 drobn\u00e1 pozitiva. A jedno z t\u011bchto pozitiv se prom\u00edtlo v podob\u011b &#8220;nabit\u00e9&#8221; startovn\u00ed listiny pln\u00e9 zvu\u010dn\u00fdch jmen pro 3. kolo STRABAG \u010cesk\u00e9ho poh\u00e1ru horsk\u00fdch kol, kter\u00fd startuje tuto sobotu na Zadov\u011b.<\/p>\n\n\n\n<p>Na startovn\u00ed \u010d\u00e1ru se v pr\u016fb\u011bhu v\u00edkendu postav\u00ed z\u00e1vodn\u00edci ze 17 zem\u00ed, co\u017e je po\u010det srovnateln\u00fd se sv\u011btov\u00fdm poh\u00e1rem. Zejm\u00e9na oba z\u00e1vody elitn\u00edch kategori\u00ed &#8211; \u017een i mu\u017e\u016f, slibuj\u00ed velk\u00e9 souboje a n\u00e1dhern\u00e9 sportovn\u00ed z\u00e1\u017eitky.<\/p>\n\n\n\n<p>Startovn\u00ed listina kategorie \u017deny Elite\/U23 \u010d\u00edt\u00e1 bezm\u00e1la 50 z\u00e1vodnic a figuruj\u00ed v n\u00ed sv\u011btov\u00e1 jm\u00e9na jako nap\u0159\u00edklad \u0160v\u00fdcarka Alexandra Keller, Mistryn\u011b sv\u011bta v kategorii Juniorek (2013) a U23 (2018), juniorsk\u00e1 Mistryn\u011b sv\u011bta v roce 2017 a 2018 Raku\u0161anka Laura Stigger, Holan\u010fanka Anne Terpstra, lo\u0148sk\u00e1 v\u00edt\u011bzka sv\u011btov\u00e9ho poh\u00e1ru v Ando\u0159e, polsk\u00e1 hv\u011bzda Maja W\u0142oszczowska nebo Ukrajinka Yana Belomoyna. Chyb\u011bt samoz\u0159ejm\u011b nebude \u010desk\u00e1 jedni\u010dka Jitka \u010c\u00e1belick\u00e1 a dal\u0161\u00ed \u010desk\u00e9 z\u00e1vodnice, kter\u00e9 se budou  cht\u00edt s touto konkurenc\u00ed poprat se ct\u00ed.<\/p>\n\n\n\n<p>Na start z\u00e1vodu Mu\u017ei Elite\/U23 se postav\u00ed v\u00edce ne\u017e 100 z\u00e1vodn\u00edk\u016f. To je na \u010cesk\u00fd poh\u00e1r ojedin\u011bl\u00e9 \u010d\u00edslo a nebude jednoduch\u00e9 se t\u00edmto bal\u00edkem probojovat na p\u0159edn\u00ed pozice pelotonu. I tento z\u00e1vod bude oko\u0159en\u011bn souboji mezi vynikaj\u00edc\u00edmi z\u00e1vodn\u00edky. Mezi nimi nechyb\u00ed z\u00e1vodn\u00edci Kross Racing Teamu v\u010dele s Ond\u0159ejem Cinkem a Bartlomiem Wawakem, d\u00e1le dvojn\u00e1sobn\u00fd Mistr sv\u011bta D\u00e1n Simon Andreassen, lo\u0148sk\u00fd juniorsk\u00fd Mistr sv\u011bta Brit Charlie Aldridge nebo italsk\u00fd jezdec a p\u0159edlo\u0148sk\u00fd v\u00edcemistr sv\u011bta Gerhard Kerschbaumer.<\/p>\n\n\n\n<p>Zkr\u00e1tka bude se na co koukat! Tak nev\u00e1hejte a p\u0159ije\u010fte na Zadov ji\u017e tuto sobotu 8.8.2020. Bude horko \ud83d\ude42<\/p>\n\n\n\n<figure class=\"wp-block-image size-large\"><img loading=\"lazy\" decoding=\"async\" width=\"874\" height=\"1024\" src=\"https:\/\/www.czechcyclingfederation.com\/wp-content\/uploads\/2020\/08\/img-1086-874x1024.jpg\" alt=\"\" class=\"wp-image-1750\" srcset=\"https:\/\/www.czechcyclingfederation.com\/wp-content\/uploads\/2020\/08\/img-1086-874x1024.jpg 874w, https:\/\/www.czechcyclingfederation.com\/wp-content\/uploads\/2020\/08\/img-1086-171x200.jpg 171w, https:\/\/www.czechcyclingfederation.com\/wp-content\/uploads\/2020\/08\/img-1086-768x900.jpg 768w, https:\/\/www.czechcyclingfederation.com\/wp-content\/uploads\/2020\/08\/img-1086-1310x1536.jpg 1310w, https:\/\/www.czechcyclingfederation.com\/wp-content\/uploads\/2020\/08\/img-1086-1320x1547.jpg 1320w, https:\/\/www.czechcyclingfederation.com\/wp-content\/uploads\/2020\/08\/img-1086.jpg 1365w\" sizes=\"auto, (max-width: 874px) 100vw, 874px\" \/><\/figure>\n\n\n\n<p><\/p>\n","protected":false},"excerpt":{"rendered":"<p>Leto\u0161n\u00ed nejist\u00e1 sez\u00f3na m\u00e1 i sv\u00e1 drobn\u00e1 pozitiva. A jedno z t\u011bchto pozitiv se prom\u00edtlo v podob\u011b &#8220;nabit\u00e9&#8221; startovn\u00ed listiny pln\u00e9 zvu\u010dn\u00fdch jmen pro 3. kolo STRABAG \u010cesk\u00e9ho poh\u00e1ru horsk\u00fdch kol, kter\u00fd startuje tuto sobotu na Zadov\u011b. Na startovn\u00ed \u010d\u00e1ru se v pr\u016fb\u011bhu v\u00edkendu postav\u00ed z\u00e1vodn\u00edci ze 17 zem\u00ed, co\u017e je po\u010det srovnateln\u00fd se sv\u011btov\u00fdm [&hellip;]<\/p>\n","protected":false},"author":3,"featured_media":249,"comment_status":"closed","ping_status":"open","sticky":false,"template":"","format":"standard","meta":{"footnotes":""},"categories":[6,2],"tags":[10],"class_list":["post-1749","post","type-post","status-publish","format-standard","has-post-thumbnail","hentry","category-mtb","category-novinky","tag-mtb"],"_links":{"self":[{"href":"https:\/\/www.czechcyclingfederation.com\/en\/wp-json\/wp\/v2\/posts\/1749","targetHints":{"allow":["GET"]}}],"collection":[{"href":"https:\/\/www.czechcyclingfederation.com\/en\/wp-json\/wp\/v2\/posts"}],"about":[{"href":"https:\/\/www.czechcyclingfederation.com\/en\/wp-json\/wp\/v2\/types\/post"}],"author":[{"embeddable":true,"href":"https:\/\/www.czechcyclingfederation.com\/en\/wp-json\/wp\/v2\/users\/3"}],"replies":[{"embeddable":true,"href":"https:\/\/www.czechcyclingfederation.com\/en\/wp-json\/wp\/v2\/comments?post=1749"}],"version-history":[{"count":1,"href":"https:\/\/www.czechcyclingfederation.com\/en\/wp-json\/wp\/v2\/posts\/1749\/revisions"}],"predecessor-version":[{"id":1751,"href":"https:\/\/www.czechcyclingfederation.com\/en\/wp-json\/wp\/v2\/posts\/1749\/revisions\/1751"}],"wp:featuredmedia":[{"embeddable":true,"href":"https:\/\/www.czechcyclingfederation.com\/en\/wp-json\/wp\/v2\/media\/249"}],"wp:attachment":[{"href":"https:\/\/www.czechcyclingfederation.com\/en\/wp-json\/wp\/v2\/media?parent=1749"}],"wp:term":[{"taxonomy":"category","embeddable":true,"href":"https:\/\/www.czechcyclingfederation.com\/en\/wp-json\/wp\/v2\/categories?post=1749"},{"taxonomy":"post_tag","embeddable":true,"href":"https:\/\/www.czechcyclingfederation.com\/en\/wp-json\/wp\/v2\/tags?post=1749"}],"curies":[{"name":"wp","href":"https:\/\/api.w.org\/{rel}","templated":true}]}}