{"id":1740,"date":"2020-08-07T19:34:26","date_gmt":"2020-08-07T17:34:26","guid":{"rendered":"http:\/\/www.czechcyclingfederation.com\/?p=1740"},"modified":"2020-08-07T19:34:26","modified_gmt":"2020-08-07T17:34:26","slug":"neuman-v-prvni-desitce-etapy-na-czech-tour","status":"publish","type":"post","link":"https:\/\/www.czechcyclingfederation.com\/en\/neuman-v-prvni-desitce-etapy-na-czech-tour\/","title":{"rendered":"Neuman v prvn\u00ed des\u00edtce etapy na Czech Tour"},"content":{"rendered":"\n<p><\/p>\n\n\n\n<p>V\u00edt\u011bzem druh\u00e9 etapy podniku Czech Tour, z\u00e1vodu prvn\u00ed kategorie Mezin\u00e1rodn\u00ed cyklistick\u00e9 unie (UCI), se stal po 193,7 kilometrech Belgi\u010dan Jordi Meeus (SEG Racinag Academy), kter\u00fd zdolal \u00fa\u0159aduj\u00edc\u00edho belgick\u00e9ho \u0161ampiona Tima Merliera (Alpecin &#8211; Fenix) a t\u0159et\u00ed skon\u010di N\u011bmec Max Kanter (Team Sunweb). \u017d\u00e1dn\u00e9 p\u0159evratn\u00e9 zm\u011bny ale etapa z Prost\u011bjova do Uni\u010dova nic nep\u0159inesla. \u017dlut\u00fd trikot bez nejmen\u0161\u00edch probl\u00e9m\u016f udr\u017eel Australan Luke Durbridge a ani dal\u0161\u00ed po\u0159ad\u00ed se prakticky nem\u011bnilo.<\/p>\n\n\n\n<p>Nejlep\u0161\u00ed z \u010desk\u00fd jezdc\u016f skon\u010dil Dominik Neuman (Elkov Kasper) na dev\u00e1t\u00e9m m\u00edst\u011b, o \u010dty\u0159i m\u00edsta za n\u00edm projel nejlep\u0161\u00ed z cyklist\u016f v \u010desk\u00fdch reprezenta\u010dn\u00edch trikotech Tom\u00e1\u0161 B\u00e1rta. \u010cerven\u00fd trikot pro nejlep\u0161\u00edho \u010desk\u00e9ho jezdce z\u00e1vodu p\u0159evzal pr\u00e1v\u011b Neuman od sv\u00e9ho spolujezdce Michala Schlegela.<\/p>\n\n\n\n<p>Etapa byla podle p\u0159edpoklad\u016f, nic podstatn\u00e9ho se v n\u00ed neud\u00e1lo. Nefoukalo, tak\u017ee ani nep\u0159i\u0161la n\u011bjak\u00e1 z\u00e1pletka. Je\u0161t\u011b p\u0159ed metou t\u0159iceti kilometr\u016f ujela trojice Keon Bouwman (Niz.\/Team Jumbo), Matteo Fabbro (It.\/Bora hansgrohe) a Yannik Achterberg (N\u011bm.\/Majola Pushbikers). Na v\u0161ech vrcha\u0159sk\u00fdch pr\u00e9mi\u00edch bylo stejn\u00e9 po\u0159ad\u00ed Bouwman, Fabbro, Achterberg a peloton v\u0161e bezpe\u010dn\u011b kontroloval. Bouwman se tak obl\u00e9kl do trikotu nejlep\u0161\u00edho vcha\u0159e firmy. Byli to jezdci st\u00e1je Mitchelton Scott, kte\u0159\u00ed se usadili na \u010dele a nedovolili triu z\u00edskat v\u011bt\u0161\u00ed jak \u010dty\u0159minutov\u00fd n\u00e1skok.<\/p>\n\n\n\n<p>P\u0159ed c\u00edlov\u00fdm m\u011bstem Uni\u010dovem je\u0161t\u011b zrychlili a po prvn\u00edm pr\u016fjezdu p\u0159ed t\u0159emi z\u00e1v\u011bre\u010dn\u00fdmi okruhy dojeli posledn\u00edho state\u010dn\u00e9ho z\u00e1vodn\u00edka z \u00faniku Bouwmana, zat\u00edmco dal\u0161\u00ed dva se do pelotonu za\u0159adili ji\u017e d\u0159\u00edve.<\/p>\n\n\n\n<p>&#8220;Byla to etapa jako ka\u017ed\u00fd rok a t\u00edm, \u017ee ani nefoukalo, tak se prakticky nic ned\u011blo. Odjeli t\u0159i lidi a st\u00e1j Mitchelton Scott si hl\u00eddala odstup. Kluci m\u011bli za \u00fakol j\u00edt do n\u011bjak\u00e9ho v\u011bt\u0161\u00edho \u00faniku, ale do trojice to by bylo zbyte\u010dn\u00e9 pl\u00fdtv\u00e1n\u00ed sil. Splnili technick\u00fd pl\u00e1n a v z\u00e1v\u011bru to rozjeli pro Neumana, kter\u00fd se dostal do elitn\u00ed des\u00edtky, dok\u00e1zal, \u017ee je to dobr\u00fd spurter. Z\u00edtra to bude rozhodn\u011b n\u00e1ro\u010dn\u011bj\u0161\u00ed etapa,&#8221; zhodnotil dne\u0161n\u00edch t\u00e9m\u011b\u0159 dv\u011b st\u011b kilometr\u016f tren\u00e9r Elkov Kasper Otakar Fiala.<\/p>\n\n\n\n<p>V podobn\u00e9m duchu mluvil i kou\u010d \u010desk\u00e9 reprezentace Tom\u00e1\u0161 Kone\u010dn\u00fd. &#8220;Byla to etapa podle p\u0159edpokladu. Nefoukalo, tak\u017ee to bylo naprosto v pohod\u011b. Kdyby odjela v\u011bt\u0161\u00ed skupina, tak bychom tam cht\u011bli n\u011bkoho m\u00edt. Necel\u00e9 t\u0159i kilometry p\u0159ed c\u00edlem byl p\u00e1d, na\u0161e dva kluky to zbrzdilo, ale bylo to ji\u017e v ochrann\u00e9 z\u00f3n\u011b, tak\u017ee v pohod\u011b. Tom\u00e1\u0161 B\u00e1rta bydl\u00ed prakticky u trati, tak\u017ee kluci mu cht\u011bli v z\u00e1v\u011bru pomoci a mysl\u00edm, \u017ee se jim to poda\u0159ilo, kdy\u017e skon\u010dil na t\u0159in\u00e1ct\u00e9m m\u00edst\u011b,&#8221; \u0159ekl Kone\u010dn\u00fd.<\/p>\n\n\n\n<p>V\u00fdsledky:<\/p>\n\n\n\n<p>2. etapa: Prost\u011bjov &#8211; Uni\u010dov (193,4 km):<\/p>\n\n\n\n<p>1. Meeus (Belg.\/SEG Racinag Academy) 4:41:34, 2. Merlier (Belg.\/Alpecin &#8211; Fenix), 3. Kanter (N\u011bm.\/Team Sunweb), 4. Kooij (Niz.\/Team Jumbo), 5. de Bie (Belg.\/Bingoal WB), 6. Hoelgaard (Nor.\/UNO &#8211; X Pro Cycling Team), \u20269. Neuman (Elkov Kasper), 12. T. B\u00e1rta, 23. Petr Kelemen (oba \u010cR), 35. Vako\u010d (Alpecin &#8211; Fenix), 39. Turek (\u010cR), 42. Schlegel, 46. A. \u0164oupal\u00edk, 74. Otruba (v\u0161ichni Elkov Kasper), 75. \u0158epa, 77. Proch\u00e1zka (oba \u010cR), 85. J. B\u00e1rta (Elkov Author) v\u0161ichni stejn\u00fd \u010das.<\/p>\n\n\n\n<p>Pr\u016fb\u011b\u017en\u00e9 po\u0159ad\u00ed:<\/p>\n\n\n\n<p>1.Durbridge 5:01:23, 2 Groves, 3. Hamilton, 5. Howson (v\u0161ichni Austr.\/Mitchelton Scott), 6. Bauer (N. Z\u00e9l.\/Mitchelton Scott) v\u0161ichni stejn\u00fd \u010das, \u202616. Neuman, 17. Schlegel, 18. A. \u0164oupal\u00edk, 19. Otruba, 21. J. B\u00e1rta, 23. Kukrle, 24. Hn\u00edk v\u0161ichni +28, 37. Vako\u010d +39, 55. Petr Kelemen, 57. Turek, 60. \u0158epa, 64. K. Vacek, 65. Sedl\u00e1\u010dek (oba \u010cR) v\u0161ichni +1:06.<\/p>\n\n\n\n<p>FOTO Jan Brychta<\/p>\n\n\n\n<figure class=\"wp-block-image size-large\"><img loading=\"lazy\" decoding=\"async\" width=\"1024\" height=\"681\" src=\"https:\/\/www.czechcyclingfederation.com\/wp-content\/uploads\/2020\/08\/BrychtaJan_CCT_20200807_122631_DSC_1210-1024x681.jpg\" alt=\"\" class=\"wp-image-1742\" srcset=\"https:\/\/www.czechcyclingfederation.com\/wp-content\/uploads\/2020\/08\/BrychtaJan_CCT_20200807_122631_DSC_1210-1024x681.jpg 1024w, https:\/\/www.czechcyclingfederation.com\/wp-content\/uploads\/2020\/08\/BrychtaJan_CCT_20200807_122631_DSC_1210-300x200.jpg 300w, https:\/\/www.czechcyclingfederation.com\/wp-content\/uploads\/2020\/08\/BrychtaJan_CCT_20200807_122631_DSC_1210-768x511.jpg 768w, https:\/\/www.czechcyclingfederation.com\/wp-content\/uploads\/2020\/08\/BrychtaJan_CCT_20200807_122631_DSC_1210-1536x1022.jpg 1536w, https:\/\/www.czechcyclingfederation.com\/wp-content\/uploads\/2020\/08\/BrychtaJan_CCT_20200807_122631_DSC_1210-1320x878.jpg 1320w, https:\/\/www.czechcyclingfederation.com\/wp-content\/uploads\/2020\/08\/BrychtaJan_CCT_20200807_122631_DSC_1210.jpg 2000w\" sizes=\"auto, (max-width: 1024px) 100vw, 1024px\" \/><\/figure>\n\n\n\n<figure class=\"wp-block-image size-large\"><img loading=\"lazy\" decoding=\"async\" width=\"1024\" height=\"681\" src=\"https:\/\/www.czechcyclingfederation.com\/wp-content\/uploads\/2020\/08\/BrychtaJan_CCT_20200807_130810_DSC_1388-1024x681.jpg\" alt=\"\" class=\"wp-image-1743\" srcset=\"https:\/\/www.czechcyclingfederation.com\/wp-content\/uploads\/2020\/08\/BrychtaJan_CCT_20200807_130810_DSC_1388-1024x681.jpg 1024w, https:\/\/www.czechcyclingfederation.com\/wp-content\/uploads\/2020\/08\/BrychtaJan_CCT_20200807_130810_DSC_1388-300x200.jpg 300w, https:\/\/www.czechcyclingfederation.com\/wp-content\/uploads\/2020\/08\/BrychtaJan_CCT_20200807_130810_DSC_1388-768x511.jpg 768w, https:\/\/www.czechcyclingfederation.com\/wp-content\/uploads\/2020\/08\/BrychtaJan_CCT_20200807_130810_DSC_1388-1536x1022.jpg 1536w, https:\/\/www.czechcyclingfederation.com\/wp-content\/uploads\/2020\/08\/BrychtaJan_CCT_20200807_130810_DSC_1388-1320x878.jpg 1320w, https:\/\/www.czechcyclingfederation.com\/wp-content\/uploads\/2020\/08\/BrychtaJan_CCT_20200807_130810_DSC_1388.jpg 2000w\" sizes=\"auto, (max-width: 1024px) 100vw, 1024px\" \/><\/figure>\n\n\n\n<figure class=\"wp-block-image size-large\"><img loading=\"lazy\" decoding=\"async\" width=\"681\" height=\"1024\" src=\"https:\/\/www.czechcyclingfederation.com\/wp-content\/uploads\/2020\/08\/BrychtaJan_CCT_20200807_151443_DSC_1678-681x1024.jpg\" alt=\"\" class=\"wp-image-1744\" srcset=\"https:\/\/www.czechcyclingfederation.com\/wp-content\/uploads\/2020\/08\/BrychtaJan_CCT_20200807_151443_DSC_1678-681x1024.jpg 681w, https:\/\/www.czechcyclingfederation.com\/wp-content\/uploads\/2020\/08\/BrychtaJan_CCT_20200807_151443_DSC_1678-133x200.jpg 133w, https:\/\/www.czechcyclingfederation.com\/wp-content\/uploads\/2020\/08\/BrychtaJan_CCT_20200807_151443_DSC_1678-768x1154.jpg 768w, https:\/\/www.czechcyclingfederation.com\/wp-content\/uploads\/2020\/08\/BrychtaJan_CCT_20200807_151443_DSC_1678-1022x1536.jpg 1022w, https:\/\/www.czechcyclingfederation.com\/wp-content\/uploads\/2020\/08\/BrychtaJan_CCT_20200807_151443_DSC_1678-1320x1983.jpg 1320w, https:\/\/www.czechcyclingfederation.com\/wp-content\/uploads\/2020\/08\/BrychtaJan_CCT_20200807_151443_DSC_1678.jpg 1331w\" sizes=\"auto, (max-width: 681px) 100vw, 681px\" \/><\/figure>\n\n\n\n<figure class=\"wp-block-image size-large\"><img loading=\"lazy\" decoding=\"async\" width=\"1024\" height=\"681\" src=\"https:\/\/www.czechcyclingfederation.com\/wp-content\/uploads\/2020\/08\/BrychtaJan_CCT_20200807_164349_DSC_1853-1024x681.jpg\" alt=\"\" class=\"wp-image-1745\" srcset=\"https:\/\/www.czechcyclingfederation.com\/wp-content\/uploads\/2020\/08\/BrychtaJan_CCT_20200807_164349_DSC_1853-1024x681.jpg 1024w, https:\/\/www.czechcyclingfederation.com\/wp-content\/uploads\/2020\/08\/BrychtaJan_CCT_20200807_164349_DSC_1853-300x200.jpg 300w, https:\/\/www.czechcyclingfederation.com\/wp-content\/uploads\/2020\/08\/BrychtaJan_CCT_20200807_164349_DSC_1853-768x511.jpg 768w, https:\/\/www.czechcyclingfederation.com\/wp-content\/uploads\/2020\/08\/BrychtaJan_CCT_20200807_164349_DSC_1853-1536x1022.jpg 1536w, https:\/\/www.czechcyclingfederation.com\/wp-content\/uploads\/2020\/08\/BrychtaJan_CCT_20200807_164349_DSC_1853-1320x878.jpg 1320w, https:\/\/www.czechcyclingfederation.com\/wp-content\/uploads\/2020\/08\/BrychtaJan_CCT_20200807_164349_DSC_1853.jpg 2000w\" sizes=\"auto, (max-width: 1024px) 100vw, 1024px\" \/><\/figure>\n\n\n\n<figure class=\"wp-block-image size-large\"><img loading=\"lazy\" decoding=\"async\" width=\"1024\" height=\"684\" src=\"https:\/\/www.czechcyclingfederation.com\/wp-content\/uploads\/2020\/08\/Schlegel-v-\u010derven\u00e9m-BrychtaJan_CCT_20200807_120142_DSC_1999-1024x684.jpg\" alt=\"\" class=\"wp-image-1746\" srcset=\"https:\/\/www.czechcyclingfederation.com\/wp-content\/uploads\/2020\/08\/Schlegel-v-\u010derven\u00e9m-BrychtaJan_CCT_20200807_120142_DSC_1999-1024x684.jpg 1024w, https:\/\/www.czechcyclingfederation.com\/wp-content\/uploads\/2020\/08\/Schlegel-v-\u010derven\u00e9m-BrychtaJan_CCT_20200807_120142_DSC_1999-300x200.jpg 300w, https:\/\/www.czechcyclingfederation.com\/wp-content\/uploads\/2020\/08\/Schlegel-v-\u010derven\u00e9m-BrychtaJan_CCT_20200807_120142_DSC_1999-768x513.jpg 768w, https:\/\/www.czechcyclingfederation.com\/wp-content\/uploads\/2020\/08\/Schlegel-v-\u010derven\u00e9m-BrychtaJan_CCT_20200807_120142_DSC_1999-1536x1025.jpg 1536w, https:\/\/www.czechcyclingfederation.com\/wp-content\/uploads\/2020\/08\/Schlegel-v-\u010derven\u00e9m-BrychtaJan_CCT_20200807_120142_DSC_1999-1320x881.jpg 1320w, https:\/\/www.czechcyclingfederation.com\/wp-content\/uploads\/2020\/08\/Schlegel-v-\u010derven\u00e9m-BrychtaJan_CCT_20200807_120142_DSC_1999.jpg 2000w\" sizes=\"auto, (max-width: 1024px) 100vw, 1024px\" \/><\/figure>\n\n\n<div class=\"wp-block-file\">\r\n                <a target=\"_blank\" rel=\"noopener\" href=\"https:\/\/www.czechcyclingfederation.com\/wp-content\/uploads\/2020\/08\/ResultsStage2-202008071730.pdf\" class=\"wp-block-file__button wp-element-button\">\r\n                    <span class=\"wp-block-file__icon\"><\/span>\r\n                    ResultsStage2-202008071730\r\n                <\/a>\r\n            <\/div>","protected":false},"excerpt":{"rendered":"<p>V\u00edt\u011bzem druh\u00e9 etapy podniku Czech Tour, z\u00e1vodu prvn\u00ed kategorie Mezin\u00e1rodn\u00ed cyklistick\u00e9 unie (UCI), se stal po 193,7 kilometrech Belgi\u010dan Jordi Meeus (SEG Racinag Academy), kter\u00fd zdolal \u00fa\u0159aduj\u00edc\u00edho belgick\u00e9ho \u0161ampiona Tima Merliera (Alpecin &#8211; Fenix) a t\u0159et\u00ed skon\u010di N\u011bmec Max Kanter (Team Sunweb). \u017d\u00e1dn\u00e9 p\u0159evratn\u00e9 zm\u011bny ale etapa z Prost\u011bjova do Uni\u010dova nic nep\u0159inesla. \u017dlut\u00fd trikot [&hellip;]<\/p>\n","protected":false},"author":8,"featured_media":1741,"comment_status":"closed","ping_status":"open","sticky":false,"template":"","format":"standard","meta":{"footnotes":""},"categories":[2,18],"tags":[11],"class_list":["post-1740","post","type-post","status-publish","format-standard","has-post-thumbnail","hentry","category-novinky","category-silnice","tag-silnice"],"_links":{"self":[{"href":"https:\/\/www.czechcyclingfederation.com\/en\/wp-json\/wp\/v2\/posts\/1740","targetHints":{"allow":["GET"]}}],"collection":[{"href":"https:\/\/www.czechcyclingfederation.com\/en\/wp-json\/wp\/v2\/posts"}],"about":[{"href":"https:\/\/www.czechcyclingfederation.com\/en\/wp-json\/wp\/v2\/types\/post"}],"author":[{"embeddable":true,"href":"https:\/\/www.czechcyclingfederation.com\/en\/wp-json\/wp\/v2\/users\/8"}],"replies":[{"embeddable":true,"href":"https:\/\/www.czechcyclingfederation.com\/en\/wp-json\/wp\/v2\/comments?post=1740"}],"version-history":[{"count":1,"href":"https:\/\/www.czechcyclingfederation.com\/en\/wp-json\/wp\/v2\/posts\/1740\/revisions"}],"predecessor-version":[{"id":1748,"href":"https:\/\/www.czechcyclingfederation.com\/en\/wp-json\/wp\/v2\/posts\/1740\/revisions\/1748"}],"wp:featuredmedia":[{"embeddable":true,"href":"https:\/\/www.czechcyclingfederation.com\/en\/wp-json\/wp\/v2\/media\/1741"}],"wp:attachment":[{"href":"https:\/\/www.czechcyclingfederation.com\/en\/wp-json\/wp\/v2\/media?parent=1740"}],"wp:term":[{"taxonomy":"category","embeddable":true,"href":"https:\/\/www.czechcyclingfederation.com\/en\/wp-json\/wp\/v2\/categories?post=1740"},{"taxonomy":"post_tag","embeddable":true,"href":"https:\/\/www.czechcyclingfederation.com\/en\/wp-json\/wp\/v2\/tags?post=1740"}],"curies":[{"name":"wp","href":"https:\/\/api.w.org\/{rel}","templated":true}]}}