{"id":1730,"date":"2020-08-06T21:01:13","date_gmt":"2020-08-06T19:01:13","guid":{"rendered":"http:\/\/www.czechcyclingfederation.com\/?p=1730"},"modified":"2020-08-07T09:30:31","modified_gmt":"2020-08-07T07:30:31","slug":"vyborny-vykon-elkov-kasper-i-ceske-reprezentace-na-czech-tour","status":"publish","type":"post","link":"https:\/\/www.czechcyclingfederation.com\/en\/vyborny-vykon-elkov-kasper-i-ceske-reprezentace-na-czech-tour\/","title":{"rendered":"V\u00fdborn\u00fd v\u00fdkon Elkov Kasper i \u010desk\u00e9 reprezentace na Czech Tour"},"content":{"rendered":"\n<p>\u010casovkou dru\u017estev na 18,8 kilometr\u016f odstartoval dnes v Uni\u010dov\u011b 12. ro\u010dn\u00edk nejv\u011bt\u0161\u00edho \u010desk\u00e9ho etapov\u00e9ho z\u00e1vodu Czech Tour. V podniku prvn\u00ed kategorie Mezin\u00e1rodn\u00ed cyklistick\u00e9 unie (UCI) ji nejrychleji zvl\u00e1dli, stejn\u011b jako v minul\u00e9m roce, jezdci australsk\u00e9 st\u00e1je Mitchelton Scott. A vyhr\u00e1li suver\u00e9nn\u011b &#8211; druh\u00e9mu v po\u0159ad\u00ed nizozemsk\u00e9mu Team Sunweb nad\u011blili 25 vte\u0159in, t\u0159et\u00ed skon\u010dilo norsk\u00e9 UNO &#8211; X Pro Cycling Team ve stejn\u00e9m \u010dase.<\/p>\n\n\n\n<p>Ve v\u00fdborn\u00e9m sv\u011btle se p\u0159edstavili ale i \u010de\u0161t\u00ed jezdci. Nejlep\u0161\u00ed na\u0161e st\u00e1j Elkov Kasper zaostala po lo\u0148sk\u00e9m druh\u00e9m m\u00edst\u011b tentokr\u00e1t o t\u0159i vte\u0159iny na \u010dtvrt\u00e9 p\u0159\u00ed\u010dce, \u010desk\u00e1 reprezentace pod veden\u00edm kou\u010de Tom\u00e1\u0161e Kone\u010dn\u00e9ho byla dvan\u00e1ct\u00e1, ale i jej\u00ed ztr\u00e1ta je mal\u00e1 jen 1:04.&nbsp;&nbsp;&nbsp;<\/p>\n\n\n\n<p>Los rozhodl, \u017ee na tra\u0165 vyraz\u00ed jako prvn\u00ed Elkov Kasper a sestava Michal Schlegel, Michael Kukrle, Adam \u0164oupal\u00edk, Dominik Neuman, Jan B\u00e1rta, Karel Hn\u00edk a Jakub Otruba nasadila la\u0165ku dost vysoko. Kdy\u017e v roce 2017 na stejn\u00e9 trati hradeck\u00e1 st\u00e1j vyhr\u00e1la, zajela o patn\u00e1ct vte\u0159in hor\u0161\u00ed \u010das jak dnes a na dlouhou dobu se usadila na vedouc\u00ed pozici. O p\u00e1r desetin je p\u0159ekonali a\u017e jezdci UNO &#8211; X Pro Cycling Team a v sam\u00e9m z\u00e1v\u011bru Team Sunweb. Jako posledn\u00ed vyrazili na tra\u0165 jezdci Mitchelton Scott a ti doslova let\u011bli. \u010casom\u00edra se jim jako jedin\u00fdm zastavila pod dvacetiminutovou hranic\u00ed a potvrdili svoji vysokou t\u0159\u00eddu.<\/p>\n\n\n\n<p>&#8220;Kluci to rozjeli hodn\u011b rychle, a\u017e jsem si \u0159\u00edkal, zda-li to nep\u0159ep\u00e1lili. Ale jeli p\u0159esn\u011b to, co jsme si \u0159ekli.&nbsp; Velmi dob\u0159e zvl\u00e1dli t\u011b\u017ek\u00fd \u00fasek do Medlova a p\u011bt kilometr\u016f p\u0159ed c\u00edlem ji\u017e bylo jasn\u00e9, \u017ee to bude dobr\u00e9. T\u00fdm jel naprosto vyrovnan\u011b, jedin\u00fd se na \u0161pici moc neobjevoval Karel Hn\u00edk, ale o n\u011bm se v\u00ed, \u017ee to nen\u00ed \u017e\u00e1dn\u00e1 \u010dasovk\u00e1\u0159, \u0161est zbyl\u00fdch jezdc\u016f odvedlo rovnocennou pr\u00e1ci a s um\u00edst\u011bn\u00edm jsem hodn\u011b spokojen,&#8221; \u0159ekl tren\u00e9r t\u00fdmu Otakar Fiala.<\/p>\n\n\n\n<p>A kapit\u00e1n celku Jan B\u00e1rta p\u0159idal. &#8220;Mysl\u00edm, \u017ee to bylo dost dobr\u00e9. V\u010dera jsme si tra\u0165 projeli a v\u0161ichni v\u011bd\u011bli co n\u00e1s \u010dek\u00e1. Prvn\u00ed polovina byla po v\u011btru, druh\u00e1 proti, ale d\u00edky vyrovnan\u00e9mu t\u00fdmu jsme to zvl\u00e1dli bez probl\u00e9m\u016f.&#8221;<\/p>\n\n\n\n<p>I reprezenta\u010dn\u00ed kou\u010d Tom\u00e1\u0161 Kone\u010dn\u00fd se po projet\u00ed sv\u00fdch sv\u011b\u0159enc\u016f c\u00edlem usm\u00edval. Jsem spokojen, velice spokojen. A\u017e na Dana Turka jsou v\u0161ichni dal\u0161\u00ed kluci z kategorie U23 a jeli jsme spolu pohromad\u011b takto poprv\u00e9. Na p\u0159\u00edpravu jsme m\u011bli jedin\u00fd den a v\u00fdsledn\u00fd \u010das je pro n\u00e1s hodn\u011b dobr\u00fd. \u017de nejv\u011bt\u0161\u00ed \u010d\u00e1st pr\u00e1ce odvedou Turek a Petr Kelemen, tak s t\u00edm jsem po\u010d\u00edtal, ale velmi t\u00fdmu pomohli i Vojt\u011bch \u0158epa, Vojt\u011bch Sedl\u00e1\u010dek a Tom\u00e1\u0161 B\u00e1rta,&#8221; zhodnotil Tom\u00e1\u0161 Kone\u010dn\u00fd.<\/p>\n\n\n\n<p>Ve \u017elut\u00e9m trikotu hlavn\u00edch partner\u016f Olomouck\u00e9ho a Moravskoslezsk\u00e9ho kraje nastoup\u00ed do druh\u00e9 etapy Australan Luke Dubridge.<\/p>\n\n\n\n<p>V\u00fdsledky:<\/p>\n\n\n\n<p>1. etapa &#8211; \u010dasovka dru\u017estev (18,6 km):<\/p>\n\n\n\n<p>1. Mitchelton Scott 19:49, 2. Team Sunweb +25, 3. UNO &#8211; X Pro Cycling Team +25, 4. Elkov&nbsp; Kasper +28, 5. Bora &#8211; hansgrohe +31, 6. Team Jumbo &#8211; Visma +34, &#8230;12. \u010cR +1:06.<\/p>\n\n\n\n<p>Po\u0159ad\u00ed po 1. etap\u011b:<\/p>\n\n\n\n<p>1. Dubridge (Austr.\/Mitchelton Scott) 19:49, 2. Bauer (N. Z\u00e9l.\/Mitchelton Scott), 3.&nbsp; Hamilton, 4. Groves, 5. Howson (v\u0161ichni Austr.\/) v\u0161ichni stejn\u00fd \u010das, 6. Nieuwenhuis (Niz.\/Team Sunweb) +25, &#8230;16. Schlegel, 17. Kukrle, 18. A. \u0164oupal\u00edk, 19. Neuman, 20. B\u00e1rta, 21. Hn\u00edk, 22. Otruba (v\u0161ichni Elkov Kasper) v\u0161ichni +28,61 61. Turek, 62. \u0158epa, 63. Petr Kelemen, 64. Sedl\u00e1\u010dek, 65. K. Vacek (v\u0161ichni \u010cR) v\u0161ichni +1:06.<\/p>\n\n\n\n<p>FOTO Jan Brychta<\/p>\n\n\n\n<figure class=\"wp-block-image size-large\"><img loading=\"lazy\" decoding=\"async\" width=\"1024\" height=\"681\" src=\"https:\/\/www.czechcyclingfederation.com\/wp-content\/uploads\/2020\/08\/\u010cR-Czech-Tour-BrychtaJan_CCT_20200806_173757_DSC_0589-1024x681.jpg\" alt=\"\" class=\"wp-image-1732\" srcset=\"https:\/\/www.czechcyclingfederation.com\/wp-content\/uploads\/2020\/08\/\u010cR-Czech-Tour-BrychtaJan_CCT_20200806_173757_DSC_0589-1024x681.jpg 1024w, https:\/\/www.czechcyclingfederation.com\/wp-content\/uploads\/2020\/08\/\u010cR-Czech-Tour-BrychtaJan_CCT_20200806_173757_DSC_0589-300x200.jpg 300w, https:\/\/www.czechcyclingfederation.com\/wp-content\/uploads\/2020\/08\/\u010cR-Czech-Tour-BrychtaJan_CCT_20200806_173757_DSC_0589-768x511.jpg 768w, https:\/\/www.czechcyclingfederation.com\/wp-content\/uploads\/2020\/08\/\u010cR-Czech-Tour-BrychtaJan_CCT_20200806_173757_DSC_0589-1536x1022.jpg 1536w, https:\/\/www.czechcyclingfederation.com\/wp-content\/uploads\/2020\/08\/\u010cR-Czech-Tour-BrychtaJan_CCT_20200806_173757_DSC_0589-1320x878.jpg 1320w, https:\/\/www.czechcyclingfederation.com\/wp-content\/uploads\/2020\/08\/\u010cR-Czech-Tour-BrychtaJan_CCT_20200806_173757_DSC_0589.jpg 2000w\" sizes=\"auto, (max-width: 1024px) 100vw, 1024px\" \/><\/figure>\n\n\n\n<figure class=\"wp-block-image size-large\"><img loading=\"lazy\" decoding=\"async\" width=\"1024\" height=\"681\" src=\"https:\/\/www.czechcyclingfederation.com\/wp-content\/uploads\/2020\/08\/Michal-Schlegel-BrychtaJan_CCT_20200806_185057_DSC_0950-1024x681.jpg\" alt=\"\" class=\"wp-image-1733\" srcset=\"https:\/\/www.czechcyclingfederation.com\/wp-content\/uploads\/2020\/08\/Michal-Schlegel-BrychtaJan_CCT_20200806_185057_DSC_0950-1024x681.jpg 1024w, https:\/\/www.czechcyclingfederation.com\/wp-content\/uploads\/2020\/08\/Michal-Schlegel-BrychtaJan_CCT_20200806_185057_DSC_0950-300x200.jpg 300w, https:\/\/www.czechcyclingfederation.com\/wp-content\/uploads\/2020\/08\/Michal-Schlegel-BrychtaJan_CCT_20200806_185057_DSC_0950-768x511.jpg 768w, https:\/\/www.czechcyclingfederation.com\/wp-content\/uploads\/2020\/08\/Michal-Schlegel-BrychtaJan_CCT_20200806_185057_DSC_0950-1536x1022.jpg 1536w, https:\/\/www.czechcyclingfederation.com\/wp-content\/uploads\/2020\/08\/Michal-Schlegel-BrychtaJan_CCT_20200806_185057_DSC_0950-1320x878.jpg 1320w, https:\/\/www.czechcyclingfederation.com\/wp-content\/uploads\/2020\/08\/Michal-Schlegel-BrychtaJan_CCT_20200806_185057_DSC_0950.jpg 2000w\" sizes=\"auto, (max-width: 1024px) 100vw, 1024px\" \/><\/figure>\n\n\n<div class=\"wp-block-file\">\r\n                <a target=\"_blank\" rel=\"noopener\" href=\"https:\/\/www.czechcyclingfederation.com\/wp-content\/uploads\/2020\/08\/ResultsStage1202008061930.pdf\" class=\"wp-block-file__button wp-element-button\">\r\n                    <span class=\"wp-block-file__icon\"><\/span>\r\n                    ResultsStage1202008061930\r\n                <\/a>\r\n            <\/div>","protected":false},"excerpt":{"rendered":"<p>\u010casovkou dru\u017estev na 18,8 kilometr\u016f odstartoval dnes v Uni\u010dov\u011b 12. ro\u010dn\u00edk nejv\u011bt\u0161\u00edho \u010desk\u00e9ho etapov\u00e9ho z\u00e1vodu Czech Tour. V podniku prvn\u00ed kategorie Mezin\u00e1rodn\u00ed cyklistick\u00e9 unie (UCI) ji nejrychleji zvl\u00e1dli, stejn\u011b jako v minul\u00e9m roce, jezdci australsk\u00e9 st\u00e1je Mitchelton Scott. A vyhr\u00e1li suver\u00e9nn\u011b &#8211; druh\u00e9mu v po\u0159ad\u00ed nizozemsk\u00e9mu Team Sunweb nad\u011blili 25 vte\u0159in, t\u0159et\u00ed skon\u010dilo norsk\u00e9 UNO [&hellip;]<\/p>\n","protected":false},"author":8,"featured_media":1731,"comment_status":"closed","ping_status":"open","sticky":false,"template":"","format":"standard","meta":{"footnotes":""},"categories":[2,18],"tags":[11],"class_list":["post-1730","post","type-post","status-publish","format-standard","has-post-thumbnail","hentry","category-novinky","category-silnice","tag-silnice"],"_links":{"self":[{"href":"https:\/\/www.czechcyclingfederation.com\/en\/wp-json\/wp\/v2\/posts\/1730","targetHints":{"allow":["GET"]}}],"collection":[{"href":"https:\/\/www.czechcyclingfederation.com\/en\/wp-json\/wp\/v2\/posts"}],"about":[{"href":"https:\/\/www.czechcyclingfederation.com\/en\/wp-json\/wp\/v2\/types\/post"}],"author":[{"embeddable":true,"href":"https:\/\/www.czechcyclingfederation.com\/en\/wp-json\/wp\/v2\/users\/8"}],"replies":[{"embeddable":true,"href":"https:\/\/www.czechcyclingfederation.com\/en\/wp-json\/wp\/v2\/comments?post=1730"}],"version-history":[{"count":2,"href":"https:\/\/www.czechcyclingfederation.com\/en\/wp-json\/wp\/v2\/posts\/1730\/revisions"}],"predecessor-version":[{"id":1739,"href":"https:\/\/www.czechcyclingfederation.com\/en\/wp-json\/wp\/v2\/posts\/1730\/revisions\/1739"}],"wp:featuredmedia":[{"embeddable":true,"href":"https:\/\/www.czechcyclingfederation.com\/en\/wp-json\/wp\/v2\/media\/1731"}],"wp:attachment":[{"href":"https:\/\/www.czechcyclingfederation.com\/en\/wp-json\/wp\/v2\/media?parent=1730"}],"wp:term":[{"taxonomy":"category","embeddable":true,"href":"https:\/\/www.czechcyclingfederation.com\/en\/wp-json\/wp\/v2\/categories?post=1730"},{"taxonomy":"post_tag","embeddable":true,"href":"https:\/\/www.czechcyclingfederation.com\/en\/wp-json\/wp\/v2\/tags?post=1730"}],"curies":[{"name":"wp","href":"https:\/\/api.w.org\/{rel}","templated":true}]}}