{"id":1718,"date":"2020-08-05T12:05:45","date_gmt":"2020-08-05T10:05:45","guid":{"rendered":"http:\/\/www.czechcyclingfederation.com\/?p=1718"},"modified":"2020-08-05T12:05:45","modified_gmt":"2020-08-05T10:05:45","slug":"drahari-ve-fiorenzuole-bez-vyrazneho-uspechu","status":"publish","type":"post","link":"https:\/\/www.czechcyclingfederation.com\/en\/drahari-ve-fiorenzuole-bez-vyrazneho-uspechu\/","title":{"rendered":"Dr\u00e1ha\u0159i ve Fiorenzuole bez v\u00fdrazn\u00e9ho \u00fasp\u011bchu"},"content":{"rendered":"\n<p><\/p>\n\n\n\n<p>\u010ce\u0161t\u00ed reprezentanti po koronavirov\u00e9 pauze na prvn\u00edch velk\u00fdch zahrani\u010dn\u00edch z\u00e1vodech p\u0159\u00edli\u0161 nep\u0159esv\u011bd\u010dili. Ve 23. ro\u010dn\u00edku z\u00e1vod\u016f Sei Giorni delle Rose v italsk\u00e9 Fiorenzuole se na stupn\u011b v\u00edt\u011bz\u016f neprosadili, nejlep\u0161\u00edm v\u00fdsledkem v podniku prvn\u00ed kategorie UCI bylo v z\u00e1v\u011bre\u010dn\u00fd den z\u00e1vod\u016f des\u00e1t\u00e9 m\u00edso dvojice Kate\u0159ina Kohoutkov\u00e1 a Petra \u0160ev\u010d\u00edkov\u00e1 v madisonu.<\/p>\n\n\n\n<p>V stejn\u00e9 discipl\u00edn\u011b mu\u017e\u016f obsaduli Nicolas Pietrula a Jan Kraus t\u0159in\u00e1ctou pozici.<\/p>\n\n\n\n<p>V\u00fdsledky:<\/p>\n\n\n\n<p>Mu\u017ei:<\/p>\n\n\n\n<p>1. Lamon (It.) 1:04:122, 2, Bretas (\u0158ec.) 1:04:137, 3. Bianchi (It.) 1:04:698&nbsp;&nbsp;<\/p>\n\n\n\n<p>Madison:<\/p>\n\n\n\n<p>1. Plebani, Moro (It.) 100, 2. Lamon, Scartezzini (It.) 66, 3. Havik, vn Schip (Niz.) 55, &#8230;13. Pietrula, Kraus 6, 14. Babor, Sm\u00e9kal (v\u0161ichni \u010cR) 4.<\/p>\n\n\n\n<p>\u017deny:<\/p>\n\n\n\n<p>Omnium:<\/p>\n\n\n\n<p>1. Balsamov\u00e1 (It.) 123, 2. Wildov\u00e1 (Niz.) 115, 2. Confalonieriov\u00e1 (It.) 99, &#8230;21. Macha\u010dov\u00e1 7, 22. \u0160ev\u010d\u00edkov\u00e1 6, 25. Kohoutkov\u00e1 (v\u0161echny \u010cR).<\/p>\n\n\n\n<p>Madison:<\/p>\n\n\n\n<p>1.Balsamov\u00e1, Confalonieriov\u00e1 26, 2. Wildov\u00e1, Pietersov\u00e1 (Niz.) 25, 3. Consonniov\u00e1, Guazziniov\u00e1 (It.) 23, &#8230;10. Kohoutkov\u00e1, \u0160ev\u010d\u00edkov\u00e1 2, 17. Mettrauxov\u00e1, Macha\u010dov\u00e1 (\u0160v\u00fdc.\/\u010cR) -40.<\/p>\n\n\n\n<p>FOTO reprezentace \u010cR<\/p>\n\n\n\n<figure class=\"wp-block-image size-large\"><img loading=\"lazy\" decoding=\"async\" width=\"1024\" height=\"768\" src=\"https:\/\/www.czechcyclingfederation.com\/wp-content\/uploads\/2020\/08\/IMG-20200804-WA0003-1024x768.jpg\" alt=\"\" class=\"wp-image-1720\" srcset=\"https:\/\/www.czechcyclingfederation.com\/wp-content\/uploads\/2020\/08\/IMG-20200804-WA0003-1024x768.jpg 1024w, https:\/\/www.czechcyclingfederation.com\/wp-content\/uploads\/2020\/08\/IMG-20200804-WA0003-267x200.jpg 267w, https:\/\/www.czechcyclingfederation.com\/wp-content\/uploads\/2020\/08\/IMG-20200804-WA0003-768x576.jpg 768w, https:\/\/www.czechcyclingfederation.com\/wp-content\/uploads\/2020\/08\/IMG-20200804-WA0003-1536x1152.jpg 1536w, https:\/\/www.czechcyclingfederation.com\/wp-content\/uploads\/2020\/08\/IMG-20200804-WA0003-1320x990.jpg 1320w, https:\/\/www.czechcyclingfederation.com\/wp-content\/uploads\/2020\/08\/IMG-20200804-WA0003.jpg 1600w\" sizes=\"auto, (max-width: 1024px) 100vw, 1024px\" \/><\/figure>\n\n\n\n<figure class=\"wp-block-image size-large\"><img loading=\"lazy\" decoding=\"async\" width=\"768\" height=\"1024\" src=\"https:\/\/www.czechcyclingfederation.com\/wp-content\/uploads\/2020\/08\/IMG-20200804-WA0000-1.jpg\" alt=\"\" class=\"wp-image-1721\" srcset=\"https:\/\/www.czechcyclingfederation.com\/wp-content\/uploads\/2020\/08\/IMG-20200804-WA0000-1.jpg 768w, https:\/\/www.czechcyclingfederation.com\/wp-content\/uploads\/2020\/08\/IMG-20200804-WA0000-1-150x200.jpg 150w\" sizes=\"auto, (max-width: 768px) 100vw, 768px\" \/><\/figure>\n","protected":false},"excerpt":{"rendered":"<p>\u010ce\u0161t\u00ed reprezentanti po koronavirov\u00e9 pauze na prvn\u00edch velk\u00fdch zahrani\u010dn\u00edch z\u00e1vodech p\u0159\u00edli\u0161 nep\u0159esv\u011bd\u010dili. Ve 23. ro\u010dn\u00edku z\u00e1vod\u016f Sei Giorni delle Rose v italsk\u00e9 Fiorenzuole se na stupn\u011b v\u00edt\u011bz\u016f neprosadili, nejlep\u0161\u00edm v\u00fdsledkem v podniku prvn\u00ed kategorie UCI bylo v z\u00e1v\u011bre\u010dn\u00fd den z\u00e1vod\u016f des\u00e1t\u00e9 m\u00edso dvojice Kate\u0159ina Kohoutkov\u00e1 a Petra \u0160ev\u010d\u00edkov\u00e1 v madisonu. V stejn\u00e9 discipl\u00edn\u011b mu\u017e\u016f obsaduli [&hellip;]<\/p>\n","protected":false},"author":8,"featured_media":1719,"comment_status":"closed","ping_status":"open","sticky":false,"template":"","format":"standard","meta":{"footnotes":""},"categories":[54,2,103],"tags":[9],"class_list":["post-1718","post","type-post","status-publish","format-standard","has-post-thumbnail","hentry","category-draha","category-novinky","category-reprezentace","tag-draha"],"_links":{"self":[{"href":"https:\/\/www.czechcyclingfederation.com\/en\/wp-json\/wp\/v2\/posts\/1718","targetHints":{"allow":["GET"]}}],"collection":[{"href":"https:\/\/www.czechcyclingfederation.com\/en\/wp-json\/wp\/v2\/posts"}],"about":[{"href":"https:\/\/www.czechcyclingfederation.com\/en\/wp-json\/wp\/v2\/types\/post"}],"author":[{"embeddable":true,"href":"https:\/\/www.czechcyclingfederation.com\/en\/wp-json\/wp\/v2\/users\/8"}],"replies":[{"embeddable":true,"href":"https:\/\/www.czechcyclingfederation.com\/en\/wp-json\/wp\/v2\/comments?post=1718"}],"version-history":[{"count":1,"href":"https:\/\/www.czechcyclingfederation.com\/en\/wp-json\/wp\/v2\/posts\/1718\/revisions"}],"predecessor-version":[{"id":1722,"href":"https:\/\/www.czechcyclingfederation.com\/en\/wp-json\/wp\/v2\/posts\/1718\/revisions\/1722"}],"wp:featuredmedia":[{"embeddable":true,"href":"https:\/\/www.czechcyclingfederation.com\/en\/wp-json\/wp\/v2\/media\/1719"}],"wp:attachment":[{"href":"https:\/\/www.czechcyclingfederation.com\/en\/wp-json\/wp\/v2\/media?parent=1718"}],"wp:term":[{"taxonomy":"category","embeddable":true,"href":"https:\/\/www.czechcyclingfederation.com\/en\/wp-json\/wp\/v2\/categories?post=1718"},{"taxonomy":"post_tag","embeddable":true,"href":"https:\/\/www.czechcyclingfederation.com\/en\/wp-json\/wp\/v2\/tags?post=1718"}],"curies":[{"name":"wp","href":"https:\/\/api.w.org\/{rel}","templated":true}]}}