{"id":1710,"date":"2020-08-05T10:57:05","date_gmt":"2020-08-05T08:57:05","guid":{"rendered":"http:\/\/www.czechcyclingfederation.com\/?p=1710"},"modified":"2020-08-05T10:58:55","modified_gmt":"2020-08-05T08:58:55","slug":"ve-ctvrtek-startuje-czech-tour","status":"publish","type":"post","link":"https:\/\/www.czechcyclingfederation.com\/en\/ve-ctvrtek-startuje-czech-tour\/","title":{"rendered":"Ve \u010dtvrtek startuje Czech Tour"},"content":{"rendered":"\n<p><\/p>\n\n\n\n<p>\u010cas nade\u0161el, ve \u010dtvrtek 6. srpna v Uni\u010dov\u011b zazn\u00ed v 17:00 v\u00fdst\u0159el, kter\u00fd odstartuje nejkvalitn\u011bji obsazenou Czech Tour v jej\u00ed dvan\u00e1ctilet\u00e9 historii. \u0160est t\u00fdm\u016f z elitn\u00edho spole\u010denstv\u00ed WorldTour, nejlep\u0161\u00ed \u010desk\u00e1 st\u00e1j Elkov Kasper, \u010desk\u00fd reprezenta\u010dn\u00ed t\u00fdm pod veden\u00edm Tom\u00e1\u0161e Kone\u010dn\u00e9ho a dal\u0161\u00edch t\u0159in\u00e1ct kvalitn\u00edch celk\u016f. Celkem tedy 147 cyklist\u016f na startu.<\/p>\n\n\n\n<p>&#8220;Leto\u0161n\u00ed p\u0159\u00edpravy byly opravdu velmi n\u00e1ro\u010dn\u00e9, nebylo posledn\u00ed m\u011bs\u00edce dne, kdy by nevznikl na trase n\u011bjak\u00fd probl\u00e9m. Dokonce se v zoufalstv\u00ed uva\u017eovalo, kdy\u017e u\u017e nebyla \u017e\u00e1dn\u00e1 mo\u017enost, \u017ee si p\u0159ibli\u017en\u011b 25 metr\u016f silnice ud\u011bl\u00e1me sami buldozerem, u\u017e byl a v\u00e1lec tak\u00e9. Ale d\u00edky vst\u0159\u00edcnosti m\u00edstn\u00ed pily v obci Ji\u010dina jedem p\u0159es jejich dv\u016fr,&#8221; \u0159\u00edk\u00e1 promot\u00e9r z\u00e1vodu Jaroslav Va\u0161\u00ed\u010dek z TTV Sport Group.<\/p>\n\n\n\n<p>A na co se mohou div\u00e1ci t\u011b\u0161it. Jednozna\u010dn\u011b na \u0161est t\u00fdm\u016f WorldTour a \u010dty\u0159i pro Continental t\u00fdmy. A hv\u011bzda leto\u0161n\u00ed Czech Tour Belgi\u010dan Victor Campenaerts (NTT Pro Cycling), sv\u011btov\u00fd rekordman v hodinovce a v posledn\u00edch letech a\u0165 se jednalo o mistrovstv\u00ed sv\u011bta nebo Evropy neode\u0161el bez medaile v \u010dasovce jednotlivc\u016f. V\u00edt\u011bzstv\u00ed z lo\u0148sk\u00e9ho roku budou obhajovat jezdci st\u00e1je Michelton Scott s Lucasem Hamiltonem \u010di b\u00fdval\u00fdmi mitry sv\u011bta na dr\u00e1ze Luke Durbridge nebo Michael Hepburn. V t\u00fdmu Alpecin Fenix pojede vedle jedin\u00e9ho v\u00edt\u011bze na startu z minul\u00fdch<\/p>\n\n\n\n<p>let Petra Vako\u010de (2015), nepo\u010d\u00edtaje dvojn\u00e1sobn\u00e9ho v\u00edt\u011bze Leopolda K\u00f6niga, kter\u00fd v\u0161ak ji\u017e p\u016fsob\u00ed v roli \u0159editele z\u00e1vodu, tak\u00e9 \u00fa\u0159aduj\u00edc\u00ed mistr Belgie Tim Merlie.<\/p>\n\n\n\n<p>&#8220;A tak bychom mohli pokra\u010dovat, je to jen zlomek skv\u011bl\u00fdch cyklist\u016f, kte\u0159\u00ed budou p\u0159edv\u00e1d\u011bt v\u00fdborn\u00e9 v\u00fdkony v moravsk\u00fdch hor\u00e1ch. A nem\u016f\u017eeme tak\u00e9 zapomenout na coronavirus. Prost\u011b leto\u0161n\u00ed omezen\u00ed dle reglementu UCI budou velk\u00e1, ale kdy na vlastn\u00ed o\u010di uvid\u00edte sv\u011btov\u00e9 cyklisty v rou\u0161k\u00e1ch na Morav\u011b. Tak vzh\u016fru do Jesen\u00edk\u016f a Beskyd a medlovsk\u00fd kopec zase po n\u011bjak\u00e9m \u010dase o\u017eije,&#8221; zve fanou\u0161ky Va\u0161\u00ed\u010dek.<\/p>\n\n\n\n<p>FOTO Jan Brychta<\/p>\n\n\n\n<figure class=\"wp-block-image size-large\"><img loading=\"lazy\" decoding=\"async\" width=\"456\" height=\"360\" src=\"https:\/\/www.czechcyclingfederation.com\/wp-content\/uploads\/2020\/08\/777-image.jpg\" alt=\"\" class=\"wp-image-1712\" srcset=\"https:\/\/www.czechcyclingfederation.com\/wp-content\/uploads\/2020\/08\/777-image.jpg 456w, https:\/\/www.czechcyclingfederation.com\/wp-content\/uploads\/2020\/08\/777-image-253x200.jpg 253w\" sizes=\"auto, (max-width: 456px) 100vw, 456px\" \/><\/figure>\n\n\n\n<figure class=\"wp-block-image size-large\"><img loading=\"lazy\" decoding=\"async\" width=\"456\" height=\"360\" src=\"https:\/\/www.czechcyclingfederation.com\/wp-content\/uploads\/2020\/08\/786-image.jpg\" alt=\"\" class=\"wp-image-1713\" srcset=\"https:\/\/www.czechcyclingfederation.com\/wp-content\/uploads\/2020\/08\/786-image.jpg 456w, https:\/\/www.czechcyclingfederation.com\/wp-content\/uploads\/2020\/08\/786-image-253x200.jpg 253w\" sizes=\"auto, (max-width: 456px) 100vw, 456px\" \/><\/figure>\n\n\n<div class=\"wp-block-file\">\r\n                <a target=\"_blank\" rel=\"noopener\" href=\"https:\/\/www.czechcyclingfederation.com\/wp-content\/uploads\/2020\/08\/Enrolment202008041200.pdf\" class=\"wp-block-file__button wp-element-button\">\r\n                    <span class=\"wp-block-file__icon\"><\/span>\r\n                    Enrolment202008041200\r\n                <\/a>\r\n            <\/div>\n\n\n<figure class=\"wp-block-image size-large\"><img loading=\"lazy\" decoding=\"async\" width=\"456\" height=\"360\" src=\"https:\/\/www.czechcyclingfederation.com\/wp-content\/uploads\/2020\/08\/747-image-1.jpg\" alt=\"\" class=\"wp-image-1716\" srcset=\"https:\/\/www.czechcyclingfederation.com\/wp-content\/uploads\/2020\/08\/747-image-1.jpg 456w, https:\/\/www.czechcyclingfederation.com\/wp-content\/uploads\/2020\/08\/747-image-1-253x200.jpg 253w\" sizes=\"auto, (max-width: 456px) 100vw, 456px\" \/><\/figure>\n","protected":false},"excerpt":{"rendered":"<p>\u010cas nade\u0161el, ve \u010dtvrtek 6. srpna v Uni\u010dov\u011b zazn\u00ed v 17:00 v\u00fdst\u0159el, kter\u00fd odstartuje nejkvalitn\u011bji obsazenou Czech Tour v jej\u00ed dvan\u00e1ctilet\u00e9 historii. \u0160est t\u00fdm\u016f z elitn\u00edho spole\u010denstv\u00ed WorldTour, nejlep\u0161\u00ed \u010desk\u00e1 st\u00e1j Elkov Kasper, \u010desk\u00fd reprezenta\u010dn\u00ed t\u00fdm pod veden\u00edm Tom\u00e1\u0161e Kone\u010dn\u00e9ho a dal\u0161\u00edch t\u0159in\u00e1ct kvalitn\u00edch celk\u016f. Celkem tedy 147 cyklist\u016f na startu. &#8220;Leto\u0161n\u00ed p\u0159\u00edpravy byly opravdu [&hellip;]<\/p>\n","protected":false},"author":8,"featured_media":1711,"comment_status":"closed","ping_status":"open","sticky":false,"template":"","format":"standard","meta":{"footnotes":""},"categories":[2,18],"tags":[11],"class_list":["post-1710","post","type-post","status-publish","format-standard","has-post-thumbnail","hentry","category-novinky","category-silnice","tag-silnice"],"_links":{"self":[{"href":"https:\/\/www.czechcyclingfederation.com\/en\/wp-json\/wp\/v2\/posts\/1710","targetHints":{"allow":["GET"]}}],"collection":[{"href":"https:\/\/www.czechcyclingfederation.com\/en\/wp-json\/wp\/v2\/posts"}],"about":[{"href":"https:\/\/www.czechcyclingfederation.com\/en\/wp-json\/wp\/v2\/types\/post"}],"author":[{"embeddable":true,"href":"https:\/\/www.czechcyclingfederation.com\/en\/wp-json\/wp\/v2\/users\/8"}],"replies":[{"embeddable":true,"href":"https:\/\/www.czechcyclingfederation.com\/en\/wp-json\/wp\/v2\/comments?post=1710"}],"version-history":[{"count":2,"href":"https:\/\/www.czechcyclingfederation.com\/en\/wp-json\/wp\/v2\/posts\/1710\/revisions"}],"predecessor-version":[{"id":1717,"href":"https:\/\/www.czechcyclingfederation.com\/en\/wp-json\/wp\/v2\/posts\/1710\/revisions\/1717"}],"wp:featuredmedia":[{"embeddable":true,"href":"https:\/\/www.czechcyclingfederation.com\/en\/wp-json\/wp\/v2\/media\/1711"}],"wp:attachment":[{"href":"https:\/\/www.czechcyclingfederation.com\/en\/wp-json\/wp\/v2\/media?parent=1710"}],"wp:term":[{"taxonomy":"category","embeddable":true,"href":"https:\/\/www.czechcyclingfederation.com\/en\/wp-json\/wp\/v2\/categories?post=1710"},{"taxonomy":"post_tag","embeddable":true,"href":"https:\/\/www.czechcyclingfederation.com\/en\/wp-json\/wp\/v2\/tags?post=1710"}],"curies":[{"name":"wp","href":"https:\/\/api.w.org\/{rel}","templated":true}]}}