{"id":1684,"date":"2020-08-02T20:37:50","date_gmt":"2020-08-02T18:37:50","guid":{"rendered":"http:\/\/www.czechcyclingfederation.com\/?p=1684"},"modified":"2020-08-02T20:37:50","modified_gmt":"2020-08-02T18:37:50","slug":"bittner-ovladl-zavod-regionem-orlicka","status":"publish","type":"post","link":"https:\/\/www.czechcyclingfederation.com\/en\/bittner-ovladl-zavod-regionem-orlicka\/","title":{"rendered":"Bittner ovl\u00e1dl z\u00e1vod Regionem Orlicka"},"content":{"rendered":"\n<p>Pavel Bittner z\u00a0celku Mapei Merida Ka\u0148kovsk\u00fd ovl\u00e1dl leto\u0161n\u00ed ro\u010dn\u00edk juniorsk\u00e9ho z\u00e1vodu Regionem Orlicka Lan\u0161kroun. V\u00a0z\u00e1vodu si po\u010d\u00ednal naprosto suver\u00e9nn\u011b \u2013 v\u00a0\u010dasovce skon\u010di o jedinou vte\u0159inu druh\u00fd, vyhr\u00e1l s\u00a0t\u00e9m\u011b\u0159 minutov\u00fdm n\u00e1skokem kr\u00e1lovskou etapu a dnes zavr\u0161il sv\u00e9 vystoupen\u00ed dal\u0161\u00edm etapov\u00fdm vav\u0159\u00ednem.<\/p>\n\n\n\n<p>V&nbsp;celkov\u00e9 klasifikaci vyhr\u00e1l o 1:31 p\u0159ed n\u011bmeck\u00fdm mlad\u00edkem Romanem Duckertem, t\u0159et\u00ed Raku\u0161an Paul Buschek m\u011bl manko je\u0161t\u011b o dev\u011bt vte\u0159in v\u011bt\u0161\u00ed. Usp\u011bli ale i dal\u0161\u00ed \u010de\u0161t\u00ed cyklist\u00e9. \u0160est\u00fd byl klasifikov\u00e1n Pavel Nov\u00e1k (TUFO Pardus Prost\u011bjov), kter\u00fd byl nav\u00edc nejlep\u0161\u00edm z\u00e1vodn\u00edkem z&nbsp;kategorie kadet\u016f, do elitn\u00ed des\u00edtky se dostal je\u0161t\u011b dev\u00e1t\u00fd Adam Seeman (v\u00fdb\u011br cyklokros), rovn\u011b\u017e je\u0161t\u011b kadet.<\/p>\n\n\n\n<p>V\u00fdsledky:<\/p>\n\n\n\n<p>4. etapa (90 km):<\/p>\n\n\n\n<p>1. Bittner (Mapei Merida Ka\u0148kovsk\u00fd) 2:08:28, 2. Kuypers (Belg.\/IKO Creeln), 3. Reinderink (Belg.\/Acrog &#8211; Tormans BC), 4. Svr\u010dek (SR\/Ak. Petera Sagana), 5. Kovar (Rak.\/LRV Tirol), 6. M. Kopeck\u00fd (v\u00fdb\u011br cyklokros) v\u0161ichni stejn\u00fd \u010das.<\/p>\n\n\n\n<p>Kone\u010dn\u00e9 po\u0159ad\u00ed:<\/p>\n\n\n\n<p>1. Bittner 4:05:01, 2. Duckert (N\u011bm.\/LV Brandenburg) +1:31, 3. Buschek (Rak.\/LRV Tirol) +1:40, 4. Svr\u010dek +1:43, 5. Schrettl (Rak.\/LRV Tirol) +1:44, 6. Pavel Nov\u00e1k (TUFO Pardus Prost\u011bjov) +1:45, &#8230;9. Seeman (v\u00fdb\u011br cyklokros) +1:57, 12. Kadlec (Dukla Praha) +2:12, 13. Luke\u0161 (MIX \u010cEZ T\u00e1bor\/Auto \u0160koda MB.) +2:17, 15. M. Kopeck\u00fd +2:24, 18. \u0160ulc (MIX Ivar CS Team\/KC Kooperativa) +2:38, 20. Sporysch (MIX Roman Kreuziger Academy\/Sportcomplex B\u0159eclav) +2:45.<\/p>\n\n\n\n<p>Bodovac\u00ed sout\u011b\u017e:<\/p>\n\n\n\n<p>1. Bittner 60, 2. Svr\u010dek 35, 3. M. Kopeck\u00fd 30.<\/p>\n\n\n\n<p>Vrcha\u0159sk\u00e1 sout\u011b\u017e:<\/p>\n\n\n\n<p>1. Kretschy (N\u011bm.\/Schwalbe Team Sachsen) 16, 2. Kadlec 15, 3. Sporysch 12.<\/p>\n\n\n\n<p>Sout\u011b\u017e dru\u017estev:<\/p>\n\n\n\n<p>1. v\u00fdb\u011br cyklokros 12:20:58, 2. IKO Crelan\/Belg.\u00a0 12:22:32, 3. Mapei Merida Ka\u0148kovsk\u00fd 12:22:34.<\/p>\n\n\n\n<p>FOTO Jan \u0160vejkar<\/p>\n\n\n\n<figure class=\"wp-block-image size-large\"><img loading=\"lazy\" decoding=\"async\" width=\"1024\" height=\"683\" src=\"https:\/\/www.czechcyclingfederation.com\/wp-content\/uploads\/2020\/08\/JWL1563-1024x683.jpg\" alt=\"\" class=\"wp-image-1686\" srcset=\"https:\/\/www.czechcyclingfederation.com\/wp-content\/uploads\/2020\/08\/JWL1563-1024x683.jpg 1024w, https:\/\/www.czechcyclingfederation.com\/wp-content\/uploads\/2020\/08\/JWL1563-300x200.jpg 300w, https:\/\/www.czechcyclingfederation.com\/wp-content\/uploads\/2020\/08\/JWL1563-768x512.jpg 768w, https:\/\/www.czechcyclingfederation.com\/wp-content\/uploads\/2020\/08\/JWL1563-1536x1024.jpg 1536w, https:\/\/www.czechcyclingfederation.com\/wp-content\/uploads\/2020\/08\/JWL1563-2048x1365.jpg 2048w, https:\/\/www.czechcyclingfederation.com\/wp-content\/uploads\/2020\/08\/JWL1563-1320x880.jpg 1320w\" sizes=\"auto, (max-width: 1024px) 100vw, 1024px\" \/><\/figure>\n\n\n\n<figure class=\"wp-block-image size-large\"><img loading=\"lazy\" decoding=\"async\" width=\"1024\" height=\"683\" src=\"http:\/\/www.czechcyclingfederation.com\/wp-content\/uploads\/2020\/08\/JWL1727-1024x683.jpg\" alt=\"\" class=\"wp-image-1685\" srcset=\"https:\/\/www.czechcyclingfederation.com\/wp-content\/uploads\/2020\/08\/JWL1727-1024x683.jpg 1024w, https:\/\/www.czechcyclingfederation.com\/wp-content\/uploads\/2020\/08\/JWL1727-300x200.jpg 300w, https:\/\/www.czechcyclingfederation.com\/wp-content\/uploads\/2020\/08\/JWL1727-768x512.jpg 768w, https:\/\/www.czechcyclingfederation.com\/wp-content\/uploads\/2020\/08\/JWL1727-1536x1024.jpg 1536w, https:\/\/www.czechcyclingfederation.com\/wp-content\/uploads\/2020\/08\/JWL1727-2048x1365.jpg 2048w, https:\/\/www.czechcyclingfederation.com\/wp-content\/uploads\/2020\/08\/JWL1727-1320x880.jpg 1320w\" sizes=\"auto, (max-width: 1024px) 100vw, 1024px\" \/><\/figure>\n\n\n<div class=\"wp-block-file\">\r\n                <a target=\"_blank\" rel=\"noopener\" href=\"https:\/\/www.czechcyclingfederation.com\/wp-content\/uploads\/2020\/08\/V20200802-RO2020-E4fin.pdf\" class=\"wp-block-file__button wp-element-button\">\r\n                    <span class=\"wp-block-file__icon\"><\/span>\r\n                    V20200802-RO2020-E4fin\r\n                <\/a>\r\n            <\/div>","protected":false},"excerpt":{"rendered":"<p>Pavel Bittner z\u00a0celku Mapei Merida Ka\u0148kovsk\u00fd ovl\u00e1dl leto\u0161n\u00ed ro\u010dn\u00edk juniorsk\u00e9ho z\u00e1vodu Regionem Orlicka Lan\u0161kroun. V\u00a0z\u00e1vodu si po\u010d\u00ednal naprosto suver\u00e9nn\u011b \u2013 v\u00a0\u010dasovce skon\u010di o jedinou vte\u0159inu druh\u00fd, vyhr\u00e1l s\u00a0t\u00e9m\u011b\u0159 minutov\u00fdm n\u00e1skokem kr\u00e1lovskou etapu a dnes zavr\u0161il sv\u00e9 vystoupen\u00ed dal\u0161\u00edm etapov\u00fdm vav\u0159\u00ednem. V&nbsp;celkov\u00e9 klasifikaci vyhr\u00e1l o 1:31 p\u0159ed n\u011bmeck\u00fdm mlad\u00edkem Romanem Duckertem, t\u0159et\u00ed Raku\u0161an Paul Buschek m\u011bl [&hellip;]<\/p>\n","protected":false},"author":8,"featured_media":1685,"comment_status":"closed","ping_status":"open","sticky":false,"template":"","format":"standard","meta":{"footnotes":""},"categories":[2,18],"tags":[11],"class_list":["post-1684","post","type-post","status-publish","format-standard","has-post-thumbnail","hentry","category-novinky","category-silnice","tag-silnice"],"_links":{"self":[{"href":"https:\/\/www.czechcyclingfederation.com\/en\/wp-json\/wp\/v2\/posts\/1684","targetHints":{"allow":["GET"]}}],"collection":[{"href":"https:\/\/www.czechcyclingfederation.com\/en\/wp-json\/wp\/v2\/posts"}],"about":[{"href":"https:\/\/www.czechcyclingfederation.com\/en\/wp-json\/wp\/v2\/types\/post"}],"author":[{"embeddable":true,"href":"https:\/\/www.czechcyclingfederation.com\/en\/wp-json\/wp\/v2\/users\/8"}],"replies":[{"embeddable":true,"href":"https:\/\/www.czechcyclingfederation.com\/en\/wp-json\/wp\/v2\/comments?post=1684"}],"version-history":[{"count":1,"href":"https:\/\/www.czechcyclingfederation.com\/en\/wp-json\/wp\/v2\/posts\/1684\/revisions"}],"predecessor-version":[{"id":1688,"href":"https:\/\/www.czechcyclingfederation.com\/en\/wp-json\/wp\/v2\/posts\/1684\/revisions\/1688"}],"wp:featuredmedia":[{"embeddable":true,"href":"https:\/\/www.czechcyclingfederation.com\/en\/wp-json\/wp\/v2\/media\/1685"}],"wp:attachment":[{"href":"https:\/\/www.czechcyclingfederation.com\/en\/wp-json\/wp\/v2\/media?parent=1684"}],"wp:term":[{"taxonomy":"category","embeddable":true,"href":"https:\/\/www.czechcyclingfederation.com\/en\/wp-json\/wp\/v2\/categories?post=1684"},{"taxonomy":"post_tag","embeddable":true,"href":"https:\/\/www.czechcyclingfederation.com\/en\/wp-json\/wp\/v2\/tags?post=1684"}],"curies":[{"name":"wp","href":"https:\/\/api.w.org\/{rel}","templated":true}]}}