{"id":1668,"date":"2020-07-31T09:05:23","date_gmt":"2020-07-31T07:05:23","guid":{"rendered":"http:\/\/www.czechcyclingfederation.com\/?p=1668"},"modified":"2020-07-31T09:05:23","modified_gmt":"2020-07-31T07:05:23","slug":"bikove-mistrovstvi-evropy-se-pojede-ve-svycarsku","status":"publish","type":"post","link":"https:\/\/www.czechcyclingfederation.com\/en\/bikove-mistrovstvi-evropy-se-pojede-ve-svycarsku\/","title":{"rendered":"Bikov\u00e9 mistrovstv\u00ed Evropy se pojede ve \u0160v\u00fdcarsku"},"content":{"rendered":"\n<p>Evropsk\u00fd bikov\u00fd \u0161ampion\u00e1t se snad p\u0159ece jen letos uskute\u010dn\u00ed. Evropsk\u00e1 cyklistick\u00e1 unie (UEC) ozn\u00e1mila, \u017ee o medaile se pojede ve \u0161v\u00fdcarsk\u00e9m Monte Tamaro, ve m\u011bst\u011b Monteceneri a to v term\u00ednu 15. &#8211; 18. \u0159\u00edjna.<\/p>\n\n\n\n<p>P\u016fvodn\u011b se m\u011blo mistrovstv\u00ed uskute\u010dnit v&nbsp;kv\u011btnu v rakousk\u00e9m \u0160t\u00fdrsk\u00e9m Hradci, ale v&nbsp;souvislosti s&nbsp;epidemii Covid-19 bylo zru\u0161eno. O medaile se bude bojovat v discipl\u00edn\u00e1ch XCO, XCR a XCE.<\/p>\n\n\n\n<p>V\u00edce informac\u00ed najdete v odkazu n\u00ed\u017ee: http:\/\/www.uec.ch\/en\/actu\/146\/euromtb20-in-monte-tamaro-switzerland-15-18-october\u00a0<\/p>\n\n\n\n<figure class=\"wp-block-image size-large\"><img loading=\"lazy\" decoding=\"async\" width=\"1024\" height=\"439\" src=\"https:\/\/www.czechcyclingfederation.com\/wp-content\/uploads\/2020\/07\/UEC-1-1024x439.png\" alt=\"\" class=\"wp-image-1670\" srcset=\"https:\/\/www.czechcyclingfederation.com\/wp-content\/uploads\/2020\/07\/UEC-1-1024x439.png 1024w, https:\/\/www.czechcyclingfederation.com\/wp-content\/uploads\/2020\/07\/UEC-1-300x129.png 300w, https:\/\/www.czechcyclingfederation.com\/wp-content\/uploads\/2020\/07\/UEC-1-768x330.png 768w, https:\/\/www.czechcyclingfederation.com\/wp-content\/uploads\/2020\/07\/UEC-1-1320x566.png 1320w, https:\/\/www.czechcyclingfederation.com\/wp-content\/uploads\/2020\/07\/UEC-1.png 1424w\" sizes=\"auto, (max-width: 1024px) 100vw, 1024px\" \/><\/figure>\n","protected":false},"excerpt":{"rendered":"<p>Evropsk\u00fd bikov\u00fd \u0161ampion\u00e1t se snad p\u0159ece jen letos uskute\u010dn\u00ed. Evropsk\u00e1 cyklistick\u00e1 unie (UEC) ozn\u00e1mila, \u017ee o medaile se pojede ve \u0161v\u00fdcarsk\u00e9m Monte Tamaro, ve m\u011bst\u011b Monteceneri a to v term\u00ednu 15. &#8211; 18. \u0159\u00edjna. P\u016fvodn\u011b se m\u011blo mistrovstv\u00ed uskute\u010dnit v&nbsp;kv\u011btnu v rakousk\u00e9m \u0160t\u00fdrsk\u00e9m Hradci, ale v&nbsp;souvislosti s&nbsp;epidemii Covid-19 bylo zru\u0161eno. O medaile se bude bojovat [&hellip;]<\/p>\n","protected":false},"author":8,"featured_media":1669,"comment_status":"closed","ping_status":"open","sticky":false,"template":"","format":"standard","meta":{"footnotes":""},"categories":[6,46,2],"tags":[10],"class_list":["post-1668","post","type-post","status-publish","format-standard","has-post-thumbnail","hentry","category-mtb","category-novinky-sportovni-centra","category-novinky","tag-mtb"],"_links":{"self":[{"href":"https:\/\/www.czechcyclingfederation.com\/en\/wp-json\/wp\/v2\/posts\/1668","targetHints":{"allow":["GET"]}}],"collection":[{"href":"https:\/\/www.czechcyclingfederation.com\/en\/wp-json\/wp\/v2\/posts"}],"about":[{"href":"https:\/\/www.czechcyclingfederation.com\/en\/wp-json\/wp\/v2\/types\/post"}],"author":[{"embeddable":true,"href":"https:\/\/www.czechcyclingfederation.com\/en\/wp-json\/wp\/v2\/users\/8"}],"replies":[{"embeddable":true,"href":"https:\/\/www.czechcyclingfederation.com\/en\/wp-json\/wp\/v2\/comments?post=1668"}],"version-history":[{"count":1,"href":"https:\/\/www.czechcyclingfederation.com\/en\/wp-json\/wp\/v2\/posts\/1668\/revisions"}],"predecessor-version":[{"id":1671,"href":"https:\/\/www.czechcyclingfederation.com\/en\/wp-json\/wp\/v2\/posts\/1668\/revisions\/1671"}],"wp:featuredmedia":[{"embeddable":true,"href":"https:\/\/www.czechcyclingfederation.com\/en\/wp-json\/wp\/v2\/media\/1669"}],"wp:attachment":[{"href":"https:\/\/www.czechcyclingfederation.com\/en\/wp-json\/wp\/v2\/media?parent=1668"}],"wp:term":[{"taxonomy":"category","embeddable":true,"href":"https:\/\/www.czechcyclingfederation.com\/en\/wp-json\/wp\/v2\/categories?post=1668"},{"taxonomy":"post_tag","embeddable":true,"href":"https:\/\/www.czechcyclingfederation.com\/en\/wp-json\/wp\/v2\/tags?post=1668"}],"curies":[{"name":"wp","href":"https:\/\/api.w.org\/{rel}","templated":true}]}}