{"id":1665,"date":"2020-07-31T06:21:28","date_gmt":"2020-07-31T04:21:28","guid":{"rendered":"http:\/\/www.czechcyclingfederation.com\/?p=1665"},"modified":"2020-08-05T23:59:47","modified_gmt":"2020-08-05T21:59:47","slug":"studenti-pozor-akademicke-mcr-v-xco-ma-novy-termin-12-9-2020-v-praze","status":"publish","type":"post","link":"https:\/\/www.czechcyclingfederation.com\/en\/studenti-pozor-akademicke-mcr-v-xco-ma-novy-termin-12-9-2020-v-praze\/","title":{"rendered":"Studenti pozor! Akademick\u00e9 M\u010cR v XCO m\u00e1 nov\u00fd term\u00edn: 12.9. 2020 v Praze!"},"content":{"rendered":"\n<p>V&nbsp;reakci na zv\u00fd\u0161en\u00fd z\u00e1jem student\u016f vysok\u00fdch \u0161kol o start na Akademick\u00e9m M\u010cR XCO, s ohledem k&nbsp;r\u016fznorodosti startovn\u00edho pole a nutnosti dodr\u017eet v\u0161echna pravidla \u010cP XCO kategorie C1 UCI doch\u00e1z\u00ed ke zm\u011bn\u011b term\u00ednu uskute\u010dn\u011bn\u00ed Akademick\u00e9ho M\u010cR XCO (AM\u010cR).<\/p>\n\n\n\n<p>Nov\u011b se z\u00e1vod AM\u010cR uskute\u010dn\u00ed v&nbsp;r\u00e1mci \u0160KODA TOMKET Pra\u017esk\u00e9ho MTB poh\u00e1ru dne 12. z\u00e1\u0159\u00ed 2020 v&nbsp;Praze-Libu\u0161i v&nbsp;r\u00e1mci kategori\u00ed MU\u017dI\/\u017dENY, tak aby byl umo\u017en\u011bn start v\u0161em z\u00e1jemc\u016fm.<\/p>\n\n\n\n<p>P\u016fvodn\u011b pl\u00e1novan\u00e9 za\u010dlen\u011bn\u00ed z\u00e1vodu AM\u010cR do startovn\u00edho pole kategori\u00ed Elite mu\u017ei\/\u017eeny v r\u00e1mci \u010cP Zadov 8.8. 2020 se ru\u0161\u00ed.<\/p>\n\n\n\n<p>Podm\u00ednky pro p\u0159ihl\u00e1\u0161en\u00ed do z\u00e1vodu AM\u010cR XCO 2020:&nbsp;<\/p>\n\n\n\n<p>&#8211; platn\u00e1 licence \u010cSC libovoln\u00e9 kategorie (Junior, U23, Elite, Masters, Cyklistika pro v\u0161echny)&nbsp;<a href=\"https:\/\/www.czechcyclingfederation.com\/procleny\/licence-csc\/\">www.czechcyclingfederation.com\/procleny\/licence-csc<\/a><\/p>\n\n\n\n<p>&#8211; potvrzen\u00ed o studiu na V\u0160 platn\u00e9 v&nbsp;term\u00ednu z\u00e1vodu<\/p>\n\n\n\n<p>V\u00edce informac\u00ed o \u0160KODA TOMKET Pra\u017esk\u00e9m MTB poh\u00e1ru,&nbsp;<a href=\"http:\/\/prahamtb.cz\/\">prahamtb.cz<\/a>,&nbsp;za\u010dlen\u011bn\u00ed z\u00e1vodu Akademick\u00e9ho M\u010cR v\u010detn\u011b propozic a v\u0161ech podrobnost\u00ed bude zve\u0159ejn\u011bno po\u010d\u00e1tkem srpna 2020.<\/p>\n\n\n\n<p>Nad z\u00e1vodem z\u00e1rove\u0148 p\u0159eb\u00edr\u00e1 patron\u00e1t Cycling University \u010cSC,&nbsp;<a href=\"http:\/\/www.cyclinguniversity.cz\/\">www.cyclinguniversity.cz<\/a>.<\/p>\n","protected":false},"excerpt":{"rendered":"<p>V&nbsp;reakci na zv\u00fd\u0161en\u00fd z\u00e1jem student\u016f vysok\u00fdch \u0161kol o start na Akademick\u00e9m M\u010cR XCO, s ohledem k&nbsp;r\u016fznorodosti startovn\u00edho pole a nutnosti dodr\u017eet v\u0161echna pravidla \u010cP XCO kategorie C1 UCI doch\u00e1z\u00ed ke zm\u011bn\u011b term\u00ednu uskute\u010dn\u011bn\u00ed Akademick\u00e9ho M\u010cR XCO (AM\u010cR). Nov\u011b se z\u00e1vod AM\u010cR uskute\u010dn\u00ed v&nbsp;r\u00e1mci \u0160KODA TOMKET Pra\u017esk\u00e9ho MTB poh\u00e1ru dne 12. z\u00e1\u0159\u00ed 2020 v&nbsp;Praze-Libu\u0161i v&nbsp;r\u00e1mci kategori\u00ed [&hellip;]<\/p>\n","protected":false},"author":9,"featured_media":1666,"comment_status":"closed","ping_status":"open","sticky":false,"template":"","format":"standard","meta":{"footnotes":""},"categories":[6,2],"tags":[10],"class_list":["post-1665","post","type-post","status-publish","format-standard","has-post-thumbnail","hentry","category-mtb","category-novinky","tag-mtb"],"_links":{"self":[{"href":"https:\/\/www.czechcyclingfederation.com\/en\/wp-json\/wp\/v2\/posts\/1665","targetHints":{"allow":["GET"]}}],"collection":[{"href":"https:\/\/www.czechcyclingfederation.com\/en\/wp-json\/wp\/v2\/posts"}],"about":[{"href":"https:\/\/www.czechcyclingfederation.com\/en\/wp-json\/wp\/v2\/types\/post"}],"author":[{"embeddable":true,"href":"https:\/\/www.czechcyclingfederation.com\/en\/wp-json\/wp\/v2\/users\/9"}],"replies":[{"embeddable":true,"href":"https:\/\/www.czechcyclingfederation.com\/en\/wp-json\/wp\/v2\/comments?post=1665"}],"version-history":[{"count":2,"href":"https:\/\/www.czechcyclingfederation.com\/en\/wp-json\/wp\/v2\/posts\/1665\/revisions"}],"predecessor-version":[{"id":1724,"href":"https:\/\/www.czechcyclingfederation.com\/en\/wp-json\/wp\/v2\/posts\/1665\/revisions\/1724"}],"wp:featuredmedia":[{"embeddable":true,"href":"https:\/\/www.czechcyclingfederation.com\/en\/wp-json\/wp\/v2\/media\/1666"}],"wp:attachment":[{"href":"https:\/\/www.czechcyclingfederation.com\/en\/wp-json\/wp\/v2\/media?parent=1665"}],"wp:term":[{"taxonomy":"category","embeddable":true,"href":"https:\/\/www.czechcyclingfederation.com\/en\/wp-json\/wp\/v2\/categories?post=1665"},{"taxonomy":"post_tag","embeddable":true,"href":"https:\/\/www.czechcyclingfederation.com\/en\/wp-json\/wp\/v2\/tags?post=1665"}],"curies":[{"name":"wp","href":"https:\/\/api.w.org\/{rel}","templated":true}]}}