{"id":1661,"date":"2020-07-30T18:19:27","date_gmt":"2020-07-30T16:19:27","guid":{"rendered":"http:\/\/www.czechcyclingfederation.com\/?p=1661"},"modified":"2020-07-30T18:19:27","modified_gmt":"2020-07-30T16:19:27","slug":"zmena-terminu-skoda-tomket-prazskeho-mtb-poharu-v-zari","status":"publish","type":"post","link":"https:\/\/www.czechcyclingfederation.com\/en\/zmena-terminu-skoda-tomket-prazskeho-mtb-poharu-v-zari\/","title":{"rendered":"Zm\u011bna term\u00edn\u016f \u0160KODA TOMKET Pra\u017esk\u00e9ho MTB poh\u00e1ru v z\u00e1\u0159\u00ed"},"content":{"rendered":"\n<p>S ohledem na term\u00ednov\u00e9 kolize s ostatn\u00edmi z\u00e1vody kalend\u00e1\u0159e \u010cSC a term\u00ednov\u00e9 p\u0159esuny z\u00e1vod\u016f UCI doch\u00e1z\u00ed ke zm\u011bn\u011b term\u00edn\u016f fin\u00e1lov\u00fdch z\u00e1vod\u016f \u0160KODA TOMKET Pra\u017esk\u00e9ho MTB poh\u00e1ru. Fin\u00e1lov\u00e9 z\u00e1vody se uskute\u010dn\u00ed v sobotu 12. z\u00e1\u0159\u00ed a v ned\u011bli 13. z\u00e1\u0159\u00ed v Praze Libu\u0161i. P\u016fvodn\u011b pl\u00e1novan\u00e9 term\u00edny i po\u0159adatelsk\u00e1 m\u00edsta 26. a 27. z\u00e1\u0159\u00ed se ru\u0161\u00ed. Oba fin\u00e1lov\u00e9 z\u00e1vody budou hodnocen\u00e9 dvojn\u00e1sobn\u00fdm po\u010dtem bod\u016f do celkov\u00e9ho po\u0159ad\u00ed.<\/p>\n\n\n\n<p>V reakci na zv\u00fd\u0161en\u00fd z\u00e1jem student\u016f vysok\u00fdch \u0161kol o start na Akademick\u00e9m M\u010cR XCO, s ohledem k r\u016fznorodosti startovn\u00edho pole a nutnosti dodr\u017eet v\u0161echna pravidla \u010cP XCO kategorie C1 UCI doch\u00e1z\u00ed ke zm\u011bn\u011b term\u00ednu Akademick\u00e9ho M\u010cR XCO (AM\u010cR). Nov\u011b se z\u00e1vod AM\u010cR uskute\u010dn\u00ed v r\u00e1mci \u0160KODA TOMKET Pra\u017esk\u00e9ho MTB poh\u00e1ru dne 12. z\u00e1\u0159\u00ed v Praze-Libu\u0161i v r\u00e1mci kategori\u00ed MU\u017dI\/\u017dENY, tak aby byl umo\u017en\u011bn start v\u0161em z\u00e1jemc\u016fm.<\/p>\n\n\n\n<p>P\u016fvodn\u011b pl\u00e1novan\u00e9 za\u010dlen\u011bn\u00ed z\u00e1vodu AM\u010cR do startovn\u00edho pole kategori\u00ed Elite mu\u017ei\/\u017eeny v r\u00e1mci Strabag Cupu na Zadov\u011b 8. srpna se ru\u0161\u00ed.<\/p>\n\n\n\n<p>Podm\u00ednky pro p\u0159ihl\u00e1\u0161en\u00ed do z\u00e1vodu AM\u010cR XCO 2020:&nbsp;<\/p>\n\n\n\n<p>&#8211; platn\u00e1 licence \u010cSC libovoln\u00e9 kategorie (Junior, U23, Elite, Masters, Cyklistika pro v\u0161echny) https:\/\/www.czechcyclingfederation.com\/procleny\/licence-csc\/<\/p>\n\n\n\n<p>&#8211; potvrzen\u00ed o studiu na V\u0160 platn\u00e9 v term\u00ednu z\u00e1vodu<\/p>\n\n\n\n<p>V\u00edce informac\u00ed o \u0160KODA TOMKET Pra\u017esk\u00e9m MTB poh\u00e1ru, http:\/\/prahamtb.cz\/.<\/p>\n\n\n\n<p>Za\u010dlen\u011bn\u00ed z\u00e1vodu Akademick\u00e9ho M\u010cR v\u010detn\u011b propozic a v\u0161ech podrobnost\u00ed zve\u0159ejn\u00edme po\u010d\u00e1tkem srpna 2020.<\/p>\n\n\n\n<figure class=\"wp-block-gallery columns-1 is-cropped wp-block-gallery-1 is-layout-flex wp-block-gallery-is-layout-flex\"><ul class=\"blocks-gallery-grid\"><li class=\"blocks-gallery-item\"><figure><img loading=\"lazy\" decoding=\"async\" width=\"900\" height=\"334\" src=\"https:\/\/www.czechcyclingfederation.com\/wp-content\/uploads\/2020\/07\/image001-2.jpg\" alt=\"\" data-id=\"1663\" data-full-url=\"https:\/\/www.czechcyclingfederation.com\/wp-content\/uploads\/2020\/07\/image001-2.jpg\" data-link=\"https:\/\/www.czechcyclingfederation.com\/?attachment_id=1663\" class=\"wp-image-1663\" srcset=\"https:\/\/www.czechcyclingfederation.com\/wp-content\/uploads\/2020\/07\/image001-2.jpg 900w, https:\/\/www.czechcyclingfederation.com\/wp-content\/uploads\/2020\/07\/image001-2-300x111.jpg 300w, https:\/\/www.czechcyclingfederation.com\/wp-content\/uploads\/2020\/07\/image001-2-768x285.jpg 768w\" sizes=\"auto, (max-width: 900px) 100vw, 900px\" \/><\/figure><\/li><\/ul><\/figure>\n","protected":false},"excerpt":{"rendered":"<p>S ohledem na term\u00ednov\u00e9 kolize s ostatn\u00edmi z\u00e1vody kalend\u00e1\u0159e \u010cSC a term\u00ednov\u00e9 p\u0159esuny z\u00e1vod\u016f UCI doch\u00e1z\u00ed ke zm\u011bn\u011b term\u00edn\u016f fin\u00e1lov\u00fdch z\u00e1vod\u016f \u0160KODA TOMKET Pra\u017esk\u00e9ho MTB poh\u00e1ru. Fin\u00e1lov\u00e9 z\u00e1vody se uskute\u010dn\u00ed v sobotu 12. z\u00e1\u0159\u00ed a v ned\u011bli 13. z\u00e1\u0159\u00ed v Praze Libu\u0161i. P\u016fvodn\u011b pl\u00e1novan\u00e9 term\u00edny i po\u0159adatelsk\u00e1 m\u00edsta 26. a 27. z\u00e1\u0159\u00ed se ru\u0161\u00ed. Oba [&hellip;]<\/p>\n","protected":false},"author":8,"featured_media":1662,"comment_status":"closed","ping_status":"open","sticky":false,"template":"","format":"standard","meta":{"footnotes":""},"categories":[6,2],"tags":[10],"class_list":["post-1661","post","type-post","status-publish","format-standard","has-post-thumbnail","hentry","category-mtb","category-novinky","tag-mtb"],"_links":{"self":[{"href":"https:\/\/www.czechcyclingfederation.com\/en\/wp-json\/wp\/v2\/posts\/1661","targetHints":{"allow":["GET"]}}],"collection":[{"href":"https:\/\/www.czechcyclingfederation.com\/en\/wp-json\/wp\/v2\/posts"}],"about":[{"href":"https:\/\/www.czechcyclingfederation.com\/en\/wp-json\/wp\/v2\/types\/post"}],"author":[{"embeddable":true,"href":"https:\/\/www.czechcyclingfederation.com\/en\/wp-json\/wp\/v2\/users\/8"}],"replies":[{"embeddable":true,"href":"https:\/\/www.czechcyclingfederation.com\/en\/wp-json\/wp\/v2\/comments?post=1661"}],"version-history":[{"count":1,"href":"https:\/\/www.czechcyclingfederation.com\/en\/wp-json\/wp\/v2\/posts\/1661\/revisions"}],"predecessor-version":[{"id":1664,"href":"https:\/\/www.czechcyclingfederation.com\/en\/wp-json\/wp\/v2\/posts\/1661\/revisions\/1664"}],"wp:featuredmedia":[{"embeddable":true,"href":"https:\/\/www.czechcyclingfederation.com\/en\/wp-json\/wp\/v2\/media\/1662"}],"wp:attachment":[{"href":"https:\/\/www.czechcyclingfederation.com\/en\/wp-json\/wp\/v2\/media?parent=1661"}],"wp:term":[{"taxonomy":"category","embeddable":true,"href":"https:\/\/www.czechcyclingfederation.com\/en\/wp-json\/wp\/v2\/categories?post=1661"},{"taxonomy":"post_tag","embeddable":true,"href":"https:\/\/www.czechcyclingfederation.com\/en\/wp-json\/wp\/v2\/tags?post=1661"}],"curies":[{"name":"wp","href":"https:\/\/api.w.org\/{rel}","templated":true}]}}