{"id":1649,"date":"2020-07-29T21:40:07","date_gmt":"2020-07-29T19:40:07","guid":{"rendered":"http:\/\/www.czechcyclingfederation.com\/?p=1649"},"modified":"2020-07-29T21:43:02","modified_gmt":"2020-07-29T19:43:02","slug":"eversting-jaroslava-kulhaveho-pomohl-vybrat-505-939-kc-pro-ceskou-olympijskou-nadaci","status":"publish","type":"post","link":"https:\/\/www.czechcyclingfederation.com\/en\/eversting-jaroslava-kulhaveho-pomohl-vybrat-505-939-kc-pro-ceskou-olympijskou-nadaci\/","title":{"rendered":"\u201eEversting\u201c Jaroslava Kulhav\u00e9ho pomohl vybrat 505 939 K\u010d pro \u010ceskou olympijskou nadaci!"},"content":{"rendered":"\n<p>Olympijsk\u00fd v\u00edt\u011bz Jaroslav Kulhav\u00fd a \u010cesk\u00e1 olympijsk\u00e1 nadace spole\u010dn\u011b spustili finan\u010dn\u00ed sb\u00edrku na podporu sportuj\u00edc\u00edm d\u011btem.<br>Na konto nadace byla do t\u00e9to chv\u00edle p\u0159ipsan\u00e1 \u010d\u00e1stka 505 939 korun, kter\u00e9 \u010cesk\u00e1 olympijsk\u00e1 nadace rozd\u011bl\u00ed d\u011btem, je\u017e cht\u011bj\u00ed sportovat \u2013 bez ohledu na talent.<br>Spou\u0161t\u011bc\u00ed aktivitou byl kv\u011btnov\u00fd \u201eEveresting\u201c Jaroslava Kulhav\u00e9ho, kter\u00fd opakovan\u00fdm v\u00fdjezdem na Lysou horu nastoupal 8848 v\u00fd\u0161kov\u00fdch metr\u016f.<\/p>\n","protected":false},"excerpt":{"rendered":"<p>Olympijsk\u00fd v\u00edt\u011bz Jaroslav Kulhav\u00fd a \u010cesk\u00e1 olympijsk\u00e1 nadace spole\u010dn\u011b spustili finan\u010dn\u00ed sb\u00edrku na podporu sportuj\u00edc\u00edm d\u011btem.Na konto nadace byla do t\u00e9to chv\u00edle p\u0159ipsan\u00e1 \u010d\u00e1stka 505 939 korun, kter\u00e9 \u010cesk\u00e1 olympijsk\u00e1 nadace rozd\u011bl\u00ed d\u011btem, je\u017e cht\u011bj\u00ed sportovat \u2013 bez ohledu na talent.Spou\u0161t\u011bc\u00ed aktivitou byl kv\u011btnov\u00fd \u201eEveresting\u201c Jaroslava Kulhav\u00e9ho, kter\u00fd opakovan\u00fdm v\u00fdjezdem na Lysou horu nastoupal 8848 [&hellip;]<\/p>\n","protected":false},"author":9,"featured_media":1650,"comment_status":"closed","ping_status":"open","sticky":false,"template":"","format":"standard","meta":{"footnotes":""},"categories":[6,2],"tags":[10],"class_list":["post-1649","post","type-post","status-publish","format-standard","has-post-thumbnail","hentry","category-mtb","category-novinky","tag-mtb"],"_links":{"self":[{"href":"https:\/\/www.czechcyclingfederation.com\/en\/wp-json\/wp\/v2\/posts\/1649","targetHints":{"allow":["GET"]}}],"collection":[{"href":"https:\/\/www.czechcyclingfederation.com\/en\/wp-json\/wp\/v2\/posts"}],"about":[{"href":"https:\/\/www.czechcyclingfederation.com\/en\/wp-json\/wp\/v2\/types\/post"}],"author":[{"embeddable":true,"href":"https:\/\/www.czechcyclingfederation.com\/en\/wp-json\/wp\/v2\/users\/9"}],"replies":[{"embeddable":true,"href":"https:\/\/www.czechcyclingfederation.com\/en\/wp-json\/wp\/v2\/comments?post=1649"}],"version-history":[{"count":1,"href":"https:\/\/www.czechcyclingfederation.com\/en\/wp-json\/wp\/v2\/posts\/1649\/revisions"}],"predecessor-version":[{"id":1651,"href":"https:\/\/www.czechcyclingfederation.com\/en\/wp-json\/wp\/v2\/posts\/1649\/revisions\/1651"}],"wp:featuredmedia":[{"embeddable":true,"href":"https:\/\/www.czechcyclingfederation.com\/en\/wp-json\/wp\/v2\/media\/1650"}],"wp:attachment":[{"href":"https:\/\/www.czechcyclingfederation.com\/en\/wp-json\/wp\/v2\/media?parent=1649"}],"wp:term":[{"taxonomy":"category","embeddable":true,"href":"https:\/\/www.czechcyclingfederation.com\/en\/wp-json\/wp\/v2\/categories?post=1649"},{"taxonomy":"post_tag","embeddable":true,"href":"https:\/\/www.czechcyclingfederation.com\/en\/wp-json\/wp\/v2\/tags?post=1649"}],"curies":[{"name":"wp","href":"https:\/\/api.w.org\/{rel}","templated":true}]}}