{"id":1620,"date":"2020-07-28T08:57:26","date_gmt":"2020-07-28T06:57:26","guid":{"rendered":"http:\/\/www.czechcyclingfederation.com\/?p=1620"},"modified":"2020-07-28T14:16:47","modified_gmt":"2020-07-28T12:16:47","slug":"mladeznicky-silnicni-sampionat-v-plzni","status":"publish","type":"post","link":"https:\/\/www.czechcyclingfederation.com\/en\/mladeznicky-silnicni-sampionat-v-plzni\/","title":{"rendered":"Ml\u00e1de\u017enick\u00fd silni\u010dn\u00ed \u0161ampion\u00e1t v Plzni"},"content":{"rendered":"\n<p><\/p>\n\n\n\n<p>Sotva odezn\u011bl dom\u00e1c\u00ed \u0161ampion\u00e1t ml\u00e1de\u017e ve vytrvalostn\u00edch discipl\u00edn\u00e1ch v Plzni, ji\u017e se o slovo hl\u00e1s\u00ed mistrovstv\u00ed ml\u00e1de\u017ee na silnici a o medaile se op\u011bt pojede v z\u00e1pado\u010desk\u00e9 metropoli. \u010casovky a silni\u010dn\u00ed z\u00e1vody se uskute\u010dn\u00ed od 13. do 16. srpna. A po\u0159adatel\u00e9 z Roman Kreuziger Cycling Academy slibuj\u00ed, \u017ee mistrovstv\u00ed \u010cR bude m\u00edt parametry \u0161ampion\u00e1tu dosp\u011bl\u00fdch.<\/p>\n\n\n\n<p>Maj\u00ed zku\u0161enosti z uspo\u0159\u00e1d\u00e1n\u00ed mistrovstv\u00ed republiky dosp\u011bl\u00fdch v roce 2018 a jsou p\u0159esv\u011bd\u010deni, \u017ee v\u011bnovat ml\u00e1de\u017ei maxim\u00e1ln\u00ed pozornost je spr\u00e1vn\u00e9, proto\u017ee tudy vede cesta k \u00fasp\u011bchu v dosp\u011bl\u00fdch kategori\u00edch. Proto cht\u011bj\u00ed \u0161ampion\u00e1t ml\u00e1de\u017ee pojmout velkoryse, \u017ee si s dosp\u011bl\u00fdm mistrovstv\u00edm v ni\u010dem nezad\u00e1. Ve \u010dtvrtek 13. srpna odjedou v\u0161echny kategorie v\u010detn\u011b junior\u016f \u010dasovku, v sobotu 15. a v ned\u011bli 16. srpna silni\u010dn\u00ed z\u00e1vod. Ned\u011ble je vyhrazena pouze pro kadety a juniory.<\/p>\n\n\n\n<p>\u010casovka m\u00e1 start i c\u00edl v Ky\u0161ic\u00edch a trasa vede z Ky\u0161ic ji\u017en\u00edm sm\u011brem na Letkov, kde je p\u0159ed kruhov\u00fdm objezdem obr\u00e1tka, z\u00e1vodn\u00edci se vr\u00e1t\u00ed do Ky\u0161ic a pokra\u010duj\u00ed severn\u00edm sm\u011brem na D\u00fd\u0161inu. U vjezdu do are\u00e1lu I.P.P.E. se op\u011bt oto\u010d\u00ed a vr\u00e1t\u00ed se do prostoru startu a c\u00edle. D\u00e9lka trasy je 10,5 kilometru, pouze junio\u0159i ji pojedou dvakr\u00e1t. \u201e\u010casovky jsme cht\u011bli jet jinde, ale nedostali jsme povolen\u00ed. Na\u0161t\u011bst\u00ed se poda\u0159ilo naj\u00edt tuto tra\u0165, kter\u00e1 bude nav\u00edc hodn\u011b spravedliv\u00e1,\u201c \u0159\u00edk\u00e1 \u0161\u00e9f organiza\u010dn\u00edho t\u00fdmu Petr Kubias.<\/p>\n\n\n\n<p>I silni\u010dn\u00ed z\u00e1vod bude m\u00edt centrum v Ky\u0161ic\u00edch. Odtud se cyklist\u00e9 vydaj\u00ed z\u00e1padn\u00edm sm\u011brem na \u010cerven\u00fd Hr\u00e1dek, d\u00e1le sm\u011brem a\u017e do Chr\u00e1stu. Tady se cyklist\u00e9 sto\u010d\u00ed na jih a p\u0159es D\u00fd\u0161inu dojedou do c\u00edle po 12,1 km. Jednotliv\u00e9 kategorie absolvuj\u00ed tenhle okruh samoz\u0159ejm\u011b v odli\u0161n\u00e9m po\u010dtu, od jednoho pro mlad\u0161\u00ed \u017e\u00e1kyn\u011b a\u017e po jeden\u00e1ct okruh\u016f pro juniory.<\/p>\n\n\n\n<p>Jde o zvln\u011bn\u00fd okruh, kde nejni\u017e\u0161\u00ed a nejvy\u0161\u0161\u00ed bod trati d\u011bl\u00ed 70 v\u00fd\u0161kov\u00fdch metr\u016f, ale proto\u017ee se jede v podstat\u011b nahoru dol\u016f, na jednom okruhu vystoupaj\u00ed z\u00e1vodn\u00edci 190 metr\u016f. Pro juniory to znamen\u00e1 v\u00edc jak dva tis\u00edce v\u00fd\u0161kov\u00fdch metr\u016f za cel\u00fd z\u00e1vod. Posledn\u00ed kilometr je do m\u00edrn\u00e9ho stoup\u00e1n\u00ed, co\u017e by nem\u011blo p\u0159\u00edli\u0161 vyhovovat klasick\u00fdm sprinter\u016fm.<\/p>\n\n\n\n<p>\u201eTi, co skon\u010d\u00ed na stupn\u00edch v\u00edt\u011bz\u016f, obdr\u017e\u00ed v\u011bcn\u00e9 ceny. Ale podstatn\u00e9 je, \u017ee v\u00edt\u011bzov\u00e9 ve v\u0161ech kategori\u00edch \u2013 a ka\u017ed\u00e1 pojede zvl\u00e1\u0161\u0165, nebudeme je spojovat &#8211; by m\u011bli obdr\u017eet medaili, mistrovsk\u00fd dres a na jejich po\u010dest zazn\u00ed st\u00e1tn\u00ed hymna,\u201c \u0159\u00edk\u00e1 Petr Kubias.<\/p>\n\n\n<div class=\"wp-block-file\">\r\n                <a target=\"_blank\" rel=\"noopener\" href=\"https:\/\/www.czechcyclingfederation.com\/wp-content\/uploads\/2020\/07\/Mistrovstvi\u0301-_C\u030ceske\u0301_republiky_silnice.pdf\" class=\"wp-block-file__button wp-element-button\">\r\n                    <span class=\"wp-block-file__icon\"><\/span>\r\n                    Mistrovstvi\u0301-_C\u030ceske\u0301_republiky_silnice\r\n                <\/a>\r\n            <\/div>\n\n<div class=\"wp-block-file\">\r\n                <a target=\"_blank\" rel=\"noopener\" href=\"https:\/\/www.czechcyclingfederation.com\/wp-content\/uploads\/2020\/07\/Mistrovstvi\u0301-C\u030ceske\u0301-republiky_c\u030casovka.pdf\" class=\"wp-block-file__button wp-element-button\">\r\n                    <span class=\"wp-block-file__icon\"><\/span>\r\n                    Mistrovstvi\u0301-C\u030ceske\u0301-republiky_c\u030casovka\r\n                <\/a>\r\n            <\/div>\n\n\n<figure class=\"wp-block-image size-large\"><img loading=\"lazy\" decoding=\"async\" width=\"1024\" height=\"1010\" src=\"https:\/\/www.czechcyclingfederation.com\/wp-content\/uploads\/2020\/07\/logo_mcr_mladez_vyska-1-1024x1010.jpg\" alt=\"\" class=\"wp-image-1624\" srcset=\"https:\/\/www.czechcyclingfederation.com\/wp-content\/uploads\/2020\/07\/logo_mcr_mladez_vyska-1-1024x1010.jpg 1024w, https:\/\/www.czechcyclingfederation.com\/wp-content\/uploads\/2020\/07\/logo_mcr_mladez_vyska-1-203x200.jpg 203w, https:\/\/www.czechcyclingfederation.com\/wp-content\/uploads\/2020\/07\/logo_mcr_mladez_vyska-1-768x758.jpg 768w, https:\/\/www.czechcyclingfederation.com\/wp-content\/uploads\/2020\/07\/logo_mcr_mladez_vyska-1.jpg 1179w\" sizes=\"auto, (max-width: 1024px) 100vw, 1024px\" \/><\/figure>\n","protected":false},"excerpt":{"rendered":"<p>Sotva odezn\u011bl dom\u00e1c\u00ed \u0161ampion\u00e1t ml\u00e1de\u017e ve vytrvalostn\u00edch discipl\u00edn\u00e1ch v Plzni, ji\u017e se o slovo hl\u00e1s\u00ed mistrovstv\u00ed ml\u00e1de\u017ee na silnici a o medaile se op\u011bt pojede v z\u00e1pado\u010desk\u00e9 metropoli. \u010casovky a silni\u010dn\u00ed z\u00e1vody se uskute\u010dn\u00ed od 13. do 16. srpna. A po\u0159adatel\u00e9 z Roman Kreuziger Cycling Academy slibuj\u00ed, \u017ee mistrovstv\u00ed \u010cR bude m\u00edt parametry \u0161ampion\u00e1tu dosp\u011bl\u00fdch. [&hellip;]<\/p>\n","protected":false},"author":8,"featured_media":1621,"comment_status":"closed","ping_status":"open","sticky":false,"template":"","format":"standard","meta":{"footnotes":""},"categories":[46,2,18],"tags":[11],"class_list":["post-1620","post","type-post","status-publish","format-standard","has-post-thumbnail","hentry","category-novinky-sportovni-centra","category-novinky","category-silnice","tag-silnice"],"_links":{"self":[{"href":"https:\/\/www.czechcyclingfederation.com\/en\/wp-json\/wp\/v2\/posts\/1620","targetHints":{"allow":["GET"]}}],"collection":[{"href":"https:\/\/www.czechcyclingfederation.com\/en\/wp-json\/wp\/v2\/posts"}],"about":[{"href":"https:\/\/www.czechcyclingfederation.com\/en\/wp-json\/wp\/v2\/types\/post"}],"author":[{"embeddable":true,"href":"https:\/\/www.czechcyclingfederation.com\/en\/wp-json\/wp\/v2\/users\/8"}],"replies":[{"embeddable":true,"href":"https:\/\/www.czechcyclingfederation.com\/en\/wp-json\/wp\/v2\/comments?post=1620"}],"version-history":[{"count":1,"href":"https:\/\/www.czechcyclingfederation.com\/en\/wp-json\/wp\/v2\/posts\/1620\/revisions"}],"predecessor-version":[{"id":1625,"href":"https:\/\/www.czechcyclingfederation.com\/en\/wp-json\/wp\/v2\/posts\/1620\/revisions\/1625"}],"wp:featuredmedia":[{"embeddable":true,"href":"https:\/\/www.czechcyclingfederation.com\/en\/wp-json\/wp\/v2\/media\/1621"}],"wp:attachment":[{"href":"https:\/\/www.czechcyclingfederation.com\/en\/wp-json\/wp\/v2\/media?parent=1620"}],"wp:term":[{"taxonomy":"category","embeddable":true,"href":"https:\/\/www.czechcyclingfederation.com\/en\/wp-json\/wp\/v2\/categories?post=1620"},{"taxonomy":"post_tag","embeddable":true,"href":"https:\/\/www.czechcyclingfederation.com\/en\/wp-json\/wp\/v2\/tags?post=1620"}],"curies":[{"name":"wp","href":"https:\/\/api.w.org\/{rel}","templated":true}]}}