{"id":15995,"date":"2023-04-08T19:03:16","date_gmt":"2023-04-08T17:03:16","guid":{"rendered":"https:\/\/www.czechcyclingfederation.com\/?p=15995"},"modified":"2023-04-08T19:03:17","modified_gmt":"2023-04-08T17:03:17","slug":"vanicek-a-bartova-vladli-carla-kriterijni-lize","status":"publish","type":"post","link":"https:\/\/www.czechcyclingfederation.com\/en\/vanicek-a-bartova-vladli-carla-kriterijni-lize\/","title":{"rendered":"Van\u00ed\u010dek a B\u00e1rtov\u00e1 vl\u00e1dli Carla krit\u00e9rijn\u00ed lize"},"content":{"rendered":"\n<p>\u00davodn\u00ed z\u00e1vod Carla krit\u00e9rijn\u00ed ligy se dnes jel jako Sob\u011bslavsk\u00e9 okruhy. Na okruhu ulicemi m\u011bsta m\u011b\u0159ilo ka\u017ed\u00e9 kolo 1500 metr\u016f se startem a c\u00edlem na n\u00e1m\u011bst\u00ed Republiky. Mezi mu\u017ei byl nejlep\u0161\u00ed ve sb\u00edr\u00e1n\u00ed bod\u016f cyklokrosa\u0159 \u0160imon Van\u00ed\u010dek (\u010cEZ Cyklo Team T\u00e1bor), z\u00e1vod \u017een vyhr\u00e1la Gabriela B\u00e1rtov\u00e1\u00a0 z Dukly Praha.<\/p>\n\n\n\n<p>S Van\u00ed\u010dkem se na stupn\u011b v\u00edt\u011bz\u016f postavili Jan Ka\u0161par (ATT Investments) se 74 body, kter\u00fd s&nbsp;n\u00edm jelpod \u0161est\u00e9ho okruhu v&nbsp;\u00faniku, a Maty\u00e1\u0161 Kobl\u00ed\u017eek (TUFO Pardus Prost\u011bjov), kter\u00fd nasb\u00edral 13 bod\u016f. \u017densk\u00fd z\u00e1vod ovl\u00e1dly z\u00e1vodnice Dukly Praha. Za v\u00edt\u011bznou skon\u010dily jej\u00ed kolegyn\u011b Petra \u0160ev\u010d\u00edkov\u00e1 (23 bod\u016f) a Jarmila Macha\u010dov\u00e1 (15), nejlep\u0161\u00ed z juniorek byla \u0161est\u00e1 Patricie M\u00fcllerov\u00e1 (TUFO Pardus Prost\u011bjov). Z\u00e1vod junior\u016f opanovali z\u00e1vodn\u00edci t\u00fdmu Mapei Merida Ka\u0148kovsk\u00fd, kte\u0159\u00ed vystoupili na stupn\u011b v\u00edt\u011bz\u016f v po\u0159ad\u00ed \u0160t\u011bp\u00e1n Zah\u00e1lka, Jan Poda\u0159il, Jan Bittner.<\/p>\n\n\n\n<p>V\u00fdsledky:<\/p>\n\n\n\n<p>Mlad\u0161\u00ed \u017e\u00e1ci:<\/p>\n\n\n\n<p>1. Ma\u0148as (Cycling Academy T\u00e1bor), 2. Tobrman (MS Bike Academy Racing), 3. Zavadil (Cycling Academy T\u00e1bor).<\/p>\n\n\n\n<p>Star\u0161\u00ed \u017e\u00e1ci:<\/p>\n\n\n\n<p>1. Kilian (MS Bike Academy Racing) 16, 2. Be\u010dka (TJ Stadion Louny) 12, 3. Pazourek (MS Bike Academy Racing) 10.<\/p>\n\n\n\n<p>\u017d\u00e1kyn\u011b:<\/p>\n\n\n\n<p>1. Jaro\u0161ov\u00e1 (Dukla Praha), 2. Frydrychov\u00e1, 3. Kol\u00e1\u0159ov\u00e1 (ob\u011b Auto \u0160koda Ml. Boleslav).<\/p>\n\n\n\n<p>Kadetky:<\/p>\n\n\n\n<p>1. Cermanov\u00e1 (CK P\u0159\u00edbram &#8211; Fany Gastro)&nbsp;&nbsp;&nbsp;&nbsp;&nbsp; 41, 2. Mikul\u00e1\u0161kov\u00e1 (TJ Favorit Brno) 9, 3. Lehk\u00e1 (Jaroslav Kulhavy Cycling Team) 9.<\/p>\n\n\n\n<p>Kadeti:<\/p>\n\n\n\n<p>1. Tesa\u0159\u00edk (Mapei Merida Ka\u0148kovsk\u00fd) 25, 2. Richter (Dukla Praha) 18, 3. Ra\u0161ka (Mapei Merida Ka\u0148kovsk\u00fd) 16.<\/p>\n\n\n\n<p>Juniorky a \u017eeny:<\/p>\n\n\n\n<p>1. B\u00e1rtov\u00e1 26, 2. \u0160ev\u010d\u00edkov\u00e1 23, 3. Macha\u010dov\u00e1 15, 4. Srnsk\u00e1 11, 5. N\u011bmcov\u00e1 (v\u0161echny Dukla Praha) 11, 6. M\u00fcllerov\u00e1 (TUFO Pardus Prost\u011bjov) 8.<\/p>\n\n\n\n<p>Junio\u0159i:<\/p>\n\n\n\n<p>1. Zah\u00e1lka 68, 2. Poda\u0159il 64, 3. Bittner (v\u0161ichni Mapei Merida Ka\u0148kovsk\u00fd) 23, 4. Kraus (\u010cEZ Cyklo Team T\u00e1bor) 9, 5. Seidl (Jaroslav Kulhavy Cycling Team) 9, 6. Kar\u00e1sek (TUFO Pardus Prost\u011bjov) 4.<\/p>\n\n\n\n<p>Mu\u017ei:<\/p>\n\n\n\n<p>1. Van\u00ed\u010dek (\u010cEZ Cyklo Team T\u00e1bor) 88, 2. Ka\u0161par (ATT Investments) 74, 3. M. Kobl\u00ed\u017eek (TUFO Pardus Prost\u011bjov) 13, 4. Klabouch (ATT Investments) 13, 5. Fiala (\u010cEZ Cyklo Team T\u00e1bor) 11, 6. Jakoubek (ATT Investments) 10.<\/p>\n\n\n\n<p>FOTO Luk\u00e1\u0161 Thun<\/p>\n","protected":false},"excerpt":{"rendered":"<p>\u00davodn\u00ed z\u00e1vod Carla krit\u00e9rijn\u00ed ligy se dnes jel jako Sob\u011bslavsk\u00e9 okruhy. Na okruhu ulicemi m\u011bsta m\u011b\u0159ilo ka\u017ed\u00e9 kolo 1500 metr\u016f se startem a c\u00edlem na n\u00e1m\u011bst\u00ed Republiky. Mezi mu\u017ei byl nejlep\u0161\u00ed ve sb\u00edr\u00e1n\u00ed bod\u016f cyklokrosa\u0159 \u0160imon Van\u00ed\u010dek (\u010cEZ Cyklo Team T\u00e1bor), z\u00e1vod \u017een vyhr\u00e1la Gabriela B\u00e1rtov\u00e1\u00a0 z Dukly Praha. S Van\u00ed\u010dkem se na stupn\u011b v\u00edt\u011bz\u016f [&hellip;]<\/p>\n","protected":false},"author":8,"featured_media":15996,"comment_status":"closed","ping_status":"open","sticky":false,"template":"","format":"standard","meta":{"footnotes":""},"categories":[2,18],"tags":[11],"class_list":["post-15995","post","type-post","status-publish","format-standard","has-post-thumbnail","hentry","category-novinky","category-silnice","tag-silnice"],"_links":{"self":[{"href":"https:\/\/www.czechcyclingfederation.com\/en\/wp-json\/wp\/v2\/posts\/15995","targetHints":{"allow":["GET"]}}],"collection":[{"href":"https:\/\/www.czechcyclingfederation.com\/en\/wp-json\/wp\/v2\/posts"}],"about":[{"href":"https:\/\/www.czechcyclingfederation.com\/en\/wp-json\/wp\/v2\/types\/post"}],"author":[{"embeddable":true,"href":"https:\/\/www.czechcyclingfederation.com\/en\/wp-json\/wp\/v2\/users\/8"}],"replies":[{"embeddable":true,"href":"https:\/\/www.czechcyclingfederation.com\/en\/wp-json\/wp\/v2\/comments?post=15995"}],"version-history":[{"count":1,"href":"https:\/\/www.czechcyclingfederation.com\/en\/wp-json\/wp\/v2\/posts\/15995\/revisions"}],"predecessor-version":[{"id":15997,"href":"https:\/\/www.czechcyclingfederation.com\/en\/wp-json\/wp\/v2\/posts\/15995\/revisions\/15997"}],"wp:featuredmedia":[{"embeddable":true,"href":"https:\/\/www.czechcyclingfederation.com\/en\/wp-json\/wp\/v2\/media\/15996"}],"wp:attachment":[{"href":"https:\/\/www.czechcyclingfederation.com\/en\/wp-json\/wp\/v2\/media?parent=15995"}],"wp:term":[{"taxonomy":"category","embeddable":true,"href":"https:\/\/www.czechcyclingfederation.com\/en\/wp-json\/wp\/v2\/categories?post=15995"},{"taxonomy":"post_tag","embeddable":true,"href":"https:\/\/www.czechcyclingfederation.com\/en\/wp-json\/wp\/v2\/tags?post=15995"}],"curies":[{"name":"wp","href":"https:\/\/api.w.org\/{rel}","templated":true}]}}