{"id":1564,"date":"2020-07-27T21:30:54","date_gmt":"2020-07-27T19:30:54","guid":{"rendered":"http:\/\/www.czechcyclingfederation.com\/?p=1564"},"modified":"2020-07-28T13:30:21","modified_gmt":"2020-07-28T11:30:21","slug":"mladi-reprezentanti-pilovali-techniku-v-koutech","status":"publish","type":"post","link":"https:\/\/www.czechcyclingfederation.com\/en\/mladi-reprezentanti-pilovali-techniku-v-koutech\/","title":{"rendered":"Mlad\u00ed reprezentanti pilovali techniku v Koutech!"},"content":{"rendered":"\n<p>Reprezenta\u010dn\u00ed t\u00fdm horsk\u00fdch kol olympijsk\u00e9ho cross country kategori\u00ed U23 a Junior vyu\u017eil voln\u011bj\u0161\u00ed z\u00e1vodn\u00ed program k&nbsp;dal\u0161\u00edmu z&nbsp;pravideln\u00fdch soust\u0159ed\u011bn\u00ed. Pod veden\u00edm reprezenta\u010dn\u00edho kou\u010de Viktora Zapletala a tren\u00e9ra techniky Mat\u011bje Charv\u00e1ta se tentokr\u00e1t mlad\u00ed reprezentanti zam\u011b\u0159ili v\u00fdhradn\u011b na tr\u00e9nink techniky.<\/p>\n\n\n\n<p><em>\u201eVyu\u017eili jsme z\u00e1vodn\u00edho volna a zrealizovali tr\u00e9ninkov\u00fd camp zam\u011b\u0159en\u00fd pouze na n\u00e1cvik techniky,\u201c <\/em>popisuje Viktor Zapletal.&nbsp;<\/p>\n\n\n\n<p><em>\u201ePot\u0159ebujeme v tomto sm\u011bru reagovat na aktu\u00e1ln\u00ed sv\u011btov\u00fd v\u00fdvoj v olympijsk\u00e9m cross country. M\u00e1me dlouhodob\u011b dobr\u00e9 juniorsk\u00e9 v\u00fdsledky, ale ztr\u00e1c\u00edme v technice, kde na\u0161im z\u00e1vodn\u00edk\u016fm chyb\u00ed profesion\u00e1ln\u00ed v\u00fduka z\u00e1klad\u016f techniky. Tr\u00e9nink techniky je u n\u00e1s v podstat\u011b jen individu\u00e1ln\u00ed z\u00e1le\u017eitost\u00ed, co\u017e vede k tvorb\u011b \u0159ady ne\u017e\u00e1douc\u00edch nedostatk\u016f. Mus\u00edme alespo\u0148 na \u00farovni reprezentace tuhle d\u016fle\u017eitou pas\u00e1\u017e XCO postavit na profesion\u00e1ln\u00ed v\u00fdukov\u00e9 z\u00e1klady. D\u00edky anga\u017eov\u00e1n\u00ed \u0161pi\u010dkov\u00e9ho sjezda\u0159e Mat\u011bje Charv\u00e1ta na pozici reprezenta\u010dn\u00edho tren\u00e9ra techniky jsme se hodn\u011b posunuli v p\u0159edz\u00e1vodn\u00ed technick\u00e9 p\u0159\u00edprav\u011b, co\u017e je vid\u011bt nap\u0159\u00edklad p\u0159i na\u010d\u00edt\u00e1n\u00ed z\u00e1vodn\u00edch trat\u00ed na reprezenta\u010dn\u00edch v\u00fdjezdech. Dal\u0161\u00edm logick\u00fdm krokem pak je nastaven\u00ed pravidelnosti p\u0159i tr\u00e9ninkov\u00fdch campech zam\u011b\u0159en\u00fdch pouze na n\u00e1cvik techniky. Kouty byly v t\u00e9to oblasti na\u0161\u00ed premi\u00e9rou. Reprezenta\u010dn\u00ed t\u00fdm absolvoval nejprve dva dny n\u00e1cvikem segment\u016f na trati DHI a n\u00e1sledn\u011b se jezdci zapojili do z\u00e1vodu Enduro S\u00e9rie, p\u00e1te\u010dn\u00edm a sobotn\u00edm tr\u00e9ninkem a v ned\u011bli v\u0161ichni nastoupili v r\u00e1mci tr\u00e9ninku do samotn\u00e9ho z\u00e1vodu Enduro S\u00e9rie v Koutech. Cht\u011bl bych, aby se tyto tr\u00e9ninkov\u00e9 campy, klidn\u011b i s tr\u00e9ninkov\u00fdm z\u00e1vodem staly pravidelnou z\u00e1le\u017eitost\u00ed p\u0159\u00edpravy reprezentant\u016f XCO,\u201c&nbsp;<\/em>vysv\u011btluje Viktor Zapletal.<\/p>\n\n\n\n<p>Mimo samotn\u00fdch tr\u00e9nink\u016f na sjezdov\u00e9 trati absolvovali jezdci tak\u00e9 s\u00e9rii p\u0159edn\u00e1\u0161ek na t\u00e9ma tr\u00e9nink techniky a jeho za\u010dlen\u011bn\u00ed do tr\u00e9ninkov\u00e9ho pl\u00e1nu.<\/p>\n\n\n\n<p>Samoz\u0159ejmost\u00ed reprezenta\u010dn\u00edch soust\u0159ed\u011bn\u00ed je pak \u201eelektronick\u00e1 tu\u017eka\u201c, tedy ka\u017edove\u010dern\u00ed rozbor videa tr\u00e9ninkov\u00fdch j\u00edzd s&nbsp;koment\u00e1\u0159i a diskus\u00ed.<\/p>\n\n\n\n<p>Ned\u011bln\u00ed program pat\u0159il z\u00e1vodu Enduro S\u00e9rie Kouty do kter\u00e9ho v&nbsp;r\u00e1mci tr\u00e9ninku, nastoupila v\u011bt\u0161ina mlad\u00fdch reprezentant\u016f.<\/p>\n","protected":false},"excerpt":{"rendered":"<p>Reprezenta\u010dn\u00ed t\u00fdm horsk\u00fdch kol olympijsk\u00e9ho cross country kategori\u00ed U23 a Junior vyu\u017eil voln\u011bj\u0161\u00ed z\u00e1vodn\u00ed program k&nbsp;dal\u0161\u00edmu z&nbsp;pravideln\u00fdch soust\u0159ed\u011bn\u00ed. Pod veden\u00edm reprezenta\u010dn\u00edho kou\u010de Viktora Zapletala a tren\u00e9ra techniky Mat\u011bje Charv\u00e1ta se tentokr\u00e1t mlad\u00ed reprezentanti zam\u011b\u0159ili v\u00fdhradn\u011b na tr\u00e9nink techniky. \u201eVyu\u017eili jsme z\u00e1vodn\u00edho volna a zrealizovali tr\u00e9ninkov\u00fd camp zam\u011b\u0159en\u00fd pouze na n\u00e1cvik techniky,\u201c popisuje Viktor Zapletal.&nbsp; \u201ePot\u0159ebujeme [&hellip;]<\/p>\n","protected":false},"author":9,"featured_media":1566,"comment_status":"closed","ping_status":"open","sticky":false,"template":"","format":"standard","meta":{"footnotes":""},"categories":[6,2,46,103],"tags":[10,102],"class_list":["post-1564","post","type-post","status-publish","format-standard","has-post-thumbnail","hentry","category-mtb","category-novinky","category-novinky-sportovni-centra","category-reprezentace","tag-mtb","tag-mtb-trial"],"_links":{"self":[{"href":"https:\/\/www.czechcyclingfederation.com\/en\/wp-json\/wp\/v2\/posts\/1564","targetHints":{"allow":["GET"]}}],"collection":[{"href":"https:\/\/www.czechcyclingfederation.com\/en\/wp-json\/wp\/v2\/posts"}],"about":[{"href":"https:\/\/www.czechcyclingfederation.com\/en\/wp-json\/wp\/v2\/types\/post"}],"author":[{"embeddable":true,"href":"https:\/\/www.czechcyclingfederation.com\/en\/wp-json\/wp\/v2\/users\/9"}],"replies":[{"embeddable":true,"href":"https:\/\/www.czechcyclingfederation.com\/en\/wp-json\/wp\/v2\/comments?post=1564"}],"version-history":[{"count":2,"href":"https:\/\/www.czechcyclingfederation.com\/en\/wp-json\/wp\/v2\/posts\/1564\/revisions"}],"predecessor-version":[{"id":1629,"href":"https:\/\/www.czechcyclingfederation.com\/en\/wp-json\/wp\/v2\/posts\/1564\/revisions\/1629"}],"wp:featuredmedia":[{"embeddable":true,"href":"https:\/\/www.czechcyclingfederation.com\/en\/wp-json\/wp\/v2\/media\/1566"}],"wp:attachment":[{"href":"https:\/\/www.czechcyclingfederation.com\/en\/wp-json\/wp\/v2\/media?parent=1564"}],"wp:term":[{"taxonomy":"category","embeddable":true,"href":"https:\/\/www.czechcyclingfederation.com\/en\/wp-json\/wp\/v2\/categories?post=1564"},{"taxonomy":"post_tag","embeddable":true,"href":"https:\/\/www.czechcyclingfederation.com\/en\/wp-json\/wp\/v2\/tags?post=1564"}],"curies":[{"name":"wp","href":"https:\/\/api.w.org\/{rel}","templated":true}]}}