{"id":1545,"date":"2020-07-26T09:26:03","date_gmt":"2020-07-26T07:26:03","guid":{"rendered":"http:\/\/www.czechcyclingfederation.com\/?p=1545"},"modified":"2020-07-27T21:30:15","modified_gmt":"2020-07-27T19:30:15","slug":"czech-tour-v-ceske-televizi","status":"publish","type":"post","link":"https:\/\/www.czechcyclingfederation.com\/en\/czech-tour-v-ceske-televizi\/","title":{"rendered":"Czech Tour v \u010cesk\u00e9 televizi"},"content":{"rendered":"\n<p><\/p>\n\n\n\n<p>Je\u0161t\u011b p\u0159ed \u0160koda Auto spole\u010dn\u00fdm mistrovstv\u00ed \u010desk\u00fdch a slovensk\u00fdch jezdc\u016f si \u010de\u0161t\u00ed p\u0159\u00edznivci cyklistiky p\u0159ijdou na sv\u00e9. Fandov\u00e9 cyklistiky, kte\u0159\u00ed se nebudou moci osobn\u011b z\u00fa\u010dastnit a fandit sv\u011btov\u00fdm cyklist\u016fm na Czech Tour (6. \u2013 9. srpna), &nbsp;nab\u00eddne \u010cT Sport obs\u00e1hl\u00e9 p\u0159enosy a nezapomenuteln\u00e9 z\u00e1\u017eitky z tohoto presti\u017en\u00edho z\u00e1vodu. Div\u00e1ci tak budou m\u00edt mo\u017enost vid\u011bt v\u0161e podstatn\u00e9 z hv\u011bzdn\u011b obsazen\u00e9ho startovn\u00edho pole.<\/p>\n\n\n\n<p>Z WorldTour t\u00fdm\u016f jsou ve startovn\u00ed listin\u011b jezdci st\u00e1j\u00ed Bahrain McLaren, Sunweb, Jumbo Visma, Bora Hansgrohe a Michelton Scott.&nbsp; &#8220;Jsme nad\u0161eni, \u017ee se na startu objev\u00ed opravdov\u00e1 sv\u011btov\u00e1 \u0161pi\u010dka a nab\u00eddne na\u0161im div\u00e1k\u016fm nezapomenuteln\u00e9 z\u00e1\u017eitky. Tak kvalitn\u00ed konkurence v \u010cesk\u00e9 republice je\u0161t\u011b nez\u00e1vodila,&#8221; je velmi spokojen\u00fd promot\u00e9r z\u00e1vodu z TTV Sport Group Jaroslav Va\u0161\u00ed\u010dek, kter\u00fd upozor\u0148uje i na n\u00e1ro\u010dnost z\u00e1vodu. \u201eNa jezdce \u010dek\u00e1 tra\u0165 se \u0161estn\u00e1cti vrcha\u0159sk\u00fdmi pr\u00e9miemi.\u201c<\/p>\n\n\n\n<p>Krom\u011b t\u00fdmu WorldTour p\u0159ijedou ale i dal\u0161\u00ed siln\u00e9 celky z&nbsp;kategorie Pro Continent\u00e1ln\u00ed t\u00fdmy, nap\u0159. UNO X, nebo Alpecin Fenix s Petrem Vako\u010dem, kter\u00fd tento podnik vyhr\u00e1l v&nbsp;roce 2015. Na skv\u011bl\u00e9 vystoupen\u00ed z minul\u00fdch let ur\u010dit\u011b budou cht\u00edt nav\u00e1zat z\u00e1vodn\u00edci nejlep\u0161\u00ed \u010desk\u00e9 st\u00e1je Elkov Kasper.<\/p>\n\n\n\n<p>Program Czech Tour 2020:<\/p>\n\n\n\n<p>6. srpna: t\u00fdmov\u00e1 \u010dasovka v Uni\u010dov\u011b (18,6 km)<\/p>\n\n\n\n<p>7. srpna: 2. etapa: Prost\u011bjov &#8211; Uni\u010dov (193,4 km)<\/p>\n\n\n\n<p>8. srpna: 3. etapa: Olomouc &#8211; Fr\u00fddek-M\u00edstek (209,8 km)<\/p>\n\n\n\n<p>9. srpna: 4. etapa: Mohelnice &#8211; \u0160ternberk (179,2 km)<\/p>\n\n\n\n<p>Program vys\u00edl\u00e1n\u00ed Czech Tour na \u010cT4.<\/p>\n\n\n\n<p>Program:<\/p>\n\n\n\n<p>6. srpna: 21:45 &#8211; pr\u016f\u0159ez \u010dasovkou t\u00fdm\u016f<\/p>\n\n\n\n<p>7. srpna: 5:30 &#8211; pr\u016f\u0159ez \u010dasovkou t\u00fdm\u016f<\/p>\n\n\n\n<p>&nbsp;&nbsp;&nbsp;&nbsp;&nbsp;&nbsp;&nbsp;&nbsp;&nbsp;&nbsp;&nbsp;&nbsp;&nbsp;&nbsp;&nbsp; 9:15 &#8211; zhodnocen\u00ed p\u0159ede\u0161l\u00e9ho dne Czech Tour<\/p>\n\n\n\n<p>&nbsp;&nbsp;&nbsp;&nbsp;&nbsp;&nbsp;&nbsp;&nbsp;&nbsp;&nbsp;&nbsp;&nbsp;&nbsp;&nbsp; 22:45 &#8211; 2. etapa Prost\u011bjov &#8211; Uni\u010dov<\/p>\n\n\n\n<p>8. srpna: 4:55 &#8211; 2. etapa Prost\u011bjov &#8211; Uni\u010dov<\/p>\n\n\n\n<p>&nbsp;&nbsp;&nbsp;&nbsp;&nbsp;&nbsp;&nbsp;&nbsp;&nbsp;&nbsp;&nbsp;&nbsp;&nbsp;&nbsp;&nbsp;&nbsp; 8:30 &#8211; zhodnocen\u00ed p\u0159ede\u0161l\u00e9ho dne Czech Tour<\/p>\n\n\n\n<p>&nbsp;&nbsp;&nbsp;&nbsp;&nbsp;&nbsp;&nbsp;&nbsp;&nbsp;&nbsp;&nbsp;&nbsp;&nbsp;&nbsp; 22:25 &#8211; 3. etapa Olomouc &#8211; Fr\u00fddek M\u00edstek<\/p>\n\n\n\n<p>9. srpna: 10:15 \u2013 zhodnocen\u00ed p\u0159ede\u0161l\u00e9ho dne<\/p>\n\n\n\n<p>&nbsp;&nbsp;&nbsp;&nbsp;&nbsp;&nbsp;&nbsp;&nbsp;&nbsp;&nbsp;&nbsp;&nbsp;&nbsp;&nbsp;&nbsp; 22:25 &#8211; 4. etapa Mohelnice &#8211; \u0160ternberk<\/p>\n\n\n\n<p>10. srpna:&nbsp; 5:25 &#8211; 4. etapa Mohelnice -\u0160ternberk<\/p>\n\n\n\n<figure class=\"wp-block-image size-large\"><img loading=\"lazy\" decoding=\"async\" width=\"456\" height=\"360\" src=\"https:\/\/www.czechcyclingfederation.com\/wp-content\/uploads\/2020\/07\/777-image.jpg\" alt=\"\" class=\"wp-image-1547\" srcset=\"https:\/\/www.czechcyclingfederation.com\/wp-content\/uploads\/2020\/07\/777-image.jpg 456w, https:\/\/www.czechcyclingfederation.com\/wp-content\/uploads\/2020\/07\/777-image-253x200.jpg 253w\" sizes=\"auto, (max-width: 456px) 100vw, 456px\" \/><\/figure>\n","protected":false},"excerpt":{"rendered":"<p>Je\u0161t\u011b p\u0159ed \u0160koda Auto spole\u010dn\u00fdm mistrovstv\u00ed \u010desk\u00fdch a slovensk\u00fdch jezdc\u016f si \u010de\u0161t\u00ed p\u0159\u00edznivci cyklistiky p\u0159ijdou na sv\u00e9. Fandov\u00e9 cyklistiky, kte\u0159\u00ed se nebudou moci osobn\u011b z\u00fa\u010dastnit a fandit sv\u011btov\u00fdm cyklist\u016fm na Czech Tour (6. \u2013 9. srpna), &nbsp;nab\u00eddne \u010cT Sport obs\u00e1hl\u00e9 p\u0159enosy a nezapomenuteln\u00e9 z\u00e1\u017eitky z tohoto presti\u017en\u00edho z\u00e1vodu. Div\u00e1ci tak budou m\u00edt mo\u017enost vid\u011bt v\u0161e [&hellip;]<\/p>\n","protected":false},"author":8,"featured_media":1546,"comment_status":"closed","ping_status":"open","sticky":false,"template":"","format":"standard","meta":{"footnotes":""},"categories":[2,18],"tags":[11],"class_list":["post-1545","post","type-post","status-publish","format-standard","has-post-thumbnail","hentry","category-novinky","category-silnice","tag-silnice"],"_links":{"self":[{"href":"https:\/\/www.czechcyclingfederation.com\/en\/wp-json\/wp\/v2\/posts\/1545","targetHints":{"allow":["GET"]}}],"collection":[{"href":"https:\/\/www.czechcyclingfederation.com\/en\/wp-json\/wp\/v2\/posts"}],"about":[{"href":"https:\/\/www.czechcyclingfederation.com\/en\/wp-json\/wp\/v2\/types\/post"}],"author":[{"embeddable":true,"href":"https:\/\/www.czechcyclingfederation.com\/en\/wp-json\/wp\/v2\/users\/8"}],"replies":[{"embeddable":true,"href":"https:\/\/www.czechcyclingfederation.com\/en\/wp-json\/wp\/v2\/comments?post=1545"}],"version-history":[{"count":3,"href":"https:\/\/www.czechcyclingfederation.com\/en\/wp-json\/wp\/v2\/posts\/1545\/revisions"}],"predecessor-version":[{"id":1565,"href":"https:\/\/www.czechcyclingfederation.com\/en\/wp-json\/wp\/v2\/posts\/1545\/revisions\/1565"}],"wp:featuredmedia":[{"embeddable":true,"href":"https:\/\/www.czechcyclingfederation.com\/en\/wp-json\/wp\/v2\/media\/1546"}],"wp:attachment":[{"href":"https:\/\/www.czechcyclingfederation.com\/en\/wp-json\/wp\/v2\/media?parent=1545"}],"wp:term":[{"taxonomy":"category","embeddable":true,"href":"https:\/\/www.czechcyclingfederation.com\/en\/wp-json\/wp\/v2\/categories?post=1545"},{"taxonomy":"post_tag","embeddable":true,"href":"https:\/\/www.czechcyclingfederation.com\/en\/wp-json\/wp\/v2\/tags?post=1545"}],"curies":[{"name":"wp","href":"https:\/\/api.w.org\/{rel}","templated":true}]}}