{"id":15380,"date":"2023-03-27T18:07:31","date_gmt":"2023-03-27T16:07:31","guid":{"rendered":"https:\/\/www.czechcyclingfederation.com\/?p=15380"},"modified":"2023-03-27T18:07:33","modified_gmt":"2023-03-27T16:07:33","slug":"slanikova-skoncila-druha-v-rakouskem-leondingu","status":"publish","type":"post","link":"https:\/\/www.czechcyclingfederation.com\/en\/slanikova-skoncila-druha-v-rakouskem-leondingu\/","title":{"rendered":"Slan\u00edkov\u00e1 skon\u010dila druh\u00e1 v rakousk\u00e9m Leondingu"},"content":{"rendered":"\n<p>Druh\u00e9 m\u00edsto vybojovala Nela Slan\u00edkov\u00e1 z Team Dukla Praha v 62. ro\u010dn\u00edku silni\u010dn\u00edho z\u00e1vodu Radsaison &#8211; Er\u00f6ffnungsennen v rakousk\u00e9m Leondingu. Slan\u00edkov\u00e1 vyhr\u00e1la po 64,8 kilometrech spurt skupiny, kter\u00e9 odjela N\u011bmka Katharina Foxov\u00e1 a do c\u00edle dorazila osamocen\u011b prvn\u00ed.<\/p>\n\n\n\n<p>\u010cesk\u00e1 z\u00e1vodnice jako nov\u00e1\u010dek v kategorii \u017een triumfovala nav\u00edc v kategorii do 23 let. Do prvn\u00ed dvac\u00edtky se je\u0161t\u011b ve\u0161ly dal\u0161\u00ed z\u00e1vodnice Dukly Praha &#8211; t\u0159in\u00e1ct\u00e1 Jarmila Macha\u010dov\u00e1, osmn\u00e1ct\u00e1 Nicole Hartychov\u00e1 a dvac\u00e1t\u00e1 Barbora N\u011bmcov\u00e1.<\/p>\n\n\n\n<p>V\u00fdsledky:<\/p>\n\n\n\n<p>1. Foxov\u00e1 (N\u011bm.) 1:4:00, 2. Slan\u00edkov\u00e1 (\u010cR), 3. Ventkerov\u00e1 (N\u011bm.), 4. Zsankoov\u00e1 (Ma\u010f.), 5. Gschwentnerov\u00e1 (Rak.), 6. Schoppeov\u00e1 (N\u011bm.), &#8230;13. Macha\u010dov\u00e1, 18. Hartychov\u00e1 v\u0161echny +2:30, 20. N\u011bmcov\u00e1 (v\u0161echny \u010cR) +2:32.<\/p>\n\n\n\n<p>FOTO Luk\u00e1\u0161 Thun<\/p>\n\n\n\n<figure class=\"wp-block-image size-large\"><img loading=\"lazy\" decoding=\"async\" width=\"1024\" height=\"768\" src=\"http:\/\/www.czechcyclingfederation.com\/wp-content\/uploads\/2023\/03\/b417ab40-e9f8-409c-965a-c1b8e131d0e2.jpg\" alt=\"\" class=\"wp-image-15381\" srcset=\"https:\/\/www.czechcyclingfederation.com\/wp-content\/uploads\/2023\/03\/b417ab40-e9f8-409c-965a-c1b8e131d0e2.jpg 1024w, https:\/\/www.czechcyclingfederation.com\/wp-content\/uploads\/2023\/03\/b417ab40-e9f8-409c-965a-c1b8e131d0e2-267x200.jpg 267w, https:\/\/www.czechcyclingfederation.com\/wp-content\/uploads\/2023\/03\/b417ab40-e9f8-409c-965a-c1b8e131d0e2-768x576.jpg 768w\" sizes=\"auto, (max-width: 1024px) 100vw, 1024px\" \/><\/figure>\n","protected":false},"excerpt":{"rendered":"<p>Druh\u00e9 m\u00edsto vybojovala Nela Slan\u00edkov\u00e1 z Team Dukla Praha v 62. ro\u010dn\u00edku silni\u010dn\u00edho z\u00e1vodu Radsaison &#8211; Er\u00f6ffnungsennen v rakousk\u00e9m Leondingu. Slan\u00edkov\u00e1 vyhr\u00e1la po 64,8 kilometrech spurt skupiny, kter\u00e9 odjela N\u011bmka Katharina Foxov\u00e1 a do c\u00edle dorazila osamocen\u011b prvn\u00ed. \u010cesk\u00e1 z\u00e1vodnice jako nov\u00e1\u010dek v kategorii \u017een triumfovala nav\u00edc v kategorii do 23 let. Do prvn\u00ed dvac\u00edtky [&hellip;]<\/p>\n","protected":false},"author":8,"featured_media":15382,"comment_status":"closed","ping_status":"open","sticky":false,"template":"","format":"standard","meta":{"footnotes":""},"categories":[2,18],"tags":[11],"class_list":["post-15380","post","type-post","status-publish","format-standard","has-post-thumbnail","hentry","category-novinky","category-silnice","tag-silnice"],"_links":{"self":[{"href":"https:\/\/www.czechcyclingfederation.com\/en\/wp-json\/wp\/v2\/posts\/15380","targetHints":{"allow":["GET"]}}],"collection":[{"href":"https:\/\/www.czechcyclingfederation.com\/en\/wp-json\/wp\/v2\/posts"}],"about":[{"href":"https:\/\/www.czechcyclingfederation.com\/en\/wp-json\/wp\/v2\/types\/post"}],"author":[{"embeddable":true,"href":"https:\/\/www.czechcyclingfederation.com\/en\/wp-json\/wp\/v2\/users\/8"}],"replies":[{"embeddable":true,"href":"https:\/\/www.czechcyclingfederation.com\/en\/wp-json\/wp\/v2\/comments?post=15380"}],"version-history":[{"count":1,"href":"https:\/\/www.czechcyclingfederation.com\/en\/wp-json\/wp\/v2\/posts\/15380\/revisions"}],"predecessor-version":[{"id":15383,"href":"https:\/\/www.czechcyclingfederation.com\/en\/wp-json\/wp\/v2\/posts\/15380\/revisions\/15383"}],"wp:featuredmedia":[{"embeddable":true,"href":"https:\/\/www.czechcyclingfederation.com\/en\/wp-json\/wp\/v2\/media\/15382"}],"wp:attachment":[{"href":"https:\/\/www.czechcyclingfederation.com\/en\/wp-json\/wp\/v2\/media?parent=15380"}],"wp:term":[{"taxonomy":"category","embeddable":true,"href":"https:\/\/www.czechcyclingfederation.com\/en\/wp-json\/wp\/v2\/categories?post=15380"},{"taxonomy":"post_tag","embeddable":true,"href":"https:\/\/www.czechcyclingfederation.com\/en\/wp-json\/wp\/v2\/tags?post=15380"}],"curies":[{"name":"wp","href":"https:\/\/api.w.org\/{rel}","templated":true}]}}