{"id":15365,"date":"2023-03-26T16:58:06","date_gmt":"2023-03-26T14:58:06","guid":{"rendered":"https:\/\/www.czechcyclingfederation.com\/?p=15365"},"modified":"2023-03-26T20:58:07","modified_gmt":"2023-03-26T18:58:07","slug":"skoda-cup-v-bitesi-ovladl-pavel-kelemen","status":"publish","type":"post","link":"https:\/\/www.czechcyclingfederation.com\/en\/skoda-cup-v-bitesi-ovladl-pavel-kelemen\/","title":{"rendered":"\u0160KODA CUP v B\u00edte\u0161i ovl\u00e1dl Pavel Kelemen"},"content":{"rendered":"\n<p>\u010cesk\u00fd poh\u00e1r na silnici, kter\u00fd se jezd\u00ed pod n\u00e1zvem \u0160KODA CUP, odstartoval v&nbsp;n\u011bd\u011bli 26.3. ve Velk\u00e9 B\u00edte\u0161i. Z\u00e1vodu dominoval t\u00fdm ATT Investments. Pavel Kelemen pro sebe v&nbsp;z\u00e1v\u011bre\u010dn\u00e9m spurtu rozhodl, kdy\u017e p\u0159esprintoval Dominika Neumana z&nbsp;Elkov Kasper a Richarda Holce z&nbsp;TUFO Pardus Prost\u011bjov. Po\u0159ad\u00ed v&nbsp;kategorii do 23 let ovl\u00e1dl Filip Ch\u00fdle (ATT Investments), kter\u00fd se z\u00e1rove\u0148 stal tak\u00e9 nejlep\u0161\u00edm nov\u00e1\u010dkem sout\u011b\u017ee.<\/p>\n\n\n\n<p>Prvn\u00ed vrchol dom\u00e1c\u00ed sezony p\u0159inesl dramatick\u00fd z\u00e1vod o d\u00e9lce trati 162 km a podle o\u010dek\u00e1v\u00e1n\u00ed tak\u00e9 souboj jezdc\u016f dvou na\u0161ich nejlep\u0161\u00edch st\u00e1j\u00ed ATT Investments a Elkov Kasper. V\u00edt\u011bzn\u011b z n\u011bj po skv\u011bl\u00e9m z\u00e1v\u011bru vy\u0161li z\u00e1vodn\u00edci prvn\u011b jmenovan\u00e9 st\u00e1je, krom\u011b v\u00edt\u011bze skon\u010dili v elitn\u00ed des\u00edtce je\u0161t\u011b Daniel Turek, Jakub Otruba, Ji\u0159\u00ed Petru\u0161 a slovensk\u00fd jezdec Mat\u00fa\u0161 \u0160to\u010dek.<\/p>\n\n\n\n<div class=\"wp-block-image\"><figure class=\"aligncenter size-large is-resized\"><img loading=\"lazy\" decoding=\"async\" src=\"https:\/\/www.czechcyclingfederation.com\/wp-content\/uploads\/2023\/03\/DSC_1511-1024x682.jpg\" alt=\"\" class=\"wp-image-15367\" width=\"609\" height=\"405\" srcset=\"https:\/\/www.czechcyclingfederation.com\/wp-content\/uploads\/2023\/03\/DSC_1511-1024x682.jpg 1024w, https:\/\/www.czechcyclingfederation.com\/wp-content\/uploads\/2023\/03\/DSC_1511-300x200.jpg 300w, https:\/\/www.czechcyclingfederation.com\/wp-content\/uploads\/2023\/03\/DSC_1511-768x511.jpg 768w, https:\/\/www.czechcyclingfederation.com\/wp-content\/uploads\/2023\/03\/DSC_1511-1536x1022.jpg 1536w, https:\/\/www.czechcyclingfederation.com\/wp-content\/uploads\/2023\/03\/DSC_1511-2048x1363.jpg 2048w, https:\/\/www.czechcyclingfederation.com\/wp-content\/uploads\/2023\/03\/DSC_1511-1320x879.jpg 1320w\" sizes=\"auto, (max-width: 609px) 100vw, 609px\" \/><\/figure><\/div>\n\n\n\n<p>B\u011bhem z\u00e1vodu se rodil jeden \u00fanik za druh\u00fdm, po polovin\u011b z\u00e1vodu se na \u010dele vykrystalizovala skupina 12 jezdc\u016f v n\u011bm\u017e m\u011bli po dvou z\u00e1stupc\u00edch ATT Investmens (Jan Ka\u0161par, Ji\u0159\u00ed Petru\u0161) a Elkov Kasper (Michael Boro\u0161, Daniel Mr\u00e1z). Do z\u00e1v\u011bre\u010dn\u00e9ho okruhu dlouh\u00e9ho 18 kilometr\u016f vj\u00ed\u017ed\u011bla skupina s n\u00e1skokem minuty a p\u016fl.<\/p>\n\n\n\n<p>Z n\u00ed se odpoutala trojice Boro\u0161, Petru\u0161 a polsk\u00fd cyklista Pawel Szostka. Ti si vypracovali n\u00e1skok, kter\u00fd vypadal, \u017ee pr\u00e1v\u011b z tohoto tria vzejde v\u00edt\u011bz, ov\u0161em proti byli cyklist\u00e9 ATT Investmens. V posledn\u00edch kilometrech rozjeli v hlavn\u00edm poli ostr\u00e9 tempo, nejprve dojeli zbytek jezdc\u016f z p\u016fvodn\u00ed vedouc\u00ed skupiny a asi kilometr p\u0159ed c\u00edlovou p\u00e1skou dokonce i dosud vedouc\u00ed trio. A nav\u00edc skv\u011ble p\u0159ipravili spurt pro Pavla Kelemena. Mistr Evropy z roku 2017 z keirinu n\u00e1sledn\u011b prok\u00e1zal svoji rychlost a vybojoval sv\u016fj nejlep\u0161\u00ed silni\u010dn\u00ed v\u00fdsledek.<\/p>\n\n\n\n<p>&#8220;T\u011b\u017ek\u00e9 to ur\u010dit\u011b bylo, ale m\u011bl jsem za sebou siln\u00fd t\u00fdm a ten m\u011b dovezl do spurtu. Kluci jeli \u0161ikovn\u011b, v z\u00e1v\u011bru p\u0159i terez\u00ednu jsme si to dirigovali tak, abychom byli v dobr\u00fdch pozic\u00edch a pak to bylo ji\u017e jen na m\u011b,&#8221; \u0159ekl Pavel Kelemen, kter\u00fd p\u0159iznal, \u017ee taktika t\u00fdmu byla postavena, aby m\u011bl pr\u00e1v\u011b on co nejlep\u0161\u00ed pozici do spurtu.<\/p>\n\n\n\n<p>\u201eJsme velmi spokojen\u00ed, takticky se n\u00e1m z\u00e1vod povedl, kluci jeli perfektn\u011b a nav\u00edc jsme ovl\u00e1dli v\u0161echny 3 vyhla\u0161ovan\u00e9 kategorie, ne\u0161lo si p\u0159\u00e1t v\u00edc,\u201c uvedl po z\u00e1vod\u011b spokojen\u00fd \u0161\u00e9f t\u00fdmu ATT Investments Radim Kyjevsk\u00fd.<\/p>\n\n\n\n<p><strong>V\u00fdsledky:<\/strong><\/p>\n\n\n\n<p>1. P. Kelemen (ATT Investments) 3:52:50, 2. Neuman (Elkov Kasper), 3. Holec (TUFO Pardus Prost\u011bjov, 4. Paterski (Pol.\/Voster ATS Team), 5. Sz\u00f3stka (Pol.), 6. Otruba (ATT Investments) v\u0161ichni stejn\u00fd \u010das.<\/p>\n\n\n\n<p><strong>Nejlep\u0161\u00ed jezdec kategorie U23<\/strong>: Filip Ch\u00fdle (ATT Investmnens)<\/p>\n\n\n\n<p><strong>Nejlep\u0161\u00ed nov\u00e1\u010dek<\/strong>: Filip Ch\u00fdle.FOTO: Jan Brychta&nbsp;<\/p>\n","protected":false},"excerpt":{"rendered":"<p>\u010cesk\u00fd poh\u00e1r na silnici, kter\u00fd se jezd\u00ed pod n\u00e1zvem \u0160KODA CUP, odstartoval v&nbsp;n\u011bd\u011bli 26.3. ve Velk\u00e9 B\u00edte\u0161i. Z\u00e1vodu dominoval t\u00fdm ATT Investments. Pavel Kelemen pro sebe v&nbsp;z\u00e1v\u011bre\u010dn\u00e9m spurtu rozhodl, kdy\u017e p\u0159esprintoval Dominika Neumana z&nbsp;Elkov Kasper a Richarda Holce z&nbsp;TUFO Pardus Prost\u011bjov. Po\u0159ad\u00ed v&nbsp;kategorii do 23 let ovl\u00e1dl Filip Ch\u00fdle (ATT Investments), kter\u00fd se z\u00e1rove\u0148 stal [&hellip;]<\/p>\n","protected":false},"author":8,"featured_media":15375,"comment_status":"closed","ping_status":"open","sticky":false,"template":"","format":"standard","meta":{"footnotes":""},"categories":[17,2,18],"tags":[11],"class_list":["post-15365","post","type-post","status-publish","format-standard","has-post-thumbnail","hentry","category-discipliny","category-novinky","category-silnice","tag-silnice"],"_links":{"self":[{"href":"https:\/\/www.czechcyclingfederation.com\/en\/wp-json\/wp\/v2\/posts\/15365","targetHints":{"allow":["GET"]}}],"collection":[{"href":"https:\/\/www.czechcyclingfederation.com\/en\/wp-json\/wp\/v2\/posts"}],"about":[{"href":"https:\/\/www.czechcyclingfederation.com\/en\/wp-json\/wp\/v2\/types\/post"}],"author":[{"embeddable":true,"href":"https:\/\/www.czechcyclingfederation.com\/en\/wp-json\/wp\/v2\/users\/8"}],"replies":[{"embeddable":true,"href":"https:\/\/www.czechcyclingfederation.com\/en\/wp-json\/wp\/v2\/comments?post=15365"}],"version-history":[{"count":1,"href":"https:\/\/www.czechcyclingfederation.com\/en\/wp-json\/wp\/v2\/posts\/15365\/revisions"}],"predecessor-version":[{"id":15368,"href":"https:\/\/www.czechcyclingfederation.com\/en\/wp-json\/wp\/v2\/posts\/15365\/revisions\/15368"}],"wp:featuredmedia":[{"embeddable":true,"href":"https:\/\/www.czechcyclingfederation.com\/en\/wp-json\/wp\/v2\/media\/15375"}],"wp:attachment":[{"href":"https:\/\/www.czechcyclingfederation.com\/en\/wp-json\/wp\/v2\/media?parent=15365"}],"wp:term":[{"taxonomy":"category","embeddable":true,"href":"https:\/\/www.czechcyclingfederation.com\/en\/wp-json\/wp\/v2\/categories?post=15365"},{"taxonomy":"post_tag","embeddable":true,"href":"https:\/\/www.czechcyclingfederation.com\/en\/wp-json\/wp\/v2\/tags?post=15365"}],"curies":[{"name":"wp","href":"https:\/\/api.w.org\/{rel}","templated":true}]}}