{"id":1536,"date":"2020-07-25T13:42:29","date_gmt":"2020-07-25T11:42:29","guid":{"rendered":"http:\/\/www.czechcyclingfederation.com\/?p=1536"},"modified":"2020-07-28T00:24:48","modified_gmt":"2020-07-27T22:24:48","slug":"silnicni-sampionat-vse-je-pripravene-ceka-se-jen-viteze","status":"publish","type":"post","link":"https:\/\/www.czechcyclingfederation.com\/en\/silnicni-sampionat-vse-je-pripravene-ceka-se-jen-viteze\/","title":{"rendered":"Silni\u010dn\u00ed \u0161ampion\u00e1t: v\u0161e je p\u0159ipraven\u00e9, \u010dek\u00e1 se jen na v\u00edt\u011bze"},"content":{"rendered":"\n<p><\/p>\n\n\n\n<p>\u0160koda Auto mistrovstv\u00ed \u010cesk\u00e9 a Slovensk\u00e9 republiky v silni\u010dn\u00ed cyklistice 2020 se uskute\u010dn\u00ed v Mlad\u00e9 Boleslavi, m\u011bst\u011b sportu a volno\u010dasov\u00fdch aktivit, a to ve dnech 20. srpna (\u010dasovka) a 22. srpna (hromadn\u00fd z\u00e1vod). Na start se postav\u00ed v\u011bt\u0161ina, jak na\u0161ich, tak slovensk\u00fdch, nejlep\u0161\u00edch cyklist\u016f sou\u010dasnosti, v\u010detn\u011b t\u011bch z WorldTour.<\/p>\n\n\n\n<p>Po\u0159adatel\u00e9 samoz\u0159ejm\u011b doufaj\u00ed, \u017ee se na trati objev\u00ed opravdu kompletn\u00ed \u010desk\u00e1 a slovensk\u00e1 elita a hlavn\u011b, \u017ee se kolem velmi n\u00e1ro\u010dn\u00e9 trati sejde co nejv\u00edce div\u00e1k\u016f. Byla by toti\u017e ur\u010dit\u011b \u201e\u0160KODA\u201c se nep\u0159ij\u00edt pod\u00edvat. Jinak \u0159e\u010deno, \u017ee to bude \u0161ampion\u00e1t se v\u0161\u00edm v\u0161udy, trat\u011b jsou opravdu n\u00e1ro\u010dn\u00e9.<\/p>\n\n\n\n<p>&#8220;I kdy\u017e se \u010dasovka jede t\u00e9m\u011b\u0159 na rovin\u011b a m\u00e1 na trati jen p\u00e1r technick\u00fdch pas\u00e1\u017e\u00ed, hlavn\u011b v zat\u00e1\u010dk\u00e1ch, a tak\u00e9 vzhledem k tomu, \u017ee je cel\u00e1 po t\u00e9m\u011b\u0159 nov\u00e9m povrchu, a tam, kde ne, se ji\u017e opravuje, jev t\u00e9m\u011b\u0159 nev\u00eddan\u00fd, kter\u00fd se po\u0159adatelsk\u00e9mu t\u00fdmu povedl. Ale jak jsem ji\u017e \u0159\u00edkal, bez podpory m\u011bsta Mlad\u00e9 Boleslavi by se to nikdy nepovedlo. Pole a p\u0159\u00edkopy budou posekan\u00e9, tak je jasn\u00e9, \u017ee nejv\u011bt\u0161\u00edm pomocn\u00edkem chronometru a tedy protivn\u00edkem a nep\u0159\u00edtelem z\u00e1vodn\u00edk\u016f, bude velmi pravd\u011bpodobn\u011b v\u00edtr v absolutn\u011b otev\u0159en\u00e9 krajin\u011b. No m\u00e1me se na co t\u011b\u0161it,&#8221; \u0159\u00edk\u00e1 za organiz\u00e1tory Michal Kopeck\u00fd.<\/p>\n\n\n\n<p>Ve \u010dtvrtek odstartuje prvn\u00ed juniorka ve 14:00, prvn\u00ed \u017eena v 15:00 a prvn\u00ed mu\u017e vyraz\u00ed na tra\u0165 v 17:00. Dojezd posledn\u00edho z\u00e1vodn\u00edka bude kolem 19:30. V sobotu se na start silni\u010dn\u00edho z\u00e1vodu postav\u00ed \u017eeny Elite spole\u010dn\u011b s juniorkami p\u0159esn\u011b v 9:00, hlavn\u00ed z\u00e1vod bude od 14:00 pro kategorie mu\u017e\u016f Elite a kategorie U23, samoz\u0159ejm\u011b spole\u010dn\u011b se slovensk\u00fdmi jezdci.<\/p>\n\n\n\n<p>A zde o trati rad\u0161i ani nemluv\u011b. Tady o v\u00edtr ur\u010dit\u011b a\u017e zase tolik nep\u016fjde. Ale m\u00e1lo vyz\u00e1vod\u011bn\u00ed \u00fa\u010dastn\u00edci budou muset poko\u0159it dva velmi n\u00e1ro\u010dn\u00e9 kopce. Na jednom z nich se jezd\u00ed i mistrovstv\u00ed automobil\u016f do vrchu, jen\u017ee kola s pomocn\u00fdm motorkem nejsou dovolena. A zdolat kopec budou muset hned n\u011bkolikr\u00e1t. Bez toho to prost\u011b nep\u016fjde. T\u011b\u017ek\u00e1 to zkou\u0161ka adept\u016f republikov\u00fdch titul\u016f pro rok 2020. A co teprve taktika, jak \u010desk\u00e1, tak mo\u017en\u00e1 i \u010desko-slovensk\u00e1. No uvid\u00edme.<\/p>\n\n\n\n<p>A kdyby se snad n\u011bjak\u00fd fanou\u0161ek nemohl p\u0159ijet do Mlad\u00e9 Boleslavi pod\u00edvat, pak \u010cesk\u00e1 televize p\u0159iprav\u00ed zpravodajstv\u00ed, sest\u0159ih a hlavn\u011b &#8211; p\u0159\u00edm\u00fd p\u0159enos elitn\u00edho z\u00e1vodu od 13:50 do 19:30. Ale byla by asi velk\u00e1 \u0161koda u toho neb\u00fdt.<\/p>\n\n\n\n<p>&#8220;Tra\u0165 je skute\u010dn\u011b n\u00e1ro\u010dn\u00e1, sv\u00fdm profilem bych to p\u0159irovnal k jarn\u00edm klasik\u00e1m. Prvn\u00ed selekce pravd\u011bpodobn\u011b prob\u011bhne ji\u017e na mimom\u011bstsk\u00e9m okruhu, kde se kopec bude opravdu zaj\u00eddat. Ale z\u00e1vod se bude nejsp\u00ed\u0161e rozhodovat a\u017e v z\u00e1v\u011bre\u010dn\u00fdch okruz\u00edch,&#8221; \u0159ekl po projet\u00ed z\u00e1vodn\u00ed trasy Petr Vako\u010d, mistr republiky v silni\u010dn\u00edm z\u00e1vod\u011b 2015 a hlavn\u011b jeden z adept\u016f a asi i favorit\u016f na leto\u0161n\u00ed titul.<\/p>\n\n\n\n<p>\u201eTo u\u017e v\u00edme, ale nev\u00edme v jak\u00e9m \u010dase Petr Vako\u010d ty dva opravdu velmi t\u011b\u017ek\u00e9 kopce p\u0159i obhl\u00eddce trati zajel. Respektive v\u00edme, ale kdy\u017e to prozrad\u00edme, nebude m\u00edt smysl sout\u011b\u017e, kter\u00e1 se ji\u017e rozeb\u011bhla na facebooku silni\u010dn\u00ed cyklistiky, za co\u017e vd\u011b\u010d\u00edme \u010desk\u00e9mu reprezentantovi, kter\u00fd si v\u0161e zm\u011b\u0159il a Tom\u00e1\u0161i Kone\u010dn\u00e9mu, kter\u00fd v\u0161e p\u0159ipravil,\u201c pokra\u010doval Michal Kopeck\u00fd.<\/p>\n\n\n\n<p>Tipujte. Odm\u011bnou budou dv\u011b V.I.P. vstupenky do sobotn\u00ed z\u00e1vod a tak\u00e9 reprezenta\u010dn\u00ed dres, podepsan\u00fd pr\u00e1v\u011b Petrem Vako\u010dem. V\u0161e bude v\u00edt\u011bzi p\u0159ed\u00e1no v sobotu 22. srpna p\u0159\u00edmo v m\u00edst\u011b startu a c\u00edle \u0161ampion\u00e1tu.<\/p>\n\n\n\n<p>Odkaz na facebook: https:\/\/www.facebook.com\/czechcyclingfederation\/<\/p>\n\n\n\n<p>Odkaz na mapku z\u00e1vodu na mapy.cz: https:\/\/mapy.cz\/s\/bomatuhecu<\/p>\n\n\n\n<p>Odkaz na mapku z\u00e1vodu na mapy.cz: https:\/\/mapy.cz\/s\/konajopufu<\/p>\n\n\n\n<figure class=\"wp-block-image size-large\"><img loading=\"lazy\" decoding=\"async\" width=\"1024\" height=\"248\" src=\"https:\/\/www.czechcyclingfederation.com\/wp-content\/uploads\/2020\/07\/Logo-SKO033_logo-cs-sk-mistrovstvi_04jj-02-1-1024x248.jpg\" alt=\"\" class=\"wp-image-1538\" srcset=\"https:\/\/www.czechcyclingfederation.com\/wp-content\/uploads\/2020\/07\/Logo-SKO033_logo-cs-sk-mistrovstvi_04jj-02-1-1024x248.jpg 1024w, https:\/\/www.czechcyclingfederation.com\/wp-content\/uploads\/2020\/07\/Logo-SKO033_logo-cs-sk-mistrovstvi_04jj-02-1-300x73.jpg 300w, https:\/\/www.czechcyclingfederation.com\/wp-content\/uploads\/2020\/07\/Logo-SKO033_logo-cs-sk-mistrovstvi_04jj-02-1-768x186.jpg 768w, https:\/\/www.czechcyclingfederation.com\/wp-content\/uploads\/2020\/07\/Logo-SKO033_logo-cs-sk-mistrovstvi_04jj-02-1-1536x372.jpg 1536w, https:\/\/www.czechcyclingfederation.com\/wp-content\/uploads\/2020\/07\/Logo-SKO033_logo-cs-sk-mistrovstvi_04jj-02-1-1320x320.jpg 1320w, https:\/\/www.czechcyclingfederation.com\/wp-content\/uploads\/2020\/07\/Logo-SKO033_logo-cs-sk-mistrovstvi_04jj-02-1.jpg 1754w\" sizes=\"auto, (max-width: 1024px) 100vw, 1024px\" \/><\/figure>\n","protected":false},"excerpt":{"rendered":"<p>\u0160koda Auto mistrovstv\u00ed \u010cesk\u00e9 a Slovensk\u00e9 republiky v silni\u010dn\u00ed cyklistice 2020 se uskute\u010dn\u00ed v Mlad\u00e9 Boleslavi, m\u011bst\u011b sportu a volno\u010dasov\u00fdch aktivit, a to ve dnech 20. srpna (\u010dasovka) a 22. srpna (hromadn\u00fd z\u00e1vod). Na start se postav\u00ed v\u011bt\u0161ina, jak na\u0161ich, tak slovensk\u00fdch, nejlep\u0161\u00edch cyklist\u016f sou\u010dasnosti, v\u010detn\u011b t\u011bch z WorldTour. Po\u0159adatel\u00e9 samoz\u0159ejm\u011b doufaj\u00ed, \u017ee se na [&hellip;]<\/p>\n","protected":false},"author":8,"featured_media":1542,"comment_status":"closed","ping_status":"open","sticky":false,"template":"","format":"standard","meta":{"footnotes":""},"categories":[2,18],"tags":[11],"class_list":["post-1536","post","type-post","status-publish","format-standard","has-post-thumbnail","hentry","category-novinky","category-silnice","tag-silnice"],"_links":{"self":[{"href":"https:\/\/www.czechcyclingfederation.com\/en\/wp-json\/wp\/v2\/posts\/1536","targetHints":{"allow":["GET"]}}],"collection":[{"href":"https:\/\/www.czechcyclingfederation.com\/en\/wp-json\/wp\/v2\/posts"}],"about":[{"href":"https:\/\/www.czechcyclingfederation.com\/en\/wp-json\/wp\/v2\/types\/post"}],"author":[{"embeddable":true,"href":"https:\/\/www.czechcyclingfederation.com\/en\/wp-json\/wp\/v2\/users\/8"}],"replies":[{"embeddable":true,"href":"https:\/\/www.czechcyclingfederation.com\/en\/wp-json\/wp\/v2\/comments?post=1536"}],"version-history":[{"count":2,"href":"https:\/\/www.czechcyclingfederation.com\/en\/wp-json\/wp\/v2\/posts\/1536\/revisions"}],"predecessor-version":[{"id":1540,"href":"https:\/\/www.czechcyclingfederation.com\/en\/wp-json\/wp\/v2\/posts\/1536\/revisions\/1540"}],"wp:featuredmedia":[{"embeddable":true,"href":"https:\/\/www.czechcyclingfederation.com\/en\/wp-json\/wp\/v2\/media\/1542"}],"wp:attachment":[{"href":"https:\/\/www.czechcyclingfederation.com\/en\/wp-json\/wp\/v2\/media?parent=1536"}],"wp:term":[{"taxonomy":"category","embeddable":true,"href":"https:\/\/www.czechcyclingfederation.com\/en\/wp-json\/wp\/v2\/categories?post=1536"},{"taxonomy":"post_tag","embeddable":true,"href":"https:\/\/www.czechcyclingfederation.com\/en\/wp-json\/wp\/v2\/tags?post=1536"}],"curies":[{"name":"wp","href":"https:\/\/api.w.org\/{rel}","templated":true}]}}