{"id":15349,"date":"2023-03-23T20:40:11","date_gmt":"2023-03-23T19:40:11","guid":{"rendered":"https:\/\/www.czechcyclingfederation.com\/?p=15349"},"modified":"2023-03-23T20:40:13","modified_gmt":"2023-03-23T19:40:13","slug":"adam-toupalik-ovladl-gp-goriska-a-vipava-valley","status":"publish","type":"post","link":"https:\/\/www.czechcyclingfederation.com\/en\/adam-toupalik-ovladl-gp-goriska-a-vipava-valley\/","title":{"rendered":"Adam \u0164oupal\u00edk ovl\u00e1dl GP Goriska a Vipava Valley"},"content":{"rendered":"\n<p>V z\u00e1vod\u011b UCI kategorie 1.2 na 154 kilometr\u016f ve Slovinsku si p\u0159ipsal jezdec \u010desk\u00e9 st\u00e1je Elkov Kasper Adam \u0164oupal\u00edk u\u017e druh\u00e9 v\u00edt\u011bzstv\u00ed v sez\u00f3n\u011b a jen v b\u0159eznu nasb\u00edral u\u017e p\u011bt p\u00f3diov\u00fdch um\u00edst\u011bn\u00ed a 143 UCI bod\u016f.<\/p>\n\n\n\n<p>\u010cesk\u00fd jezdec za\u00fato\u010dil p\u0159ed vrcholem posledn\u00edho stoup\u00e1n\u00ed a c\u00edlem projel s n\u00e1skokem dvou vte\u0159in. Z\u00e1vodn\u00edci st\u00e1je Elkov Kasper na okruz\u00edch kolem Nov\u00e9 Gorice kontrolovali pozice v hlavn\u00ed skupin\u011b a pod\u00edleli se zlikvidov\u00e1n\u00ed a\u017e p\u011btiminutov\u00e9ho n\u00e1skoku t\u0159\u00ed\u010dlenn\u00e9ho \u00faniku, z n\u011bj\u017e a\u017e do p\u0159edposledn\u00edho kilometru z\u016fstal na \u010dele Ital Alex Tolio. \u0164oupal\u00edk vsadil p\u0159ed vrcholem z\u00e1v\u011bre\u010dn\u00e9ho stoup\u00e1n\u00ed a v prudk\u00e9m sjezdu a c\u00edlov\u00e9 rovince nedal sv\u00fdm pron\u00e1sledovatel\u016fm \u0161anci.<\/p>\n\n\n\n<p>\u201eTrojice v \u00faniku m\u011bla opravdu velk\u00fd n\u00e1skok a nebylo jednoduch\u00e9 se jim p\u0159ibl\u00ed\u017eit. P\u016fvodn\u011b jsme pl\u00e1novali, \u017ee Filip \u0158eha nebo Jan Luke\u0161 nasko\u010d\u00ed do \u00faniku, ale v polovin\u011b z\u00e1vodu jsme museli taktiku p\u0159ehodnotit a sna\u017eit se za ka\u017edou cenu sjet \u00fanik. To se sice povedlo, ale bylo to opravdu na hran\u011b,\u201c popisoval z\u00e1vod Adam \u0164oupal\u00edk.<\/p>\n\n\n\n<p>\u201eNa z\u00e1v\u011bre\u010dn\u00e9 okruhy se mnou z\u016fstali vep\u0159edu Dominik Neuman a Michael Boro\u0161. Kluci jeli tempo a j\u00e1 m\u011bl v pl\u00e1nu za to vz\u00edt v posledn\u00edm kopci a vypracovat si co nejv\u011bt\u0161\u00ed n\u00e1skok. To se na\u0161t\u011bst\u00ed povedlo. Kdy\u017e jsem si v\u010dera tra\u0165 projel, tu\u0161il jsem, \u017ee by mi to mohlo sed\u011bt. V\u011bd\u011bl jsem, \u017ee kdy\u017e z\u016fstanu s\u00e1m naho\u0159e, mus\u00edm m\u00edt rychl\u00e9 jezdce co nejd\u00e1l za sebou a jet co nejl\u00edp z kopce, proto\u017ee v dlouh\u00e9 c\u00edlov\u00e9 rovince bych nemusel b\u00fdt nejrychlej\u0161\u00ed. Jsem r\u00e1d, \u017ee se to povedlo p\u0159esn\u011b tak, jak jsme si to napl\u00e1novali,\u201c hodnotil v\u00fdkon \u0164oupal\u00edk.<\/p>\n\n\n\n<p>O v\u00edkendu \u010dekaj\u00ed sestavu Elkov Kasper dom\u00e1c\u00ed otv\u00edr\u00e1ky silni\u010dn\u00ed sez\u00f3ny Trofeo Cinelli v Hlohovci a \u0160KODA Cup Velk\u00e1 B\u00edte\u0161 \u2013 Brno \u2013 Velk\u00e1 B\u00edte\u0161.<\/p>\n\n\n\n<p>V\u00fdsledky:<\/p>\n\n\n\n<p>1. A. \u0164oupal\u00edk (\u010cR) 3:31:44, 2. Fioerelli (It.), 3. Fink\u0161t (Slovin.), 4. Tolio (It.), 5. Hopkins (Austr.), 6. Budzinski (Pol.) v\u0161ichni +2, &#8230;36. Neuman +30, 51. Boro\u0161 +1:44, 57. Obdr\u017e\u00e1lek +2:03, 71. Luke\u0161 +4:40, 75. \u0158eha (v\u0161ichni \u010cR).<\/p>\n\n\n\n<p>FOTO Tom\u00e1\u0161 Ondr\u00e1\u010dek<\/p>\n","protected":false},"excerpt":{"rendered":"<p>V z\u00e1vod\u011b UCI kategorie 1.2 na 154 kilometr\u016f ve Slovinsku si p\u0159ipsal jezdec \u010desk\u00e9 st\u00e1je Elkov Kasper Adam \u0164oupal\u00edk u\u017e druh\u00e9 v\u00edt\u011bzstv\u00ed v sez\u00f3n\u011b a jen v b\u0159eznu nasb\u00edral u\u017e p\u011bt p\u00f3diov\u00fdch um\u00edst\u011bn\u00ed a 143 UCI bod\u016f. \u010cesk\u00fd jezdec za\u00fato\u010dil p\u0159ed vrcholem posledn\u00edho stoup\u00e1n\u00ed a c\u00edlem projel s n\u00e1skokem dvou vte\u0159in. Z\u00e1vodn\u00edci st\u00e1je Elkov Kasper [&hellip;]<\/p>\n","protected":false},"author":8,"featured_media":15350,"comment_status":"closed","ping_status":"open","sticky":false,"template":"","format":"standard","meta":{"footnotes":""},"categories":[2,18],"tags":[11],"class_list":["post-15349","post","type-post","status-publish","format-standard","has-post-thumbnail","hentry","category-novinky","category-silnice","tag-silnice"],"_links":{"self":[{"href":"https:\/\/www.czechcyclingfederation.com\/en\/wp-json\/wp\/v2\/posts\/15349","targetHints":{"allow":["GET"]}}],"collection":[{"href":"https:\/\/www.czechcyclingfederation.com\/en\/wp-json\/wp\/v2\/posts"}],"about":[{"href":"https:\/\/www.czechcyclingfederation.com\/en\/wp-json\/wp\/v2\/types\/post"}],"author":[{"embeddable":true,"href":"https:\/\/www.czechcyclingfederation.com\/en\/wp-json\/wp\/v2\/users\/8"}],"replies":[{"embeddable":true,"href":"https:\/\/www.czechcyclingfederation.com\/en\/wp-json\/wp\/v2\/comments?post=15349"}],"version-history":[{"count":1,"href":"https:\/\/www.czechcyclingfederation.com\/en\/wp-json\/wp\/v2\/posts\/15349\/revisions"}],"predecessor-version":[{"id":15351,"href":"https:\/\/www.czechcyclingfederation.com\/en\/wp-json\/wp\/v2\/posts\/15349\/revisions\/15351"}],"wp:featuredmedia":[{"embeddable":true,"href":"https:\/\/www.czechcyclingfederation.com\/en\/wp-json\/wp\/v2\/media\/15350"}],"wp:attachment":[{"href":"https:\/\/www.czechcyclingfederation.com\/en\/wp-json\/wp\/v2\/media?parent=15349"}],"wp:term":[{"taxonomy":"category","embeddable":true,"href":"https:\/\/www.czechcyclingfederation.com\/en\/wp-json\/wp\/v2\/categories?post=15349"},{"taxonomy":"post_tag","embeddable":true,"href":"https:\/\/www.czechcyclingfederation.com\/en\/wp-json\/wp\/v2\/tags?post=15349"}],"curies":[{"name":"wp","href":"https:\/\/api.w.org\/{rel}","templated":true}]}}