{"id":15341,"date":"2023-03-23T10:07:19","date_gmt":"2023-03-23T09:07:19","guid":{"rendered":"https:\/\/www.czechcyclingfederation.com\/?p=15341"},"modified":"2023-03-23T13:52:31","modified_gmt":"2023-03-23T12:52:31","slug":"cykliste-otviraji-domaci-sezonu-v-hlohovci","status":"publish","type":"post","link":"https:\/\/www.czechcyclingfederation.com\/en\/cykliste-otviraji-domaci-sezonu-v-hlohovci\/","title":{"rendered":"Cyklist\u00e9 otv\u00edraj\u00ed dom\u00e1c\u00ed sezonu v Hlohovci"},"content":{"rendered":"\n<p>Jarn\u00edm mezin\u00e1rodn\u00edm silni\u010dn\u00edm otv\u00edr\u00e1kem je tradi\u010dn\u011b Trofeo Cinelli \u2013 Synett. Term\u00edn je ji\u017e tuto sobotu a vyraz\u00ed zde ke sv\u00e9mu prvn\u00edmu dom\u00e1c\u00edmu startu stovky \u0161pi\u010dkov\u00fdch cyklist\u016f. Od 10:00 budou krou\u017eit na osmikilometrov\u00e9m okruhu mezi Hlohovcem, Valticemi a Lednic\u00ed. O den pozd\u011bji se jede je\u0161t\u011b tradi\u010dn\u011bj\u0161\u00ed Velk\u00e1 B\u00edte\u0161 \u2013 Brno \u2013 Velk\u00e1 B\u00edte\u0161, uvodn\u00ed d\u00edl \u010cesk\u00e9ho poh\u00e1ru \u0160KODA Cup. <\/p>\n\n\n\n<p>&#8220;Krom\u011b nap\u00ednav\u00fdch souboj\u016f zde v\u00edd\u00e1me spousty slavn\u00fdch cyklist\u016f let minul\u00fdch, jako nap\u0159\u00edklad Ji\u0159\u00edho \u0160kodu, Franti\u0161ka Kali\u0161e, Bro\u0148ka \u0160ev\u010d\u00edka a mnoho dal\u0161\u00edch. Slavnostn\u00ed atmosf\u00e9ru v moravsk\u00e9 pohostinnosti si prost\u011b nikdo nechce nechat uj\u00edt,&#8221; \u0159\u00edk\u00e1 za po\u0159adatele Petr Herman.<\/p>\n\n\n\n<p>K vid\u011bn\u00ed budou \u0161pi\u010dkov\u00e9 t\u00fdmy v elitn\u00ed kategorii z domova i okoln\u00edch st\u00e1t\u016f. N\u00e1s t\u011b\u0161\u00ed, \u017ee k n\u00e1m nach\u00e1z\u00ed cestu hlavn\u011b ty dom\u00e1c\u00ed v \u010dele s Elkov \u2013 Kasper, \u010di bikov\u00e9 ikony jako jsou Jaroslav Kulhav\u00fd nebo Pavel Boudn\u00fd,&#8221; pokra\u010duje Herman<\/p>\n\n\n\n<p>V roli hobby jezdc\u016f budou k vid\u011bn\u00ed i b\u00fdval\u00e1 esa kategorie nejpresti\u017en\u011bj\u0161\u00ed. Nap\u0159\u00edklad Tom\u00e1\u0161 Buch\u00e1\u010dek, jeho\u017e syn se letos postav\u00ed na start, nebo Ji\u0159\u00ed Polnick\u00fd. Naopak st\u00e1le v roli elitn\u00edho mu\u017ee se p\u0159edstav\u00ed silni\u010dn\u00ed legenda Jan B\u00e1rta z nedalek\u00e9ho Kyjova \u010dty\u0159n\u00e1sobn\u00fd mistr \u010cR v \u010dasovce jednotlivc\u016f.<\/p>\n\n\n\n<p>Program nab\u00edz\u00ed 4 z\u00e1vodn\u00ed vlny:<\/p>\n\n\n\n<p>9:30 n\u00e1borov\u00fd z\u00e1vod<\/p>\n\n\n\n<p>10:00 hobby cyklist\u00e9, \u017eeny Elite, juniorky a kadeti<\/p>\n\n\n\n<p>12:30 \u017e\u00e1kovsk\u00e9 kategorie a kadetky<\/p>\n\n\n\n<p>14:00 junio\u0159i, mu\u017ei do 23 let a mu\u017ei Elite.<\/p>\n","protected":false},"excerpt":{"rendered":"<p>Jarn\u00edm mezin\u00e1rodn\u00edm silni\u010dn\u00edm otv\u00edr\u00e1kem je tradi\u010dn\u011b Trofeo Cinelli \u2013 Synett. Term\u00edn je ji\u017e tuto sobotu a vyraz\u00ed zde ke sv\u00e9mu prvn\u00edmu dom\u00e1c\u00edmu startu stovky \u0161pi\u010dkov\u00fdch cyklist\u016f. Od 10:00 budou krou\u017eit na osmikilometrov\u00e9m okruhu mezi Hlohovcem, Valticemi a Lednic\u00ed. O den pozd\u011bji se jede je\u0161t\u011b tradi\u010dn\u011bj\u0161\u00ed Velk\u00e1 B\u00edte\u0161 \u2013 Brno \u2013 Velk\u00e1 B\u00edte\u0161, uvodn\u00ed d\u00edl \u010cesk\u00e9ho [&hellip;]<\/p>\n","protected":false},"author":8,"featured_media":15342,"comment_status":"closed","ping_status":"open","sticky":false,"template":"","format":"standard","meta":{"footnotes":""},"categories":[2,18],"tags":[11],"class_list":["post-15341","post","type-post","status-publish","format-standard","has-post-thumbnail","hentry","category-novinky","category-silnice","tag-silnice"],"_links":{"self":[{"href":"https:\/\/www.czechcyclingfederation.com\/en\/wp-json\/wp\/v2\/posts\/15341","targetHints":{"allow":["GET"]}}],"collection":[{"href":"https:\/\/www.czechcyclingfederation.com\/en\/wp-json\/wp\/v2\/posts"}],"about":[{"href":"https:\/\/www.czechcyclingfederation.com\/en\/wp-json\/wp\/v2\/types\/post"}],"author":[{"embeddable":true,"href":"https:\/\/www.czechcyclingfederation.com\/en\/wp-json\/wp\/v2\/users\/8"}],"replies":[{"embeddable":true,"href":"https:\/\/www.czechcyclingfederation.com\/en\/wp-json\/wp\/v2\/comments?post=15341"}],"version-history":[{"count":1,"href":"https:\/\/www.czechcyclingfederation.com\/en\/wp-json\/wp\/v2\/posts\/15341\/revisions"}],"predecessor-version":[{"id":15343,"href":"https:\/\/www.czechcyclingfederation.com\/en\/wp-json\/wp\/v2\/posts\/15341\/revisions\/15343"}],"wp:featuredmedia":[{"embeddable":true,"href":"https:\/\/www.czechcyclingfederation.com\/en\/wp-json\/wp\/v2\/media\/15342"}],"wp:attachment":[{"href":"https:\/\/www.czechcyclingfederation.com\/en\/wp-json\/wp\/v2\/media?parent=15341"}],"wp:term":[{"taxonomy":"category","embeddable":true,"href":"https:\/\/www.czechcyclingfederation.com\/en\/wp-json\/wp\/v2\/categories?post=15341"},{"taxonomy":"post_tag","embeddable":true,"href":"https:\/\/www.czechcyclingfederation.com\/en\/wp-json\/wp\/v2\/tags?post=15341"}],"curies":[{"name":"wp","href":"https:\/\/api.w.org\/{rel}","templated":true}]}}