{"id":15337,"date":"2023-03-23T09:13:35","date_gmt":"2023-03-23T08:13:35","guid":{"rendered":"https:\/\/www.czechcyclingfederation.com\/?p=15337"},"modified":"2023-03-23T09:14:09","modified_gmt":"2023-03-23T08:14:09","slug":"druhy-newsletter-cycling-university","status":"publish","type":"post","link":"https:\/\/www.czechcyclingfederation.com\/en\/druhy-newsletter-cycling-university\/","title":{"rendered":"Druh\u00fd newsletter Cycling University"},"content":{"rendered":"\n<p>Cycling University (CU) m\u00e1 za sebou svou prvn\u00ed leto\u0161n\u00ed p\u0159edn\u00e1\u0161ku, a tak jako v\u017edy po n\u00ed n\u00e1sleduje i Newsletter. Ten V\u00e1m p\u0159ibl\u00ed\u017e\u00ed, co v\u0161e bylo t\u00e9matem prvn\u00edho leto\u0161n\u00edho d\u00edlu CU, p\u0159ipomene p\u0159edn\u00e1\u0161ku Jana<strong> <\/strong>M\u00fchlfeita a o novink\u00e1ch v cyklistice V\u00e1s informuje podklad z p\u0159edn\u00e1\u0161ky Viktora Zapletala. Nechyb\u00ed ani rozhovor s Veronikou Kripnerovou, pom\u011brn\u011b novou postavou s\u00e1lov\u00e9 cyklistiky u n\u00e1s i v Evrop\u011b, kter\u00fd jsme V\u00e1m ale ji\u017e na na\u0161em webu p\u0159inesli. V\u00edce info na odkazu n\u00ed\u017ee.<\/p>\n\n\n<div class=\"wp-block-file\">\r\n                <a target=\"_blank\" rel=\"noopener\" href=\"https:\/\/www.czechcyclingfederation.com\/wp-content\/uploads\/2023\/03\/Newsletter-02_2023.pdf\" class=\"wp-block-file__button wp-element-button\">\r\n                    <span class=\"wp-block-file__icon\"><\/span>\r\n                    Newsletter Cycling University 02\/2023\r\n                <\/a>\r\n            <\/div>","protected":false},"excerpt":{"rendered":"<p>Cycling University (CU) m\u00e1 za sebou svou prvn\u00ed leto\u0161n\u00ed p\u0159edn\u00e1\u0161ku, a tak jako v\u017edy po n\u00ed n\u00e1sleduje i Newsletter. Ten V\u00e1m p\u0159ibl\u00ed\u017e\u00ed, co v\u0161e bylo t\u00e9matem prvn\u00edho leto\u0161n\u00edho d\u00edlu CU, p\u0159ipomene p\u0159edn\u00e1\u0161ku Jana M\u00fchlfeita a o novink\u00e1ch v cyklistice V\u00e1s informuje podklad z p\u0159edn\u00e1\u0161ky Viktora Zapletala. Nechyb\u00ed ani rozhovor s Veronikou Kripnerovou, pom\u011brn\u011b novou postavou [&hellip;]<\/p>\n","protected":false},"author":1,"featured_media":14868,"comment_status":"closed","ping_status":"open","sticky":false,"template":"","format":"standard","meta":{"footnotes":""},"categories":[28,23,2,173],"tags":[174],"class_list":["post-15337","post","type-post","status-publish","format-standard","has-post-thumbnail","hentry","category-cesky-svaz-cyklistiky","category-cycling-university","category-novinky","category-vzdelavani","tag-vzdelavani"],"_links":{"self":[{"href":"https:\/\/www.czechcyclingfederation.com\/en\/wp-json\/wp\/v2\/posts\/15337","targetHints":{"allow":["GET"]}}],"collection":[{"href":"https:\/\/www.czechcyclingfederation.com\/en\/wp-json\/wp\/v2\/posts"}],"about":[{"href":"https:\/\/www.czechcyclingfederation.com\/en\/wp-json\/wp\/v2\/types\/post"}],"author":[{"embeddable":true,"href":"https:\/\/www.czechcyclingfederation.com\/en\/wp-json\/wp\/v2\/users\/1"}],"replies":[{"embeddable":true,"href":"https:\/\/www.czechcyclingfederation.com\/en\/wp-json\/wp\/v2\/comments?post=15337"}],"version-history":[{"count":2,"href":"https:\/\/www.czechcyclingfederation.com\/en\/wp-json\/wp\/v2\/posts\/15337\/revisions"}],"predecessor-version":[{"id":15340,"href":"https:\/\/www.czechcyclingfederation.com\/en\/wp-json\/wp\/v2\/posts\/15337\/revisions\/15340"}],"wp:featuredmedia":[{"embeddable":true,"href":"https:\/\/www.czechcyclingfederation.com\/en\/wp-json\/wp\/v2\/media\/14868"}],"wp:attachment":[{"href":"https:\/\/www.czechcyclingfederation.com\/en\/wp-json\/wp\/v2\/media?parent=15337"}],"wp:term":[{"taxonomy":"category","embeddable":true,"href":"https:\/\/www.czechcyclingfederation.com\/en\/wp-json\/wp\/v2\/categories?post=15337"},{"taxonomy":"post_tag","embeddable":true,"href":"https:\/\/www.czechcyclingfederation.com\/en\/wp-json\/wp\/v2\/tags?post=15337"}],"curies":[{"name":"wp","href":"https:\/\/api.w.org\/{rel}","templated":true}]}}