{"id":15286,"date":"2023-03-20T06:30:00","date_gmt":"2023-03-20T05:30:00","guid":{"rendered":"https:\/\/www.czechcyclingfederation.com\/?p=15286"},"modified":"2023-03-18T08:35:52","modified_gmt":"2023-03-18T07:35:52","slug":"bites-jiz-tento-vikend","status":"publish","type":"post","link":"https:\/\/www.czechcyclingfederation.com\/en\/bites-jiz-tento-vikend\/","title":{"rendered":"B\u00edt\u011b\u0161 ji\u017e tento v\u00edkend"},"content":{"rendered":"\n<p>Ji\u017e n\u011bkolik des\u00edtek let je \u010deskou primaverou, tedy z\u00e1vodem, kter\u00fd na ja\u0159e rozt\u00e1\u010d\u00ed koloto\u010d tuzemsk\u00e9 vrcholov\u00e9 silni\u010dn\u00ed cyklistiky, tradi\u010dn\u00ed a mezi elitn\u00edmi z\u00e1vodn\u00edky velmi popul\u00e1rn\u00ed \u201eB\u00edte\u0161\u201c. Z\u00e1vod, jeho\u017e centrem se v\u00a0posledn\u00edch letech stalo Masarykovo n\u00e1m\u011bst\u00ed ve Velk\u00e9 B\u00edte\u0161i, se jezd\u00ed na trase Velk\u00e1 B\u00edte\u0161 \u2013 Brno \u2013 Velk\u00e1 B\u00edte\u0161. Letos jej T\u011blov\u00fdchovn\u00e1 jednota Favorit Brno uspo\u0159\u00e1d\u00e1 v\u00a0ned\u011bli 26. b\u0159ezna ji\u017e po sedma\u010dty\u0159ic\u00e1t\u00e9.<\/p>\n\n\n\n<p>Tato 1. \u010d\u00e1st seri\u00e1lu z\u00e1vod\u016f \u010cesk\u00e9ho poh\u00e1ru v\u00a0silni\u010dn\u00ed cyklistice pod n\u00e1zvem \u0160koda Cup 2023 se kon\u00e1 pod z\u00e1\u0161titou starostky m\u011bsta Velk\u00e1 B\u00edte\u0161 Ing. Mark\u00e9ty Lavick\u00e9. Podoba trasy z\u00e1vodu se od roku 2015, kdy se jezd\u00ed z\u00a0Velk\u00e9 B\u00edte\u0161e, ust\u00e1lila. Na z\u00e1vodn\u00edky tak \u010dek\u00e1 celkem 162 zvln\u011bn\u00fdch kilometr\u016f, ke kter\u00fdm se vydaj\u00ed v\u00a0prav\u00e9 poledne.<\/p>\n\n\n\n<p>\u00davodn\u00ed kilometry je zavedou pod\u00e9l d\u00e1lnice D1 do Brna, kde na 30. km vystoupaj\u00ed na prvn\u00ed vrcha\u0159skou pr\u00e9mii v\u00a0brn\u011bnsk\u00fdch Kohoutovic\u00edch. Po sjezdu do Bosonoh projedou depem star\u00e9ho Masarykova okruhu a vydaj\u00ed se zp\u011bt na Vyso\u010dinu. Cestou p\u0159es \u0158\u00ed\u010dany a Rosice za obc\u00ed Zast\u00e1vka p\u0159ekonaj\u00ed dal\u0161\u00ed nep\u0159\u00edjemn\u00e9 stoup\u00e1n\u00ed, na jeho\u017e vrcholu budou celkem 2x bojovat o body do sout\u011b\u017ee o nejlep\u0161\u00edho vrcha\u0159e z\u00e1vodu. Po prvn\u00edm pr\u016fjezdu c\u00edlov\u00fdm prostorem ve Velk\u00e9 B\u00edte\u0161i, kde budou pro zm\u011bnu ka\u017ed\u00e9 kolo br\u00e1t body do sprintersk\u00e9 sout\u011b\u017ee, se vydaj\u00ed na zkr\u00e1cen\u00fd okruh p\u0159es \u0158\u00ed\u010dany, Rosice a Zast\u00e1vku zp\u011bt do B\u00edte\u0161e. Z\u00e1v\u011bre\u010dn\u00e9 kilometry si odkrou\u017e\u00ed na necel\u00e9m 18 kilometr\u016f dlouh\u00e9m okruhu severoz\u00e1padn\u011b od Velk\u00e9 B\u00edte\u0161e, kter\u00fd absolvuj\u00ed 3x. Na zvln\u011bn\u00e9m \u00faseku, kde z\u00e1vod obvykle znep\u0159\u00edjem\u0148uje siln\u00fd bo\u010dn\u00ed v\u00edtr, mezi Vlkovem, Osovou B\u00edt\u00fd\u0161kou a tzv. K\u0159eptovsk\u00fdm Dvorem, se v\u00a0posledn\u00edch letech z\u00e1vod zpravidla rozhoduje.<\/p>\n\n\n\n<div class=\"wp-block-image\"><figure class=\"aligncenter size-large is-resized\"><img loading=\"lazy\" decoding=\"async\" src=\"https:\/\/www.czechcyclingfederation.com\/wp-content\/uploads\/2023\/03\/m-1024x662.png\" alt=\"\" class=\"wp-image-15287\" width=\"591\" height=\"381\" srcset=\"https:\/\/www.czechcyclingfederation.com\/wp-content\/uploads\/2023\/03\/m-1024x662.png 1024w, https:\/\/www.czechcyclingfederation.com\/wp-content\/uploads\/2023\/03\/m-300x194.png 300w, https:\/\/www.czechcyclingfederation.com\/wp-content\/uploads\/2023\/03\/m-768x496.png 768w, https:\/\/www.czechcyclingfederation.com\/wp-content\/uploads\/2023\/03\/m-1536x993.png 1536w, https:\/\/www.czechcyclingfederation.com\/wp-content\/uploads\/2023\/03\/m-2048x1324.png 2048w, https:\/\/www.czechcyclingfederation.com\/wp-content\/uploads\/2023\/03\/m-1320x853.png 1320w\" sizes=\"auto, (max-width: 591px) 100vw, 591px\" \/><\/figure><\/div>\n\n\n\n<p>Z\u00a0t\u00e9to zvyklosti vybo\u010duje lo\u0148sk\u00fd ro\u010dn\u00edk, kdy se hned na prvn\u00ed vrcha\u0159sk\u00e9 pr\u00e9mii v\u00a0Brn\u011b utvo\u0159ila skupinka t\u0159\u00ed mlad\u00fdch z\u00e1vodn\u00edk\u016f, kter\u00e1 sv\u00e9 \u00fasil\u00ed dot\u00e1hla a\u017e do zd\u00e1rn\u00e9ho konce a vytou\u017een\u00fd c\u00edl jezdci z \u00faniku vid\u011bli o sedm sekund d\u0159\u00edve ne\u017e zbytek hlavn\u00edho pole. Nejrychlej\u0161\u00edm ze v\u0161ech byl nejv\u011bt\u0161\u00ed tuzemsk\u00fd talent posledn\u00edch let Mathias Vacek v\u00a0reprezenta\u010dn\u00edm dresu \u010cR, kter\u00fd v\u0161ak letos v\u00edt\u011bzstv\u00ed obhajovat nebude. Z\u00e1sluhou i tohoto v\u00fdsledku si vyjel smlouvu u profesion\u00e1ln\u00edho americk\u00e9ho WorldTour t\u00fdmu Trek \u2013 Segafredo a s nejv\u011bt\u0161\u00ed pravd\u011bpodobnost\u00ed bude v\u00a0dob\u011b kon\u00e1n\u00ed \u201eB\u00edte\u0161e\u201c z\u00e1vodit ve sv\u011btov\u00e9m pelotonu.<\/p>\n\n\n\n<p>Otev\u00edr\u00e1 se tak mo\u017enost dal\u0161\u00edm z\u00e1vodn\u00edk\u016fm. Na startu lze o\u010dek\u00e1vat mno\u017estv\u00ed zahrani\u010dn\u00edch \u00fa\u010dastn\u00edk\u016f zejm\u00e9na z\u00a0Polska a Slovenska. P\u0159edb\u011b\u017en\u00e1 startovn\u00ed listina se uzav\u00edr\u00e1 p\u00e1r dn\u00ed p\u0159ed startem, proto konkr\u00e9tn\u00ed jm\u00e9na zat\u00edm nezn\u00e1me. Z\u00a0pohledu \u010desk\u00e9ho div\u00e1ka bude velmi zaj\u00edmav\u00fd souboj mezi dlouhodob\u011b nejsiln\u011bj\u0161\u00edm \u010desk\u00fdm t\u00fdmem kr\u00e1lov\u00e9hradeck\u00fdm Elkov-Kasper, kter\u00fd pro leto\u0161n\u00ed sez\u00f3nu hodn\u011b omladil, a dal\u0161\u00edm v\u00fdchodo\u010desk\u00fdm t\u00fdmem ATT Investments, jen\u017e naopak p\u0159es zimu pos\u00edlil o zku\u0161en\u00e9 jezdce, z\u00a0nich\u017e n\u011bkte\u0159\u00ed maj\u00ed zku\u0161enosti i z\u00a0italsk\u00e9ho Gira a \u0161pan\u011blsk\u00e9 Vuelty. Ambice si d\u011bl\u00e1 tak\u00e9 dom\u00e1c\u00ed t\u00fdm Favoritu Brno, jeho\u017e jezdce z\u00e1vodem provede tren\u00e9r Ji\u0159\u00ed Hochmann, v\u00edt\u011bz \u201eB\u00edte\u0161e\u201c z\u00a0roku 2009.<\/p>\n\n\n\n<p>Favorit Brno byl jedn\u00edm z prvn\u00edch po\u0159adatel\u016f, kter\u00fd v\u00a0roce 2016 zajistil internetov\u00fd LIVE p\u0159enos z\u00a0cyklistick\u00fdch z\u00e1vod\u016f u n\u00e1s. A od t\u00e9 doby v\u00a0tom ka\u017ed\u00fdm rokem pokra\u010duje a sna\u017e\u00ed se p\u0159enos st\u00e1le vylep\u0161ovat. Ten bude mo\u017en\u00e9 sledovat na webu\u00a0Roadcycling.cz\u00a0nebo na youtube kan\u00e1lu SportSoft Timing. K vid\u011bn\u00ed bude tak\u00e9 na hbbTV\/www vys\u00edl\u00e1n\u00ed \u010cT Sport.\u00a0<\/p>\n\n\n\n<p>Na Masarykov\u011b n\u00e1m\u011bst\u00ed ve Velk\u00e9 B\u00edte\u0161i bude um\u00edst\u011bna velkoplo\u0161n\u00e1 LED obrazovka, na kter\u00e9 bude p\u0159enos z\u00e1vodu, kter\u00fdm bude p\u0159\u00edmo z\u00a0n\u00e1m\u011bst\u00ed prov\u00e1zet Josef Kratina, sportovn\u00ed koment\u00e1tor Eurosportu a \u010cesk\u00e9 televize, vys\u00edl\u00e1n. O z\u00e1bavu se bude starat moder\u00e1tor r\u00e1dia Kiss a Signal Lud\u011bk \u201eSavana\u201c Urb\u00e1nek se svou kapelou Papakult.<\/p>\n\n\n\n<div class=\"wp-block-image\"><figure class=\"aligncenter size-large is-resized\"><img loading=\"lazy\" decoding=\"async\" src=\"https:\/\/www.czechcyclingfederation.com\/wp-content\/uploads\/2023\/03\/m-2-724x1024.png\" alt=\"\" class=\"wp-image-15289\" width=\"610\" height=\"863\" srcset=\"https:\/\/www.czechcyclingfederation.com\/wp-content\/uploads\/2023\/03\/m-2-724x1024.png 724w, https:\/\/www.czechcyclingfederation.com\/wp-content\/uploads\/2023\/03\/m-2-141x200.png 141w, https:\/\/www.czechcyclingfederation.com\/wp-content\/uploads\/2023\/03\/m-2-768x1086.png 768w, https:\/\/www.czechcyclingfederation.com\/wp-content\/uploads\/2023\/03\/m-2-1086x1536.png 1086w, https:\/\/www.czechcyclingfederation.com\/wp-content\/uploads\/2023\/03\/m-2-1320x1867.png 1320w, https:\/\/www.czechcyclingfederation.com\/wp-content\/uploads\/2023\/03\/m-2.png 1414w\" sizes=\"auto, (max-width: 610px) 100vw, 610px\" \/><\/figure><\/div>\n","protected":false},"excerpt":{"rendered":"<p>Ji\u017e n\u011bkolik des\u00edtek let je \u010deskou primaverou, tedy z\u00e1vodem, kter\u00fd na ja\u0159e rozt\u00e1\u010d\u00ed koloto\u010d tuzemsk\u00e9 vrcholov\u00e9 silni\u010dn\u00ed cyklistiky, tradi\u010dn\u00ed a mezi elitn\u00edmi z\u00e1vodn\u00edky velmi popul\u00e1rn\u00ed \u201eB\u00edte\u0161\u201c. Z\u00e1vod, jeho\u017e centrem se v\u00a0posledn\u00edch letech stalo Masarykovo n\u00e1m\u011bst\u00ed ve Velk\u00e9 B\u00edte\u0161i, se jezd\u00ed na trase Velk\u00e1 B\u00edte\u0161 \u2013 Brno \u2013 Velk\u00e1 B\u00edte\u0161. Letos jej T\u011blov\u00fdchovn\u00e1 jednota Favorit Brno [&hellip;]<\/p>\n","protected":false},"author":1,"featured_media":15288,"comment_status":"closed","ping_status":"open","sticky":false,"template":"","format":"standard","meta":{"footnotes":""},"categories":[17,2,18],"tags":[11],"class_list":["post-15286","post","type-post","status-publish","format-standard","has-post-thumbnail","hentry","category-discipliny","category-novinky","category-silnice","tag-silnice"],"_links":{"self":[{"href":"https:\/\/www.czechcyclingfederation.com\/en\/wp-json\/wp\/v2\/posts\/15286","targetHints":{"allow":["GET"]}}],"collection":[{"href":"https:\/\/www.czechcyclingfederation.com\/en\/wp-json\/wp\/v2\/posts"}],"about":[{"href":"https:\/\/www.czechcyclingfederation.com\/en\/wp-json\/wp\/v2\/types\/post"}],"author":[{"embeddable":true,"href":"https:\/\/www.czechcyclingfederation.com\/en\/wp-json\/wp\/v2\/users\/1"}],"replies":[{"embeddable":true,"href":"https:\/\/www.czechcyclingfederation.com\/en\/wp-json\/wp\/v2\/comments?post=15286"}],"version-history":[{"count":1,"href":"https:\/\/www.czechcyclingfederation.com\/en\/wp-json\/wp\/v2\/posts\/15286\/revisions"}],"predecessor-version":[{"id":15290,"href":"https:\/\/www.czechcyclingfederation.com\/en\/wp-json\/wp\/v2\/posts\/15286\/revisions\/15290"}],"wp:featuredmedia":[{"embeddable":true,"href":"https:\/\/www.czechcyclingfederation.com\/en\/wp-json\/wp\/v2\/media\/15288"}],"wp:attachment":[{"href":"https:\/\/www.czechcyclingfederation.com\/en\/wp-json\/wp\/v2\/media?parent=15286"}],"wp:term":[{"taxonomy":"category","embeddable":true,"href":"https:\/\/www.czechcyclingfederation.com\/en\/wp-json\/wp\/v2\/categories?post=15286"},{"taxonomy":"post_tag","embeddable":true,"href":"https:\/\/www.czechcyclingfederation.com\/en\/wp-json\/wp\/v2\/tags?post=15286"}],"curies":[{"name":"wp","href":"https:\/\/api.w.org\/{rel}","templated":true}]}}