{"id":15281,"date":"2023-03-17T22:48:57","date_gmt":"2023-03-17T21:48:57","guid":{"rendered":"https:\/\/www.czechcyclingfederation.com\/?p=15281"},"modified":"2023-03-17T22:48:59","modified_gmt":"2023-03-17T21:48:59","slug":"sevcikova-skoncila-na-sp-osma-v-omniu","status":"publish","type":"post","link":"https:\/\/www.czechcyclingfederation.com\/en\/sevcikova-skoncila-na-sp-osma-v-omniu\/","title":{"rendered":"\u0160ev\u010d\u00edkov\u00e1 skon\u010dila na SP osm\u00e1 v omniu"},"content":{"rendered":"\n<p>Velmi slu\u0161n\u00e9 osm\u00e9 m\u00edsto vybojovala v\u00a0omniu p\u0159i druh\u00e9m d\u00edlu Nations Cupu v\u00a0K\u00e1hi\u0159e \u010desk\u00e1 dr\u00e1ha\u0159ka Petra \u0160ev\u010d\u00edkov\u00e1. Ostatn\u00ed na\u0161i jezdci do po\u0159ad\u00ed nejlep\u0161\u00edch nepromluvili.<\/p>\n\n\n\n<p>Sprinter Martin \u010cechman jako posledn\u00ed z&nbsp;kvalifikace postoupil do vy\u0159azovac\u00edch boj\u016f, ale hned v&nbsp;prvn\u00edm kole byl nad jeho s\u00edly Kaija Ota z&nbsp;Japonska, Dominik Topinka skon\u010dil t\u0159ic\u00e1t\u00fd. V&nbsp;keirinu \u017een Anna i Veronika Jaborn\u00edkovi v prvn\u00ed j\u00edzd\u011b skon\u010dily na p\u00e1t\u00fdch m\u00edstech a neusp\u011bly ani v&nbsp;oprav\u00e1ch. Kvalifikace byla kone\u010dnou i pro Milana Kadlece s Janem Vone\u0161em v&nbsp;madisonu. Skon\u010dili des\u00e1t\u00ed, tedy prvn\u00ed nepostupuj\u00edc\u00ed do fin\u00e1le.<\/p>\n\n\n\n<p>V\u00fdsledky:<\/p>\n\n\n\n<p>Mu\u017ei:<\/p>\n\n\n\n<p>Sprint:<\/p>\n\n\n\n<p>Fin\u00e1le: Lavreysen (Niz.) &#8211; Jakovlev (Izr.) 2:0, o 3. m\u00edsto: Ota (Jap.) &#8211; Rudyk (Pol.) 2:0, &#8230;28. \u010cechman, 30. Topinka (oba \u010cR).<\/p>\n\n\n\n<p>Madison:<\/p>\n\n\n\n<p>1. Reinhardt, Kluge (N\u011bm.) 44, 2. van Schip, Hoppezak (Niz.) 38, 3. Jackson, Sexton (N. Z\u00e9l.) 35, 4. van der Bossche, Ghys (Belg.) 29, 5. Viviani, Scartezzini (It.) 28, 6. Mora Vedri, Torres Barcelo (\u0160p.) 24.<\/p>\n\n\n\n<p>\u017deny:<\/p>\n\n\n\n<p>Omnium:<\/p>\n\n\n\n<p>1. Wollastonov\u00e1 (N. Z\u00e9l.) 139, 2. Berteauov\u00e1 (Fr.) 131, 3. Dideriksenov\u00e1 (D\u00e1n.) 116, 4. Valenteov\u00e1 (USA) 112, 5. van der Duimov\u00e1 (Niz.) 110, 6. Stenbergov\u00e1 (Nor.) 100, &#8230;8. \u0160ev\u010d\u00edkov\u00e1 (\u010cR) 71.<\/p>\n\n\n\n<p>Keirin:<\/p>\n\n\n\n<p>1. Satoov\u00e1 (Jap.), 2. Degrendeleov\u00e1 (Belg.), 3. Probsterov\u00e1 (N\u011bm.), 4. Kouameov\u00e1 (Fr.), 5. Umekawaov\u00e1 (Jap.), 6. van der Wouwov\u00e1 (Niz.), &#8230;19. V. Jaborn\u00edkov\u00e1, 27. A. Jaborn\u00edkov\u00e1 (ob\u011b \u010cR).<\/p>\n\n\n\n<figure class=\"wp-block-image size-large\"><img loading=\"lazy\" decoding=\"async\" width=\"1024\" height=\"722\" src=\"http:\/\/www.czechcyclingfederation.com\/wp-content\/uploads\/2023\/03\/Sevcikova-EMN_6797-1024x722.jpg\" alt=\"\" class=\"wp-image-15282\" srcset=\"https:\/\/www.czechcyclingfederation.com\/wp-content\/uploads\/2023\/03\/Sevcikova-EMN_6797-1024x722.jpg 1024w, https:\/\/www.czechcyclingfederation.com\/wp-content\/uploads\/2023\/03\/Sevcikova-EMN_6797-284x200.jpg 284w, https:\/\/www.czechcyclingfederation.com\/wp-content\/uploads\/2023\/03\/Sevcikova-EMN_6797-768x541.jpg 768w, https:\/\/www.czechcyclingfederation.com\/wp-content\/uploads\/2023\/03\/Sevcikova-EMN_6797-1536x1082.jpg 1536w, https:\/\/www.czechcyclingfederation.com\/wp-content\/uploads\/2023\/03\/Sevcikova-EMN_6797-2048x1443.jpg 2048w, https:\/\/www.czechcyclingfederation.com\/wp-content\/uploads\/2023\/03\/Sevcikova-EMN_6797-1320x930.jpg 1320w\" sizes=\"auto, (max-width: 1024px) 100vw, 1024px\" \/><\/figure>\n","protected":false},"excerpt":{"rendered":"<p>Velmi slu\u0161n\u00e9 osm\u00e9 m\u00edsto vybojovala v\u00a0omniu p\u0159i druh\u00e9m d\u00edlu Nations Cupu v\u00a0K\u00e1hi\u0159e \u010desk\u00e1 dr\u00e1ha\u0159ka Petra \u0160ev\u010d\u00edkov\u00e1. Ostatn\u00ed na\u0161i jezdci do po\u0159ad\u00ed nejlep\u0161\u00edch nepromluvili. Sprinter Martin \u010cechman jako posledn\u00ed z&nbsp;kvalifikace postoupil do vy\u0159azovac\u00edch boj\u016f, ale hned v&nbsp;prvn\u00edm kole byl nad jeho s\u00edly Kaija Ota z&nbsp;Japonska, Dominik Topinka skon\u010dil t\u0159ic\u00e1t\u00fd. V&nbsp;keirinu \u017een Anna i Veronika Jaborn\u00edkovi v [&hellip;]<\/p>\n","protected":false},"author":8,"featured_media":15283,"comment_status":"closed","ping_status":"open","sticky":false,"template":"","format":"standard","meta":{"footnotes":""},"categories":[54,2],"tags":[9],"class_list":["post-15281","post","type-post","status-publish","format-standard","has-post-thumbnail","hentry","category-draha","category-novinky","tag-draha"],"_links":{"self":[{"href":"https:\/\/www.czechcyclingfederation.com\/en\/wp-json\/wp\/v2\/posts\/15281","targetHints":{"allow":["GET"]}}],"collection":[{"href":"https:\/\/www.czechcyclingfederation.com\/en\/wp-json\/wp\/v2\/posts"}],"about":[{"href":"https:\/\/www.czechcyclingfederation.com\/en\/wp-json\/wp\/v2\/types\/post"}],"author":[{"embeddable":true,"href":"https:\/\/www.czechcyclingfederation.com\/en\/wp-json\/wp\/v2\/users\/8"}],"replies":[{"embeddable":true,"href":"https:\/\/www.czechcyclingfederation.com\/en\/wp-json\/wp\/v2\/comments?post=15281"}],"version-history":[{"count":1,"href":"https:\/\/www.czechcyclingfederation.com\/en\/wp-json\/wp\/v2\/posts\/15281\/revisions"}],"predecessor-version":[{"id":15284,"href":"https:\/\/www.czechcyclingfederation.com\/en\/wp-json\/wp\/v2\/posts\/15281\/revisions\/15284"}],"wp:featuredmedia":[{"embeddable":true,"href":"https:\/\/www.czechcyclingfederation.com\/en\/wp-json\/wp\/v2\/media\/15283"}],"wp:attachment":[{"href":"https:\/\/www.czechcyclingfederation.com\/en\/wp-json\/wp\/v2\/media?parent=15281"}],"wp:term":[{"taxonomy":"category","embeddable":true,"href":"https:\/\/www.czechcyclingfederation.com\/en\/wp-json\/wp\/v2\/categories?post=15281"},{"taxonomy":"post_tag","embeddable":true,"href":"https:\/\/www.czechcyclingfederation.com\/en\/wp-json\/wp\/v2\/tags?post=15281"}],"curies":[{"name":"wp","href":"https:\/\/api.w.org\/{rel}","templated":true}]}}